{"id":399,"date":"2026-08-11T19:30:09","date_gmt":"2026-08-11T17:30:09","guid":{"rendered":"https:\/\/latribunenews.com\/?p=399"},"modified":"2026-08-12T01:15:33","modified_gmt":"2026-08-11T23:15:33","slug":"une-diplomatie-daction-et-davenir-raina-forbin-renforce-le-partenariat-avec-loea-et-mise-sur-la-jeunesse","status":"publish","type":"post","link":"https:\/\/latribunenews.com\/index.php\/2026\/08\/11\/une-diplomatie-daction-et-davenir-raina-forbin-renforce-le-partenariat-avec-loea-et-mise-sur-la-jeunesse\/","title":{"rendered":"Une diplomatie d\u2019action et d\u2019avenir : Raina Forbin renforce le partenariat avec l\u2019OEA et mise sur la jeunesse"},"content":{"rendered":"\r\n<p class=\"wp-block-paragraph\">Son Excellence Madame Raina Forbin, Ministre des Affaires \u00c9trang\u00e8res et des Cultes, poursuit avec d\u00e9termination une diplomatie active, constructive et r\u00e9solument orient\u00e9e vers la d\u00e9fense des int\u00e9r\u00eats d\u2019Ha\u00efti et l\u2019ouverture de nouvelles perspectives pour le pays.<\/p>\r\n\r\n\r\n\r\n<p class=\"wp-block-paragraph\">Le lundi 10 ao\u00fbt 2026, la Chanceli\u00e8re a re\u00e7u les copies figur\u00e9es des lettres de cr\u00e9ance de Madame Catherine Pognat, nouvelle Repr\u00e9sentante r\u00e9sidente du Secr\u00e9taire g\u00e9n\u00e9ral de l\u2019Organisation des \u00c9tats am\u00e9ricains (OEA) en Ha\u00efti. Cette rencontre de haut niveau a permis de r\u00e9affirmer l\u2019importance du partenariat entre Ha\u00efti et l\u2019OEA et d\u2019examiner les voies concr\u00e8tes permettant de renforcer la coop\u00e9ration et de soutenir les priorit\u00e9s nationales.<\/p>\r\n\r\n\r\n\r\n<p class=\"wp-block-paragraph\">Les \u00e9changes ont \u00e9galement port\u00e9 sur la visite, pr\u00e9vue du 16 au 19 ao\u00fbt, d\u2019une importante d\u00e9l\u00e9gation conduite par le Secr\u00e9taire g\u00e9n\u00e9ral de l\u2019OEA, Albert Ramdin, r\u00e9unissant des repr\u00e9sentants de l\u2019Organisation ainsi que plusieurs partenaires internationaux. Cette d\u00e9marche illustre la volont\u00e9 de la Chancellerie, sous le leadership de la Ministre Forbin, de maintenir un dialogue diplomatique soutenu et de positionner Ha\u00efti au c\u0153ur des discussions portant sur son avenir.<\/p>\r\n\r\n\r\n\r\n<p class=\"wp-block-paragraph\">Particuli\u00e8rement remarquable, l\u2019attention port\u00e9e par la Ministre \u00e0 la jeunesse ha\u00eftienne constitue un volet majeur de cette dynamique. \u00c0 sa demande et en accord avec la Repr\u00e9sentante r\u00e9sidente, des stages au sein de la Mission de l\u2019OEA en Ha\u00efti seront mis en place au b\u00e9n\u00e9fice de jeunes universitaires. Cette initiative vise \u00e0 rapprocher la jeunesse ha\u00eftienne des organisations internationales, \u00e0 mettre en valeur ses talents et \u00e0 lui offrir des exp\u00e9riences professionnelles susceptibles de renforcer son parcours et ses perspectives d\u2019avenir.<\/p>\r\n\r\n\r\n\r\n<p class=\"wp-block-paragraph\">En sa qualit\u00e9 de Ministre des Affaires \u00c9trang\u00e8res trang\u00e8res et des Cultes, Mme Raina Forbin entend \u00e9galement mobiliser la force de dialogue et d\u2019influence des leaders religieux au service de la paix, de la coh\u00e9sion sociale et de la stabilit\u00e9 du pays. Les initiatives de concertation engag\u00e9es avec ces acteurs, notamment autour de l\u2019encadrement de la jeunesse et du processus \u00e9lectoral, t\u00e9moignent d\u2019une volont\u00e9 d\u2019associer les diff\u00e9rentes composantes de la soci\u00e9t\u00e9 ha\u00eftienne \u00e0 la recherche de solutions durables.<\/p>\r\n\r\n\r\n\r\n<p class=\"wp-block-paragraph\">\u00c0 travers ces diff\u00e9rentes initiatives, la Ministre Raina Forbin imprime une dynamique qui conjugue exigence diplomatique, coop\u00e9ration internationale, \u00e9coute, responsabilit\u00e9 et investissement dans la jeunesse. Son action traduit une vision o\u00f9 la diplomatie ne se limite pas aux relations entre \u00c9tats, mais devient \u00e9galement un v\u00e9ritable levier d\u2019opportunit\u00e9s, de rayonnement et d\u2019esp\u00e9rance pour la nouvelle g\u00e9n\u00e9ration ha\u00eftienne.<\/p>\r\n","protected":false},"excerpt":{"rendered":"<p>Son Excellence Madame Raina Forbin, Ministre des Affaires \u00c9trang\u00e8res et des Cultes, poursuit avec d\u00e9termination une diplomatie active, constructive et r\u00e9solument orient\u00e9e vers la d\u00e9fense des int\u00e9r\u00eats d\u2019Ha\u00efti et l\u2019ouverture&hellip;<\/p>\n","protected":false},"author":1,"featured_media":400,"comment_status":"open","ping_status":"open","sticky":false,"template":"","format":"standard","meta":{"footnotes":""},"categories":[29],"tags":[],"class_list":["post-399","post","type-post","status-publish","format-standard","has-post-thumbnail","hentry","category-actualites"],"yoast_head":"<!-- This site is optimized with the Yoast SEO plugin v28.3 - https:\/\/yoast.com\/product\/yoast-seo-wordpress\/ -->\n<title>Une diplomatie d\u2019action et d\u2019avenir : Raina Forbin renforce le partenariat avec l\u2019OEA et mise sur la jeunesse - LA TRIBUNE NEWS<\/title>\n<meta name=\"robots\" content=\"index, follow, max-snippet:-1, max-image-preview:large, max-video-preview:-1\" \/>\n<link rel=\"canonical\" href=\"https:\/\/latribunenews.com\/index.php\/2026\/08\/11\/une-diplomatie-daction-et-davenir-raina-forbin-renforce-le-partenariat-avec-loea-et-mise-sur-la-jeunesse\/\" \/>\n<meta property=\"og:locale\" content=\"en_US\" \/>\n<meta property=\"og:type\" content=\"article\" \/>\n<meta property=\"og:title\" content=\"Une diplomatie d\u2019action et d\u2019avenir : Raina Forbin renforce le partenariat avec l\u2019OEA et mise sur la jeunesse - LA TRIBUNE NEWS\" \/>\n<meta property=\"og:description\" content=\"Son Excellence Madame Raina Forbin, Ministre des Affaires \u00c9trang\u00e8res et des Cultes, poursuit avec d\u00e9termination une diplomatie active, constructive et r\u00e9solument orient\u00e9e vers la d\u00e9fense des int\u00e9r\u00eats d\u2019Ha\u00efti et l\u2019ouverture&hellip;\" \/>\n<meta property=\"og:url\" content=\"https:\/\/latribunenews.com\/index.php\/2026\/08\/11\/une-diplomatie-daction-et-davenir-raina-forbin-renforce-le-partenariat-avec-loea-et-mise-sur-la-jeunesse\/\" \/>\n<meta property=\"og:site_name\" content=\"LA TRIBUNE NEWS\" \/>\n<meta property=\"article:published_time\" content=\"2026-08-11T17:30:09+00:00\" \/>\n<meta property=\"article:modified_time\" content=\"2026-08-11T23:15:33+00:00\" \/>\n<meta property=\"og:image\" content=\"https:\/\/latribunenews.com\/wp-content\/uploads\/2026\/08\/ac4865ee-8c77-4d40-a884-1481103011d1.jpeg\" \/>\n\t<meta property=\"og:image:width\" content=\"1015\" \/>\n\t<meta property=\"og:image:height\" content=\"740\" \/>\n\t<meta property=\"og:image:type\" content=\"image\/jpeg\" \/>\n<meta name=\"author\" content=\"La Tribune News\" \/>\n<meta name=\"twitter:card\" content=\"summary_large_image\" \/>\n<meta name=\"twitter:label1\" content=\"Written by\" \/>\n\t<meta name=\"twitter:data1\" content=\"La Tribune News\" \/>\n\t<meta name=\"twitter:label2\" content=\"Est. reading time\" \/>\n\t<meta name=\"twitter:data2\" content=\"3 minutes\" \/>\n<script type=\"application\/ld+json\" class=\"yoast-schema-graph\">{\"@context\":\"https:\\\/\\\/schema.org\",\"@graph\":[{\"@type\":\"Article\",\"@id\":\"https:\\\/\\\/latribunenews.com\\\/index.php\\\/2026\\\/08\\\/11\\\/une-diplomatie-daction-et-davenir-raina-forbin-renforce-le-partenariat-avec-loea-et-mise-sur-la-jeunesse\\\/#article\",\"isPartOf\":{\"@id\":\"https:\\\/\\\/latribunenews.com\\\/index.php\\\/2026\\\/08\\\/11\\\/une-diplomatie-daction-et-davenir-raina-forbin-renforce-le-partenariat-avec-loea-et-mise-sur-la-jeunesse\\\/\"},\"author\":{\"name\":\"La Tribune News\",\"@id\":\"https:\\\/\\\/latribunenews.com\\\/#\\\/schema\\\/person\\\/80e6390c7f17ddf6d4800d8312efdff9\"},\"headline\":\"Une diplomatie d\u2019action et d\u2019avenir : Raina Forbin renforce le partenariat avec l\u2019OEA et mise sur la jeunesse\",\"datePublished\":\"2026-08-11T17:30:09+00:00\",\"dateModified\":\"2026-08-11T23:15:33+00:00\",\"mainEntityOfPage\":{\"@id\":\"https:\\\/\\\/latribunenews.com\\\/index.php\\\/2026\\\/08\\\/11\\\/une-diplomatie-daction-et-davenir-raina-forbin-renforce-le-partenariat-avec-loea-et-mise-sur-la-jeunesse\\\/\"},\"wordCount\":477,\"commentCount\":0,\"publisher\":{\"@id\":\"https:\\\/\\\/latribunenews.com\\\/#organization\"},\"image\":{\"@id\":\"https:\\\/\\\/latribunenews.com\\\/index.php\\\/2026\\\/08\\\/11\\\/une-diplomatie-daction-et-davenir-raina-forbin-renforce-le-partenariat-avec-loea-et-mise-sur-la-jeunesse\\\/#primaryimage\"},\"thumbnailUrl\":\"https:\\\/\\\/latribunenews.com\\\/wp-content\\\/uploads\\\/2026\\\/08\\\/ac4865ee-8c77-4d40-a884-1481103011d1.jpeg\",\"articleSection\":[\"Actualit\u00e9s\"],\"inLanguage\":\"en-US\",\"potentialAction\":[{\"@type\":\"CommentAction\",\"name\":\"Comment\",\"target\":[\"https:\\\/\\\/latribunenews.com\\\/index.php\\\/2026\\\/08\\\/11\\\/une-diplomatie-daction-et-davenir-raina-forbin-renforce-le-partenariat-avec-loea-et-mise-sur-la-jeunesse\\\/#respond\"]}]},{\"@type\":\"WebPage\",\"@id\":\"https:\\\/\\\/latribunenews.com\\\/index.php\\\/2026\\\/08\\\/11\\\/une-diplomatie-daction-et-davenir-raina-forbin-renforce-le-partenariat-avec-loea-et-mise-sur-la-jeunesse\\\/\",\"url\":\"https:\\\/\\\/latribunenews.com\\\/index.php\\\/2026\\\/08\\\/11\\\/une-diplomatie-daction-et-davenir-raina-forbin-renforce-le-partenariat-avec-loea-et-mise-sur-la-jeunesse\\\/\",\"name\":\"Une diplomatie d\u2019action et d\u2019avenir : Raina Forbin renforce le partenariat avec l\u2019OEA et mise sur la jeunesse - LA TRIBUNE NEWS\",\"isPartOf\":{\"@id\":\"https:\\\/\\\/latribunenews.com\\\/#website\"},\"primaryImageOfPage\":{\"@id\":\"https:\\\/\\\/latribunenews.com\\\/index.php\\\/2026\\\/08\\\/11\\\/une-diplomatie-daction-et-davenir-raina-forbin-renforce-le-partenariat-avec-loea-et-mise-sur-la-jeunesse\\\/#primaryimage\"},\"image\":{\"@id\":\"https:\\\/\\\/latribunenews.com\\\/index.php\\\/2026\\\/08\\\/11\\\/une-diplomatie-daction-et-davenir-raina-forbin-renforce-le-partenariat-avec-loea-et-mise-sur-la-jeunesse\\\/#primaryimage\"},\"thumbnailUrl\":\"https:\\\/\\\/latribunenews.com\\\/wp-content\\\/uploads\\\/2026\\\/08\\\/ac4865ee-8c77-4d40-a884-1481103011d1.jpeg\",\"datePublished\":\"2026-08-11T17:30:09+00:00\",\"dateModified\":\"2026-08-11T23:15:33+00:00\",\"breadcrumb\":{\"@id\":\"https:\\\/\\\/latribunenews.com\\\/index.php\\\/2026\\\/08\\\/11\\\/une-diplomatie-daction-et-davenir-raina-forbin-renforce-le-partenariat-avec-loea-et-mise-sur-la-jeunesse\\\/#breadcrumb\"},\"inLanguage\":\"en-US\",\"potentialAction\":[{\"@type\":\"ReadAction\",\"target\":[\"https:\\\/\\\/latribunenews.com\\\/index.php\\\/2026\\\/08\\\/11\\\/une-diplomatie-daction-et-davenir-raina-forbin-renforce-le-partenariat-avec-loea-et-mise-sur-la-jeunesse\\\/\"]}]},{\"@type\":\"ImageObject\",\"inLanguage\":\"en-US\",\"@id\":\"https:\\\/\\\/latribunenews.com\\\/index.php\\\/2026\\\/08\\\/11\\\/une-diplomatie-daction-et-davenir-raina-forbin-renforce-le-partenariat-avec-loea-et-mise-sur-la-jeunesse\\\/#primaryimage\",\"url\":\"https:\\\/\\\/latribunenews.com\\\/wp-content\\\/uploads\\\/2026\\\/08\\\/ac4865ee-8c77-4d40-a884-1481103011d1.jpeg\",\"contentUrl\":\"https:\\\/\\\/latribunenews.com\\\/wp-content\\\/uploads\\\/2026\\\/08\\\/ac4865ee-8c77-4d40-a884-1481103011d1.jpeg\",\"width\":1015,\"height\":740},{\"@type\":\"BreadcrumbList\",\"@id\":\"https:\\\/\\\/latribunenews.com\\\/index.php\\\/2026\\\/08\\\/11\\\/une-diplomatie-daction-et-davenir-raina-forbin-renforce-le-partenariat-avec-loea-et-mise-sur-la-jeunesse\\\/#breadcrumb\",\"itemListElement\":[{\"@type\":\"ListItem\",\"position\":1,\"name\":\"Home\",\"item\":\"https:\\\/\\\/latribunenews.com\\\/\"},{\"@type\":\"ListItem\",\"position\":2,\"name\":\"Une diplomatie d\u2019action et d\u2019avenir : Raina Forbin renforce le partenariat avec l\u2019OEA et mise sur la jeunesse\"}]},{\"@type\":\"WebSite\",\"@id\":\"https:\\\/\\\/latribunenews.com\\\/#website\",\"url\":\"https:\\\/\\\/latribunenews.com\\\/\",\"name\":\"LA TRIBUNE NEWS\",\"description\":\"L&#039;INFO\",\"publisher\":{\"@id\":\"https:\\\/\\\/latribunenews.com\\\/#organization\"},\"potentialAction\":[{\"@type\":\"SearchAction\",\"target\":{\"@type\":\"EntryPoint\",\"urlTemplate\":\"https:\\\/\\\/latribunenews.com\\\/?s={search_term_string}\"},\"query-input\":{\"@type\":\"PropertyValueSpecification\",\"valueRequired\":true,\"valueName\":\"search_term_string\"}}],\"inLanguage\":\"en-US\"},{\"@type\":\"Organization\",\"@id\":\"https:\\\/\\\/latribunenews.com\\\/#organization\",\"name\":\"LA TRIBUNE NEWS\",\"url\":\"https:\\\/\\\/latribunenews.com\\\/\",\"logo\":{\"@type\":\"ImageObject\",\"inLanguage\":\"en-US\",\"@id\":\"https:\\\/\\\/latribunenews.com\\\/#\\\/schema\\\/logo\\\/image\\\/\",\"url\":\"https:\\\/\\\/latribunenews.com\\\/wp-content\\\/uploads\\\/2026\\\/08\\\/cropped-LOGO-LA-TRITUBE.png\",\"contentUrl\":\"https:\\\/\\\/latribunenews.com\\\/wp-content\\\/uploads\\\/2026\\\/08\\\/cropped-LOGO-LA-TRITUBE.png\",\"width\":1254,\"height\":766,\"caption\":\"LA TRIBUNE NEWS\"},\"image\":{\"@id\":\"https:\\\/\\\/latribunenews.com\\\/#\\\/schema\\\/logo\\\/image\\\/\"}},{\"@type\":\"Person\",\"@id\":\"https:\\\/\\\/latribunenews.com\\\/#\\\/schema\\\/person\\\/80e6390c7f17ddf6d4800d8312efdff9\",\"name\":\"La Tribune News\",\"image\":{\"@type\":\"ImageObject\",\"inLanguage\":\"en-US\",\"@id\":\"https:\\\/\\\/secure.gravatar.com\\\/avatar\\\/3f4acc70b63ca0076cf232c0b3931e57bcf757c06f357d5ebc1b7077f6872e95?s=96&d=mm&r=g\",\"url\":\"https:\\\/\\\/secure.gravatar.com\\\/avatar\\\/3f4acc70b63ca0076cf232c0b3931e57bcf757c06f357d5ebc1b7077f6872e95?s=96&d=mm&r=g\",\"contentUrl\":\"https:\\\/\\\/secure.gravatar.com\\\/avatar\\\/3f4acc70b63ca0076cf232c0b3931e57bcf757c06f357d5ebc1b7077f6872e95?s=96&d=mm&r=g\",\"caption\":\"La Tribune News\"},\"sameAs\":[\"https:\\\/\\\/latribunenews.com\"],\"url\":\"https:\\\/\\\/latribunenews.com\\\/index.php\\\/author\\\/admin\\\/\"}]}<\/script>\n<!-- \/ Yoast SEO plugin. -->","yoast_head_json":{"title":"Une diplomatie d\u2019action et d\u2019avenir : Raina Forbin renforce le partenariat avec l\u2019OEA et mise sur la jeunesse - LA TRIBUNE NEWS","robots":{"index":"index","follow":"follow","max-snippet":"max-snippet:-1","max-image-preview":"max-image-preview:large","max-video-preview":"max-video-preview:-1"},"canonical":"https:\/\/latribunenews.com\/index.php\/2026\/08\/11\/une-diplomatie-daction-et-davenir-raina-forbin-renforce-le-partenariat-avec-loea-et-mise-sur-la-jeunesse\/","og_locale":"en_US","og_type":"article","og_title":"Une diplomatie d\u2019action et d\u2019avenir : Raina Forbin renforce le partenariat avec l\u2019OEA et mise sur la jeunesse - LA TRIBUNE NEWS","og_description":"Son Excellence Madame Raina Forbin, Ministre des Affaires \u00c9trang\u00e8res et des Cultes, poursuit avec d\u00e9termination une diplomatie active, constructive et r\u00e9solument orient\u00e9e vers la d\u00e9fense des int\u00e9r\u00eats d\u2019Ha\u00efti et l\u2019ouverture&hellip;","og_url":"https:\/\/latribunenews.com\/index.php\/2026\/08\/11\/une-diplomatie-daction-et-davenir-raina-forbin-renforce-le-partenariat-avec-loea-et-mise-sur-la-jeunesse\/","og_site_name":"LA TRIBUNE NEWS","article_published_time":"2026-08-11T17:30:09+00:00","article_modified_time":"2026-08-11T23:15:33+00:00","og_image":[{"width":1015,"height":740,"url":"https:\/\/latribunenews.com\/wp-content\/uploads\/2026\/08\/ac4865ee-8c77-4d40-a884-1481103011d1.jpeg","type":"image\/jpeg"}],"author":"La Tribune News","twitter_card":"summary_large_image","twitter_misc":{"Written by":"La Tribune News","Est. reading time":"3 minutes"},"schema":{"@context":"https:\/\/schema.org","@graph":[{"@type":"Article","@id":"https:\/\/latribunenews.com\/index.php\/2026\/08\/11\/une-diplomatie-daction-et-davenir-raina-forbin-renforce-le-partenariat-avec-loea-et-mise-sur-la-jeunesse\/#article","isPartOf":{"@id":"https:\/\/latribunenews.com\/index.php\/2026\/08\/11\/une-diplomatie-daction-et-davenir-raina-forbin-renforce-le-partenariat-avec-loea-et-mise-sur-la-jeunesse\/"},"author":{"name":"La Tribune News","@id":"https:\/\/latribunenews.com\/#\/schema\/person\/80e6390c7f17ddf6d4800d8312efdff9"},"headline":"Une diplomatie d\u2019action et d\u2019avenir : Raina Forbin renforce le partenariat avec l\u2019OEA et mise sur la jeunesse","datePublished":"2026-08-11T17:30:09+00:00","dateModified":"2026-08-11T23:15:33+00:00","mainEntityOfPage":{"@id":"https:\/\/latribunenews.com\/index.php\/2026\/08\/11\/une-diplomatie-daction-et-davenir-raina-forbin-renforce-le-partenariat-avec-loea-et-mise-sur-la-jeunesse\/"},"wordCount":477,"commentCount":0,"publisher":{"@id":"https:\/\/latribunenews.com\/#organization"},"image":{"@id":"https:\/\/latribunenews.com\/index.php\/2026\/08\/11\/une-diplomatie-daction-et-davenir-raina-forbin-renforce-le-partenariat-avec-loea-et-mise-sur-la-jeunesse\/#primaryimage"},"thumbnailUrl":"https:\/\/latribunenews.com\/wp-content\/uploads\/2026\/08\/ac4865ee-8c77-4d40-a884-1481103011d1.jpeg","articleSection":["Actualit\u00e9s"],"inLanguage":"en-US","potentialAction":[{"@type":"CommentAction","name":"Comment","target":["https:\/\/latribunenews.com\/index.php\/2026\/08\/11\/une-diplomatie-daction-et-davenir-raina-forbin-renforce-le-partenariat-avec-loea-et-mise-sur-la-jeunesse\/#respond"]}]},{"@type":"WebPage","@id":"https:\/\/latribunenews.com\/index.php\/2026\/08\/11\/une-diplomatie-daction-et-davenir-raina-forbin-renforce-le-partenariat-avec-loea-et-mise-sur-la-jeunesse\/","url":"https:\/\/latribunenews.com\/index.php\/2026\/08\/11\/une-diplomatie-daction-et-davenir-raina-forbin-renforce-le-partenariat-avec-loea-et-mise-sur-la-jeunesse\/","name":"Une diplomatie d\u2019action et d\u2019avenir : Raina Forbin renforce le partenariat avec l\u2019OEA et mise sur la jeunesse - LA TRIBUNE NEWS","isPartOf":{"@id":"https:\/\/latribunenews.com\/#website"},"primaryImageOfPage":{"@id":"https:\/\/latribunenews.com\/index.php\/2026\/08\/11\/une-diplomatie-daction-et-davenir-raina-forbin-renforce-le-partenariat-avec-loea-et-mise-sur-la-jeunesse\/#primaryimage"},"image":{"@id":"https:\/\/latribunenews.com\/index.php\/2026\/08\/11\/une-diplomatie-daction-et-davenir-raina-forbin-renforce-le-partenariat-avec-loea-et-mise-sur-la-jeunesse\/#primaryimage"},"thumbnailUrl":"https:\/\/latribunenews.com\/wp-content\/uploads\/2026\/08\/ac4865ee-8c77-4d40-a884-1481103011d1.jpeg","datePublished":"2026-08-11T17:30:09+00:00","dateModified":"2026-08-11T23:15:33+00:00","breadcrumb":{"@id":"https:\/\/latribunenews.com\/index.php\/2026\/08\/11\/une-diplomatie-daction-et-davenir-raina-forbin-renforce-le-partenariat-avec-loea-et-mise-sur-la-jeunesse\/#breadcrumb"},"inLanguage":"en-US","potentialAction":[{"@type":"ReadAction","target":["https:\/\/latribunenews.com\/index.php\/2026\/08\/11\/une-diplomatie-daction-et-davenir-raina-forbin-renforce-le-partenariat-avec-loea-et-mise-sur-la-jeunesse\/"]}]},{"@type":"ImageObject","inLanguage":"en-US","@id":"https:\/\/latribunenews.com\/index.php\/2026\/08\/11\/une-diplomatie-daction-et-davenir-raina-forbin-renforce-le-partenariat-avec-loea-et-mise-sur-la-jeunesse\/#primaryimage","url":"https:\/\/latribunenews.com\/wp-content\/uploads\/2026\/08\/ac4865ee-8c77-4d40-a884-1481103011d1.jpeg","contentUrl":"https:\/\/latribunenews.com\/wp-content\/uploads\/2026\/08\/ac4865ee-8c77-4d40-a884-1481103011d1.jpeg","width":1015,"height":740},{"@type":"BreadcrumbList","@id":"https:\/\/latribunenews.com\/index.php\/2026\/08\/11\/une-diplomatie-daction-et-davenir-raina-forbin-renforce-le-partenariat-avec-loea-et-mise-sur-la-jeunesse\/#breadcrumb","itemListElement":[{"@type":"ListItem","position":1,"name":"Home","item":"https:\/\/latribunenews.com\/"},{"@type":"ListItem","position":2,"name":"Une diplomatie d\u2019action et d\u2019avenir : Raina Forbin renforce le partenariat avec l\u2019OEA et mise sur la jeunesse"}]},{"@type":"WebSite","@id":"https:\/\/latribunenews.com\/#website","url":"https:\/\/latribunenews.com\/","name":"LA TRIBUNE NEWS","description":"L&#039;INFO","publisher":{"@id":"https:\/\/latribunenews.com\/#organization"},"potentialAction":[{"@type":"SearchAction","target":{"@type":"EntryPoint","urlTemplate":"https:\/\/latribunenews.com\/?s={search_term_string}"},"query-input":{"@type":"PropertyValueSpecification","valueRequired":true,"valueName":"search_term_string"}}],"inLanguage":"en-US"},{"@type":"Organization","@id":"https:\/\/latribunenews.com\/#organization","name":"LA TRIBUNE NEWS","url":"https:\/\/latribunenews.com\/","logo":{"@type":"ImageObject","inLanguage":"en-US","@id":"https:\/\/latribunenews.com\/#\/schema\/logo\/image\/","url":"https:\/\/latribunenews.com\/wp-content\/uploads\/2026\/08\/cropped-LOGO-LA-TRITUBE.png","contentUrl":"https:\/\/latribunenews.com\/wp-content\/uploads\/2026\/08\/cropped-LOGO-LA-TRITUBE.png","width":1254,"height":766,"caption":"LA TRIBUNE NEWS"},"image":{"@id":"https:\/\/latribunenews.com\/#\/schema\/logo\/image\/"}},{"@type":"Person","@id":"https:\/\/latribunenews.com\/#\/schema\/person\/80e6390c7f17ddf6d4800d8312efdff9","name":"La Tribune News","image":{"@type":"ImageObject","inLanguage":"en-US","@id":"https:\/\/secure.gravatar.com\/avatar\/3f4acc70b63ca0076cf232c0b3931e57bcf757c06f357d5ebc1b7077f6872e95?s=96&d=mm&r=g","url":"https:\/\/secure.gravatar.com\/avatar\/3f4acc70b63ca0076cf232c0b3931e57bcf757c06f357d5ebc1b7077f6872e95?s=96&d=mm&r=g","contentUrl":"https:\/\/secure.gravatar.com\/avatar\/3f4acc70b63ca0076cf232c0b3931e57bcf757c06f357d5ebc1b7077f6872e95?s=96&d=mm&r=g","caption":"La Tribune News"},"sameAs":["https:\/\/latribunenews.com"],"url":"https:\/\/latribunenews.com\/index.php\/author\/admin\/"}]}},"_links":{"self":[{"href":"https:\/\/latribunenews.com\/index.php\/wp-json\/wp\/v2\/posts\/399","targetHints":{"allow":["GET"]}}],"collection":[{"href":"https:\/\/latribunenews.com\/index.php\/wp-json\/wp\/v2\/posts"}],"about":[{"href":"https:\/\/latribunenews.com\/index.php\/wp-json\/wp\/v2\/types\/post"}],"author":[{"embeddable":true,"href":"https:\/\/latribunenews.com\/index.php\/wp-json\/wp\/v2\/users\/1"}],"replies":[{"embeddable":true,"href":"https:\/\/latribunenews.com\/index.php\/wp-json\/wp\/v2\/comments?post=399"}],"version-history":[{"count":1,"href":"https:\/\/latribunenews.com\/index.php\/wp-json\/wp\/v2\/posts\/399\/revisions"}],"predecessor-version":[{"id":401,"href":"https:\/\/latribunenews.com\/index.php\/wp-json\/wp\/v2\/posts\/399\/revisions\/401"}],"wp:featuredmedia":[{"embeddable":true,"href":"https:\/\/latribunenews.com\/index.php\/wp-json\/wp\/v2\/media\/400"}],"wp:attachment":[{"href":"https:\/\/latribunenews.com\/index.php\/wp-json\/wp\/v2\/media?parent=399"}],"wp:term":[{"taxonomy":"category","embeddable":true,"href":"https:\/\/latribunenews.com\/index.php\/wp-json\/wp\/v2\/categories?post=399"},{"taxonomy":"post_tag","embeddable":true,"href":"https:\/\/latribunenews.com\/index.php\/wp-json\/wp\/v2\/tags?post=399"}],"curies":[{"name":"wp","href":"https:\/\/api.w.org\/{rel}","templated":true}]}}