{"id":394,"date":"2026-08-10T00:02:05","date_gmt":"2026-08-09T22:02:05","guid":{"rendered":"https:\/\/latribunenews.com\/?p=394"},"modified":"2026-08-12T01:16:08","modified_gmt":"2026-08-11T23:16:08","slug":"limonade-un-nouveau-regroupement-politique-prend-forme-autour-des-forces-vives-du-nord-et-du-nord-est","status":"publish","type":"post","link":"https:\/\/latribunenews.com\/index.php\/2026\/08\/10\/limonade-un-nouveau-regroupement-politique-prend-forme-autour-des-forces-vives-du-nord-et-du-nord-est\/","title":{"rendered":"Limonade : un nouveau regroupement politique prend forme autour des forces vives du Nord et du Nord-Est"},"content":{"rendered":"\r\n<p class=\"wp-block-paragraph\">LIMONADE, Ha\u00efti . &#8211; Plusieurs partis, plateformes et regroupements politiques du Nord et du Nord-Est se sont r\u00e9unis \u00e0 Limonade pour une journ\u00e9e de r\u00e9flexion, de dialogue et de strat\u00e9gie autour des grands enjeux li\u00e9s \u00e0 l\u2019avenir d\u2019Ha\u00efti.<\/p>\r\n\r\n\r\n\r\n<p class=\"wp-block-paragraph\">La rencontre a r\u00e9uni plusieurs personnalit\u00e9s et acteurs de la sc\u00e8ne politique ha\u00eftienne, parmi lesquels l\u2019ancien s\u00e9nateur Simon Dieuseul Desras et le leader de la plateforme en force Pour Sauver l\u2019Honneur, Walson Sanon, dont l\u2019intervention a particuli\u00e8rement marqu\u00e9 les \u00e9changes.<\/p>\r\n\r\n\r\n\r\n<p class=\"wp-block-paragraph\">Prenant la parole devant les participants, Walson Sanon a insist\u00e9 sur la n\u00e9cessit\u00e9 de repenser l\u2019action politique et de favoriser une nouvelle dynamique capable de r\u00e9pondre aux aspirations de la population. Son discours a mis en avant l\u2019importance du rassemblement, de la responsabilit\u00e9 politique et de la recherche de solutions concr\u00e8tes face aux multiples crises que traverse le pays.<\/p>\r\n\r\n\r\n\r\n<p class=\"wp-block-paragraph\">\u00c0 travers cette initiative, plusieurs forces politiques semblent vouloir d\u00e9passer les clivages traditionnels pour explorer de nouvelles possibilit\u00e9s de collaboration et de regroupement. L\u2019objectif affich\u00e9 s\u2019inscrit dans une d\u00e9marche de r\u00e9flexion strat\u00e9gique sur l\u2019avenir politique du pays et sur les moyens de contribuer \u00e0 son redressement.<\/p>\r\n\r\n\r\n\r\n<p class=\"wp-block-paragraph\">La pr\u00e9sence de figures exp\u00e9riment\u00e9es de la politique ha\u00eftienne, aux c\u00f4t\u00e9s de nouveaux acteurs engag\u00e9s dans le d\u00e9bat public, donne \u00e0 cette rencontre une port\u00e9e particuli\u00e8re. Elle traduit une volont\u00e9 de cr\u00e9er un espace de dialogue entre diff\u00e9rentes sensibilit\u00e9s autour d\u2019une vision commune pour Ha\u00efti.<\/p>\r\n\r\n\r\n\r\n<p class=\"wp-block-paragraph\">@WalsonnSanon , par son engagement et la teneur de son intervention, s\u2019est particuli\u00e8rement distingu\u00e9 au cours de cette journ\u00e9e. Le leader du regroupement politique en force Pour Sauver l\u2019Honneur entend ainsi participer activement \u00e0 cette r\u00e9flexion sur la construction d\u2019une nouvelle alternative politique, fond\u00e9e sur le rassemblement, la responsabilit\u00e9 et l\u2019int\u00e9r\u00eat national.<\/p>\r\n","protected":false},"excerpt":{"rendered":"<p>LIMONADE, Ha\u00efti . &#8211; Plusieurs partis, plateformes et regroupements politiques du Nord et du Nord-Est se sont r\u00e9unis \u00e0 Limonade pour une journ\u00e9e de r\u00e9flexion, de dialogue et de strat\u00e9gie&hellip;<\/p>\n","protected":false},"author":1,"featured_media":395,"comment_status":"open","ping_status":"open","sticky":false,"template":"","format":"standard","meta":{"footnotes":""},"categories":[30],"tags":[],"class_list":["post-394","post","type-post","status-publish","format-standard","has-post-thumbnail","hentry","category-politique"],"yoast_head":"<!-- This site is optimized with the Yoast SEO plugin v28.3 - https:\/\/yoast.com\/product\/yoast-seo-wordpress\/ -->\n<title>Limonade : un nouveau regroupement politique prend forme autour des forces vives du Nord et du Nord-Est - LA TRIBUNE NEWS<\/title>\n<meta name=\"robots\" content=\"index, follow, max-snippet:-1, max-image-preview:large, max-video-preview:-1\" \/>\n<link rel=\"canonical\" href=\"https:\/\/latribunenews.com\/index.php\/2026\/08\/10\/limonade-un-nouveau-regroupement-politique-prend-forme-autour-des-forces-vives-du-nord-et-du-nord-est\/\" \/>\n<meta property=\"og:locale\" content=\"en_US\" \/>\n<meta property=\"og:type\" content=\"article\" \/>\n<meta property=\"og:title\" content=\"Limonade : un nouveau regroupement politique prend forme autour des forces vives du Nord et du Nord-Est - LA TRIBUNE NEWS\" \/>\n<meta property=\"og:description\" content=\"LIMONADE, Ha\u00efti . &#8211; Plusieurs partis, plateformes et regroupements politiques du Nord et du Nord-Est se sont r\u00e9unis \u00e0 Limonade pour une journ\u00e9e de r\u00e9flexion, de dialogue et de strat\u00e9gie&hellip;\" \/>\n<meta property=\"og:url\" content=\"https:\/\/latribunenews.com\/index.php\/2026\/08\/10\/limonade-un-nouveau-regroupement-politique-prend-forme-autour-des-forces-vives-du-nord-et-du-nord-est\/\" \/>\n<meta property=\"og:site_name\" content=\"LA TRIBUNE NEWS\" \/>\n<meta property=\"article:published_time\" content=\"2026-08-09T22:02:05+00:00\" \/>\n<meta property=\"article:modified_time\" content=\"2026-08-11T23:16:08+00:00\" \/>\n<meta property=\"og:image\" content=\"https:\/\/latribunenews.com\/wp-content\/uploads\/2026\/08\/photo-output.jpeg\" \/>\n\t<meta property=\"og:image:width\" content=\"1366\" \/>\n\t<meta property=\"og:image:height\" content=\"768\" \/>\n\t<meta property=\"og:image:type\" content=\"image\/jpeg\" \/>\n<meta name=\"author\" content=\"La Tribune News\" \/>\n<meta name=\"twitter:card\" content=\"summary_large_image\" \/>\n<meta name=\"twitter:label1\" content=\"Written by\" \/>\n\t<meta name=\"twitter:data1\" content=\"La Tribune News\" \/>\n\t<meta name=\"twitter:label2\" content=\"Est. reading time\" \/>\n\t<meta name=\"twitter:data2\" content=\"2 minutes\" \/>\n<script type=\"application\/ld+json\" class=\"yoast-schema-graph\">{\"@context\":\"https:\\\/\\\/schema.org\",\"@graph\":[{\"@type\":\"Article\",\"@id\":\"https:\\\/\\\/latribunenews.com\\\/index.php\\\/2026\\\/08\\\/10\\\/limonade-un-nouveau-regroupement-politique-prend-forme-autour-des-forces-vives-du-nord-et-du-nord-est\\\/#article\",\"isPartOf\":{\"@id\":\"https:\\\/\\\/latribunenews.com\\\/index.php\\\/2026\\\/08\\\/10\\\/limonade-un-nouveau-regroupement-politique-prend-forme-autour-des-forces-vives-du-nord-et-du-nord-est\\\/\"},\"author\":{\"name\":\"La Tribune News\",\"@id\":\"https:\\\/\\\/latribunenews.com\\\/#\\\/schema\\\/person\\\/80e6390c7f17ddf6d4800d8312efdff9\"},\"headline\":\"Limonade : un nouveau regroupement politique prend forme autour des forces vives du Nord et du Nord-Est\",\"datePublished\":\"2026-08-09T22:02:05+00:00\",\"dateModified\":\"2026-08-11T23:16:08+00:00\",\"mainEntityOfPage\":{\"@id\":\"https:\\\/\\\/latribunenews.com\\\/index.php\\\/2026\\\/08\\\/10\\\/limonade-un-nouveau-regroupement-politique-prend-forme-autour-des-forces-vives-du-nord-et-du-nord-est\\\/\"},\"wordCount\":344,\"commentCount\":0,\"publisher\":{\"@id\":\"https:\\\/\\\/latribunenews.com\\\/#organization\"},\"image\":{\"@id\":\"https:\\\/\\\/latribunenews.com\\\/index.php\\\/2026\\\/08\\\/10\\\/limonade-un-nouveau-regroupement-politique-prend-forme-autour-des-forces-vives-du-nord-et-du-nord-est\\\/#primaryimage\"},\"thumbnailUrl\":\"https:\\\/\\\/latribunenews.com\\\/wp-content\\\/uploads\\\/2026\\\/08\\\/photo-output.jpeg\",\"articleSection\":[\"Politique\"],\"inLanguage\":\"en-US\",\"potentialAction\":[{\"@type\":\"CommentAction\",\"name\":\"Comment\",\"target\":[\"https:\\\/\\\/latribunenews.com\\\/index.php\\\/2026\\\/08\\\/10\\\/limonade-un-nouveau-regroupement-politique-prend-forme-autour-des-forces-vives-du-nord-et-du-nord-est\\\/#respond\"]}]},{\"@type\":\"WebPage\",\"@id\":\"https:\\\/\\\/latribunenews.com\\\/index.php\\\/2026\\\/08\\\/10\\\/limonade-un-nouveau-regroupement-politique-prend-forme-autour-des-forces-vives-du-nord-et-du-nord-est\\\/\",\"url\":\"https:\\\/\\\/latribunenews.com\\\/index.php\\\/2026\\\/08\\\/10\\\/limonade-un-nouveau-regroupement-politique-prend-forme-autour-des-forces-vives-du-nord-et-du-nord-est\\\/\",\"name\":\"Limonade : un nouveau regroupement politique prend forme autour des forces vives du Nord et du Nord-Est - LA TRIBUNE NEWS\",\"isPartOf\":{\"@id\":\"https:\\\/\\\/latribunenews.com\\\/#website\"},\"primaryImageOfPage\":{\"@id\":\"https:\\\/\\\/latribunenews.com\\\/index.php\\\/2026\\\/08\\\/10\\\/limonade-un-nouveau-regroupement-politique-prend-forme-autour-des-forces-vives-du-nord-et-du-nord-est\\\/#primaryimage\"},\"image\":{\"@id\":\"https:\\\/\\\/latribunenews.com\\\/index.php\\\/2026\\\/08\\\/10\\\/limonade-un-nouveau-regroupement-politique-prend-forme-autour-des-forces-vives-du-nord-et-du-nord-est\\\/#primaryimage\"},\"thumbnailUrl\":\"https:\\\/\\\/latribunenews.com\\\/wp-content\\\/uploads\\\/2026\\\/08\\\/photo-output.jpeg\",\"datePublished\":\"2026-08-09T22:02:05+00:00\",\"dateModified\":\"2026-08-11T23:16:08+00:00\",\"breadcrumb\":{\"@id\":\"https:\\\/\\\/latribunenews.com\\\/index.php\\\/2026\\\/08\\\/10\\\/limonade-un-nouveau-regroupement-politique-prend-forme-autour-des-forces-vives-du-nord-et-du-nord-est\\\/#breadcrumb\"},\"inLanguage\":\"en-US\",\"potentialAction\":[{\"@type\":\"ReadAction\",\"target\":[\"https:\\\/\\\/latribunenews.com\\\/index.php\\\/2026\\\/08\\\/10\\\/limonade-un-nouveau-regroupement-politique-prend-forme-autour-des-forces-vives-du-nord-et-du-nord-est\\\/\"]}]},{\"@type\":\"ImageObject\",\"inLanguage\":\"en-US\",\"@id\":\"https:\\\/\\\/latribunenews.com\\\/index.php\\\/2026\\\/08\\\/10\\\/limonade-un-nouveau-regroupement-politique-prend-forme-autour-des-forces-vives-du-nord-et-du-nord-est\\\/#primaryimage\",\"url\":\"https:\\\/\\\/latribunenews.com\\\/wp-content\\\/uploads\\\/2026\\\/08\\\/photo-output.jpeg\",\"contentUrl\":\"https:\\\/\\\/latribunenews.com\\\/wp-content\\\/uploads\\\/2026\\\/08\\\/photo-output.jpeg\",\"width\":1366,\"height\":768},{\"@type\":\"BreadcrumbList\",\"@id\":\"https:\\\/\\\/latribunenews.com\\\/index.php\\\/2026\\\/08\\\/10\\\/limonade-un-nouveau-regroupement-politique-prend-forme-autour-des-forces-vives-du-nord-et-du-nord-est\\\/#breadcrumb\",\"itemListElement\":[{\"@type\":\"ListItem\",\"position\":1,\"name\":\"Home\",\"item\":\"https:\\\/\\\/latribunenews.com\\\/\"},{\"@type\":\"ListItem\",\"position\":2,\"name\":\"Limonade : un nouveau regroupement politique prend forme autour des forces vives du Nord et du Nord-Est\"}]},{\"@type\":\"WebSite\",\"@id\":\"https:\\\/\\\/latribunenews.com\\\/#website\",\"url\":\"https:\\\/\\\/latribunenews.com\\\/\",\"name\":\"LA TRIBUNE NEWS\",\"description\":\"L&#039;INFO\",\"publisher\":{\"@id\":\"https:\\\/\\\/latribunenews.com\\\/#organization\"},\"potentialAction\":[{\"@type\":\"SearchAction\",\"target\":{\"@type\":\"EntryPoint\",\"urlTemplate\":\"https:\\\/\\\/latribunenews.com\\\/?s={search_term_string}\"},\"query-input\":{\"@type\":\"PropertyValueSpecification\",\"valueRequired\":true,\"valueName\":\"search_term_string\"}}],\"inLanguage\":\"en-US\"},{\"@type\":\"Organization\",\"@id\":\"https:\\\/\\\/latribunenews.com\\\/#organization\",\"name\":\"LA TRIBUNE NEWS\",\"url\":\"https:\\\/\\\/latribunenews.com\\\/\",\"logo\":{\"@type\":\"ImageObject\",\"inLanguage\":\"en-US\",\"@id\":\"https:\\\/\\\/latribunenews.com\\\/#\\\/schema\\\/logo\\\/image\\\/\",\"url\":\"https:\\\/\\\/latribunenews.com\\\/wp-content\\\/uploads\\\/2026\\\/08\\\/cropped-LOGO-LA-TRITUBE.png\",\"contentUrl\":\"https:\\\/\\\/latribunenews.com\\\/wp-content\\\/uploads\\\/2026\\\/08\\\/cropped-LOGO-LA-TRITUBE.png\",\"width\":1254,\"height\":766,\"caption\":\"LA TRIBUNE NEWS\"},\"image\":{\"@id\":\"https:\\\/\\\/latribunenews.com\\\/#\\\/schema\\\/logo\\\/image\\\/\"}},{\"@type\":\"Person\",\"@id\":\"https:\\\/\\\/latribunenews.com\\\/#\\\/schema\\\/person\\\/80e6390c7f17ddf6d4800d8312efdff9\",\"name\":\"La Tribune News\",\"image\":{\"@type\":\"ImageObject\",\"inLanguage\":\"en-US\",\"@id\":\"https:\\\/\\\/secure.gravatar.com\\\/avatar\\\/3f4acc70b63ca0076cf232c0b3931e57bcf757c06f357d5ebc1b7077f6872e95?s=96&d=mm&r=g\",\"url\":\"https:\\\/\\\/secure.gravatar.com\\\/avatar\\\/3f4acc70b63ca0076cf232c0b3931e57bcf757c06f357d5ebc1b7077f6872e95?s=96&d=mm&r=g\",\"contentUrl\":\"https:\\\/\\\/secure.gravatar.com\\\/avatar\\\/3f4acc70b63ca0076cf232c0b3931e57bcf757c06f357d5ebc1b7077f6872e95?s=96&d=mm&r=g\",\"caption\":\"La Tribune News\"},\"sameAs\":[\"https:\\\/\\\/latribunenews.com\"],\"url\":\"https:\\\/\\\/latribunenews.com\\\/index.php\\\/author\\\/admin\\\/\"}]}<\/script>\n<!-- \/ Yoast SEO plugin. -->","yoast_head_json":{"title":"Limonade : un nouveau regroupement politique prend forme autour des forces vives du Nord et du Nord-Est - LA TRIBUNE NEWS","robots":{"index":"index","follow":"follow","max-snippet":"max-snippet:-1","max-image-preview":"max-image-preview:large","max-video-preview":"max-video-preview:-1"},"canonical":"https:\/\/latribunenews.com\/index.php\/2026\/08\/10\/limonade-un-nouveau-regroupement-politique-prend-forme-autour-des-forces-vives-du-nord-et-du-nord-est\/","og_locale":"en_US","og_type":"article","og_title":"Limonade : un nouveau regroupement politique prend forme autour des forces vives du Nord et du Nord-Est - LA TRIBUNE NEWS","og_description":"LIMONADE, Ha\u00efti . &#8211; Plusieurs partis, plateformes et regroupements politiques du Nord et du Nord-Est se sont r\u00e9unis \u00e0 Limonade pour une journ\u00e9e de r\u00e9flexion, de dialogue et de strat\u00e9gie&hellip;","og_url":"https:\/\/latribunenews.com\/index.php\/2026\/08\/10\/limonade-un-nouveau-regroupement-politique-prend-forme-autour-des-forces-vives-du-nord-et-du-nord-est\/","og_site_name":"LA TRIBUNE NEWS","article_published_time":"2026-08-09T22:02:05+00:00","article_modified_time":"2026-08-11T23:16:08+00:00","og_image":[{"width":1366,"height":768,"url":"https:\/\/latribunenews.com\/wp-content\/uploads\/2026\/08\/photo-output.jpeg","type":"image\/jpeg"}],"author":"La Tribune News","twitter_card":"summary_large_image","twitter_misc":{"Written by":"La Tribune News","Est. reading time":"2 minutes"},"schema":{"@context":"https:\/\/schema.org","@graph":[{"@type":"Article","@id":"https:\/\/latribunenews.com\/index.php\/2026\/08\/10\/limonade-un-nouveau-regroupement-politique-prend-forme-autour-des-forces-vives-du-nord-et-du-nord-est\/#article","isPartOf":{"@id":"https:\/\/latribunenews.com\/index.php\/2026\/08\/10\/limonade-un-nouveau-regroupement-politique-prend-forme-autour-des-forces-vives-du-nord-et-du-nord-est\/"},"author":{"name":"La Tribune News","@id":"https:\/\/latribunenews.com\/#\/schema\/person\/80e6390c7f17ddf6d4800d8312efdff9"},"headline":"Limonade : un nouveau regroupement politique prend forme autour des forces vives du Nord et du Nord-Est","datePublished":"2026-08-09T22:02:05+00:00","dateModified":"2026-08-11T23:16:08+00:00","mainEntityOfPage":{"@id":"https:\/\/latribunenews.com\/index.php\/2026\/08\/10\/limonade-un-nouveau-regroupement-politique-prend-forme-autour-des-forces-vives-du-nord-et-du-nord-est\/"},"wordCount":344,"commentCount":0,"publisher":{"@id":"https:\/\/latribunenews.com\/#organization"},"image":{"@id":"https:\/\/latribunenews.com\/index.php\/2026\/08\/10\/limonade-un-nouveau-regroupement-politique-prend-forme-autour-des-forces-vives-du-nord-et-du-nord-est\/#primaryimage"},"thumbnailUrl":"https:\/\/latribunenews.com\/wp-content\/uploads\/2026\/08\/photo-output.jpeg","articleSection":["Politique"],"inLanguage":"en-US","potentialAction":[{"@type":"CommentAction","name":"Comment","target":["https:\/\/latribunenews.com\/index.php\/2026\/08\/10\/limonade-un-nouveau-regroupement-politique-prend-forme-autour-des-forces-vives-du-nord-et-du-nord-est\/#respond"]}]},{"@type":"WebPage","@id":"https:\/\/latribunenews.com\/index.php\/2026\/08\/10\/limonade-un-nouveau-regroupement-politique-prend-forme-autour-des-forces-vives-du-nord-et-du-nord-est\/","url":"https:\/\/latribunenews.com\/index.php\/2026\/08\/10\/limonade-un-nouveau-regroupement-politique-prend-forme-autour-des-forces-vives-du-nord-et-du-nord-est\/","name":"Limonade : un nouveau regroupement politique prend forme autour des forces vives du Nord et du Nord-Est - LA TRIBUNE NEWS","isPartOf":{"@id":"https:\/\/latribunenews.com\/#website"},"primaryImageOfPage":{"@id":"https:\/\/latribunenews.com\/index.php\/2026\/08\/10\/limonade-un-nouveau-regroupement-politique-prend-forme-autour-des-forces-vives-du-nord-et-du-nord-est\/#primaryimage"},"image":{"@id":"https:\/\/latribunenews.com\/index.php\/2026\/08\/10\/limonade-un-nouveau-regroupement-politique-prend-forme-autour-des-forces-vives-du-nord-et-du-nord-est\/#primaryimage"},"thumbnailUrl":"https:\/\/latribunenews.com\/wp-content\/uploads\/2026\/08\/photo-output.jpeg","datePublished":"2026-08-09T22:02:05+00:00","dateModified":"2026-08-11T23:16:08+00:00","breadcrumb":{"@id":"https:\/\/latribunenews.com\/index.php\/2026\/08\/10\/limonade-un-nouveau-regroupement-politique-prend-forme-autour-des-forces-vives-du-nord-et-du-nord-est\/#breadcrumb"},"inLanguage":"en-US","potentialAction":[{"@type":"ReadAction","target":["https:\/\/latribunenews.com\/index.php\/2026\/08\/10\/limonade-un-nouveau-regroupement-politique-prend-forme-autour-des-forces-vives-du-nord-et-du-nord-est\/"]}]},{"@type":"ImageObject","inLanguage":"en-US","@id":"https:\/\/latribunenews.com\/index.php\/2026\/08\/10\/limonade-un-nouveau-regroupement-politique-prend-forme-autour-des-forces-vives-du-nord-et-du-nord-est\/#primaryimage","url":"https:\/\/latribunenews.com\/wp-content\/uploads\/2026\/08\/photo-output.jpeg","contentUrl":"https:\/\/latribunenews.com\/wp-content\/uploads\/2026\/08\/photo-output.jpeg","width":1366,"height":768},{"@type":"BreadcrumbList","@id":"https:\/\/latribunenews.com\/index.php\/2026\/08\/10\/limonade-un-nouveau-regroupement-politique-prend-forme-autour-des-forces-vives-du-nord-et-du-nord-est\/#breadcrumb","itemListElement":[{"@type":"ListItem","position":1,"name":"Home","item":"https:\/\/latribunenews.com\/"},{"@type":"ListItem","position":2,"name":"Limonade : un nouveau regroupement politique prend forme autour des forces vives du Nord et du Nord-Est"}]},{"@type":"WebSite","@id":"https:\/\/latribunenews.com\/#website","url":"https:\/\/latribunenews.com\/","name":"LA TRIBUNE NEWS","description":"L&#039;INFO","publisher":{"@id":"https:\/\/latribunenews.com\/#organization"},"potentialAction":[{"@type":"SearchAction","target":{"@type":"EntryPoint","urlTemplate":"https:\/\/latribunenews.com\/?s={search_term_string}"},"query-input":{"@type":"PropertyValueSpecification","valueRequired":true,"valueName":"search_term_string"}}],"inLanguage":"en-US"},{"@type":"Organization","@id":"https:\/\/latribunenews.com\/#organization","name":"LA TRIBUNE NEWS","url":"https:\/\/latribunenews.com\/","logo":{"@type":"ImageObject","inLanguage":"en-US","@id":"https:\/\/latribunenews.com\/#\/schema\/logo\/image\/","url":"https:\/\/latribunenews.com\/wp-content\/uploads\/2026\/08\/cropped-LOGO-LA-TRITUBE.png","contentUrl":"https:\/\/latribunenews.com\/wp-content\/uploads\/2026\/08\/cropped-LOGO-LA-TRITUBE.png","width":1254,"height":766,"caption":"LA TRIBUNE NEWS"},"image":{"@id":"https:\/\/latribunenews.com\/#\/schema\/logo\/image\/"}},{"@type":"Person","@id":"https:\/\/latribunenews.com\/#\/schema\/person\/80e6390c7f17ddf6d4800d8312efdff9","name":"La Tribune News","image":{"@type":"ImageObject","inLanguage":"en-US","@id":"https:\/\/secure.gravatar.com\/avatar\/3f4acc70b63ca0076cf232c0b3931e57bcf757c06f357d5ebc1b7077f6872e95?s=96&d=mm&r=g","url":"https:\/\/secure.gravatar.com\/avatar\/3f4acc70b63ca0076cf232c0b3931e57bcf757c06f357d5ebc1b7077f6872e95?s=96&d=mm&r=g","contentUrl":"https:\/\/secure.gravatar.com\/avatar\/3f4acc70b63ca0076cf232c0b3931e57bcf757c06f357d5ebc1b7077f6872e95?s=96&d=mm&r=g","caption":"La Tribune News"},"sameAs":["https:\/\/latribunenews.com"],"url":"https:\/\/latribunenews.com\/index.php\/author\/admin\/"}]}},"_links":{"self":[{"href":"https:\/\/latribunenews.com\/index.php\/wp-json\/wp\/v2\/posts\/394","targetHints":{"allow":["GET"]}}],"collection":[{"href":"https:\/\/latribunenews.com\/index.php\/wp-json\/wp\/v2\/posts"}],"about":[{"href":"https:\/\/latribunenews.com\/index.php\/wp-json\/wp\/v2\/types\/post"}],"author":[{"embeddable":true,"href":"https:\/\/latribunenews.com\/index.php\/wp-json\/wp\/v2\/users\/1"}],"replies":[{"embeddable":true,"href":"https:\/\/latribunenews.com\/index.php\/wp-json\/wp\/v2\/comments?post=394"}],"version-history":[{"count":1,"href":"https:\/\/latribunenews.com\/index.php\/wp-json\/wp\/v2\/posts\/394\/revisions"}],"predecessor-version":[{"id":396,"href":"https:\/\/latribunenews.com\/index.php\/wp-json\/wp\/v2\/posts\/394\/revisions\/396"}],"wp:featuredmedia":[{"embeddable":true,"href":"https:\/\/latribunenews.com\/index.php\/wp-json\/wp\/v2\/media\/395"}],"wp:attachment":[{"href":"https:\/\/latribunenews.com\/index.php\/wp-json\/wp\/v2\/media?parent=394"}],"wp:term":[{"taxonomy":"category","embeddable":true,"href":"https:\/\/latribunenews.com\/index.php\/wp-json\/wp\/v2\/categories?post=394"},{"taxonomy":"post_tag","embeddable":true,"href":"https:\/\/latribunenews.com\/index.php\/wp-json\/wp\/v2\/tags?post=394"}],"curies":[{"name":"wp","href":"https:\/\/api.w.org\/{rel}","templated":true}]}}