{"id":391,"date":"2026-08-09T20:17:33","date_gmt":"2026-08-09T18:17:33","guid":{"rendered":"https:\/\/latribunenews.com\/?p=391"},"modified":"2026-08-12T01:17:41","modified_gmt":"2026-08-11T23:17:41","slug":"generation-de-la-rupture-et-du-reveil-une-nouvelle-vision-portee-par-une-jeunesse-consciente-et-engagee","status":"publish","type":"post","link":"https:\/\/latribunenews.com\/index.php\/2026\/08\/09\/generation-de-la-rupture-et-du-reveil-une-nouvelle-vision-portee-par-une-jeunesse-consciente-et-engagee\/","title":{"rendered":"G\u00e9n\u00e9ration de la Rupture et du R\u00e9veil : une nouvelle vision port\u00e9e par une jeunesse consciente et engag\u00e9e"},"content":{"rendered":"\r\n<p class=\"wp-block-paragraph\">Face aux vieux clivages politiques qui, au fil des ann\u00e9es, ont contribu\u00e9 aux divisions et aux difficult\u00e9s du pays, la G\u00e9n\u00e9ration de la Rupture et du R\u00e9veil entend incarner une nouvelle dynamique. Elle se veut porteuse d\u2019une jeunesse consciente, engag\u00e9e et d\u00e9termin\u00e9e \u00e0 \u00ab transformer les difficult\u00e9s en opportunit\u00e9s, les divisions en solidarit\u00e9 et les r\u00eaves en projets concrets \u00bb. \u00c0 travers cette d\u00e9marche, le mouvement ambitionne de promouvoir une nouvelle culture politique fond\u00e9e sur la responsabilit\u00e9, le dialogue, l\u2019int\u00e9grit\u00e9, la comp\u00e9tence et le sens du service public.<\/p>\r\n\r\n\r\n\r\n<p class=\"wp-block-paragraph\">Cette vision est notamment port\u00e9e par Bendgy Tilias, ancien Secr\u00e9taire d\u2019\u00c9tat \u00e0 la Communication, qui entend contribuer \u00e0 l\u2019\u00e9mergence d\u2019une nouvelle g\u00e9n\u00e9ration d\u2019acteurs engag\u00e9s dans la vie publique. En effet , la G\u00e9n\u00e9ration de la Rupture et du R\u00e9veil d\u00e9fend l\u2019id\u00e9e d\u2019une rupture avec la r\u00e9signation, la passivit\u00e9 et les pratiques qui ont fragilis\u00e9 la confiance citoyenne, au profit d\u2019une participation plus responsable et d\u2019une gouvernance davantage orient\u00e9e vers l\u2019int\u00e9r\u00eat g\u00e9n\u00e9ral.<\/p>\r\n\r\n\r\n\r\n<p class=\"wp-block-paragraph\">Le \u00ab r\u00e9veil \u00bb renvoie ainsi \u00e0 la volont\u00e9 d\u2019encourager les jeunes Ha\u00eftiens \u00e0 prendre conscience de leur capacit\u00e9 d\u2019action et \u00e0 mettre leur intelligence, leur \u00e9nergie et leurs comp\u00e9tences au service de la collectivit\u00e9. Dans cette perspective, l\u2019engagement politique est pr\u00e9sent\u00e9 non comme une qu\u00eate de pouvoir mais comme un acte de responsabilit\u00e9 envers la soci\u00e9t\u00e9 et les g\u00e9n\u00e9rations futures.<\/p>\r\n\r\n\r\n\r\n<p class=\"wp-block-paragraph\">La G\u00e9n\u00e9ration de la Rupture et du R\u00e9veil se pr\u00e9sente donc comme un mouvement d\u2019id\u00e9es, de valeurs et d\u2019engagement, anim\u00e9 par une volont\u00e9 de renouvellement de la vie publique ha\u00eftienne. Sous l\u2019impulsion de @BendgyTilias , elle invite une nouvelle g\u00e9n\u00e9ration \u00e0 d\u00e9passer les int\u00e9r\u00eats particuliers, \u00e0 renouer avec l\u2019esp\u00e9rance et \u00e0 prendre une part active \u00e0 la construction d\u2019une Ha\u00efti plus moderne, d\u00e9mocratique, solidaire et prosp\u00e8re.<\/p>\r\n","protected":false},"excerpt":{"rendered":"<p>Face aux vieux clivages politiques qui, au fil des ann\u00e9es, ont contribu\u00e9 aux divisions et aux difficult\u00e9s du pays, la G\u00e9n\u00e9ration de la Rupture et du R\u00e9veil entend incarner une&hellip;<\/p>\n","protected":false},"author":1,"featured_media":392,"comment_status":"open","ping_status":"open","sticky":false,"template":"","format":"standard","meta":{"footnotes":""},"categories":[29,30],"tags":[],"class_list":["post-391","post","type-post","status-publish","format-standard","has-post-thumbnail","hentry","category-actualites","category-politique"],"yoast_head":"<!-- This site is optimized with the Yoast SEO plugin v28.3 - https:\/\/yoast.com\/product\/yoast-seo-wordpress\/ -->\n<title>G\u00e9n\u00e9ration de la Rupture et du R\u00e9veil : une nouvelle vision port\u00e9e par une jeunesse consciente et engag\u00e9e - LA TRIBUNE NEWS<\/title>\n<meta name=\"robots\" content=\"index, follow, max-snippet:-1, max-image-preview:large, max-video-preview:-1\" \/>\n<link rel=\"canonical\" href=\"https:\/\/latribunenews.com\/index.php\/2026\/08\/09\/generation-de-la-rupture-et-du-reveil-une-nouvelle-vision-portee-par-une-jeunesse-consciente-et-engagee\/\" \/>\n<meta property=\"og:locale\" content=\"en_US\" \/>\n<meta property=\"og:type\" content=\"article\" \/>\n<meta property=\"og:title\" content=\"G\u00e9n\u00e9ration de la Rupture et du R\u00e9veil : une nouvelle vision port\u00e9e par une jeunesse consciente et engag\u00e9e - LA TRIBUNE NEWS\" \/>\n<meta property=\"og:description\" content=\"Face aux vieux clivages politiques qui, au fil des ann\u00e9es, ont contribu\u00e9 aux divisions et aux difficult\u00e9s du pays, la G\u00e9n\u00e9ration de la Rupture et du R\u00e9veil entend incarner une&hellip;\" \/>\n<meta property=\"og:url\" content=\"https:\/\/latribunenews.com\/index.php\/2026\/08\/09\/generation-de-la-rupture-et-du-reveil-une-nouvelle-vision-portee-par-une-jeunesse-consciente-et-engagee\/\" \/>\n<meta property=\"og:site_name\" content=\"LA TRIBUNE NEWS\" \/>\n<meta property=\"article:published_time\" content=\"2026-08-09T18:17:33+00:00\" \/>\n<meta property=\"article:modified_time\" content=\"2026-08-11T23:17:41+00:00\" \/>\n<meta property=\"og:image\" content=\"https:\/\/latribunenews.com\/wp-content\/uploads\/2026\/08\/IMG_8544.jpeg\" \/>\n\t<meta property=\"og:image:width\" content=\"1170\" \/>\n\t<meta property=\"og:image:height\" content=\"1045\" \/>\n\t<meta property=\"og:image:type\" content=\"image\/jpeg\" \/>\n<meta name=\"author\" content=\"La Tribune News\" \/>\n<meta name=\"twitter:card\" content=\"summary_large_image\" \/>\n<meta name=\"twitter:label1\" content=\"Written by\" \/>\n\t<meta name=\"twitter:data1\" content=\"La Tribune News\" \/>\n\t<meta name=\"twitter:label2\" content=\"Est. reading time\" \/>\n\t<meta name=\"twitter:data2\" content=\"2 minutes\" \/>\n<script type=\"application\/ld+json\" class=\"yoast-schema-graph\">{\"@context\":\"https:\\\/\\\/schema.org\",\"@graph\":[{\"@type\":\"Article\",\"@id\":\"https:\\\/\\\/latribunenews.com\\\/index.php\\\/2026\\\/08\\\/09\\\/generation-de-la-rupture-et-du-reveil-une-nouvelle-vision-portee-par-une-jeunesse-consciente-et-engagee\\\/#article\",\"isPartOf\":{\"@id\":\"https:\\\/\\\/latribunenews.com\\\/index.php\\\/2026\\\/08\\\/09\\\/generation-de-la-rupture-et-du-reveil-une-nouvelle-vision-portee-par-une-jeunesse-consciente-et-engagee\\\/\"},\"author\":{\"name\":\"La Tribune News\",\"@id\":\"https:\\\/\\\/latribunenews.com\\\/#\\\/schema\\\/person\\\/80e6390c7f17ddf6d4800d8312efdff9\"},\"headline\":\"G\u00e9n\u00e9ration de la Rupture et du R\u00e9veil : une nouvelle vision port\u00e9e par une jeunesse consciente et engag\u00e9e\",\"datePublished\":\"2026-08-09T18:17:33+00:00\",\"dateModified\":\"2026-08-11T23:17:41+00:00\",\"mainEntityOfPage\":{\"@id\":\"https:\\\/\\\/latribunenews.com\\\/index.php\\\/2026\\\/08\\\/09\\\/generation-de-la-rupture-et-du-reveil-une-nouvelle-vision-portee-par-une-jeunesse-consciente-et-engagee\\\/\"},\"wordCount\":364,\"commentCount\":0,\"publisher\":{\"@id\":\"https:\\\/\\\/latribunenews.com\\\/#organization\"},\"image\":{\"@id\":\"https:\\\/\\\/latribunenews.com\\\/index.php\\\/2026\\\/08\\\/09\\\/generation-de-la-rupture-et-du-reveil-une-nouvelle-vision-portee-par-une-jeunesse-consciente-et-engagee\\\/#primaryimage\"},\"thumbnailUrl\":\"https:\\\/\\\/latribunenews.com\\\/wp-content\\\/uploads\\\/2026\\\/08\\\/IMG_8544.jpeg\",\"articleSection\":[\"Actualit\u00e9s\",\"Politique\"],\"inLanguage\":\"en-US\",\"potentialAction\":[{\"@type\":\"CommentAction\",\"name\":\"Comment\",\"target\":[\"https:\\\/\\\/latribunenews.com\\\/index.php\\\/2026\\\/08\\\/09\\\/generation-de-la-rupture-et-du-reveil-une-nouvelle-vision-portee-par-une-jeunesse-consciente-et-engagee\\\/#respond\"]}]},{\"@type\":\"WebPage\",\"@id\":\"https:\\\/\\\/latribunenews.com\\\/index.php\\\/2026\\\/08\\\/09\\\/generation-de-la-rupture-et-du-reveil-une-nouvelle-vision-portee-par-une-jeunesse-consciente-et-engagee\\\/\",\"url\":\"https:\\\/\\\/latribunenews.com\\\/index.php\\\/2026\\\/08\\\/09\\\/generation-de-la-rupture-et-du-reveil-une-nouvelle-vision-portee-par-une-jeunesse-consciente-et-engagee\\\/\",\"name\":\"G\u00e9n\u00e9ration de la Rupture et du R\u00e9veil : une nouvelle vision port\u00e9e par une jeunesse consciente et engag\u00e9e - LA TRIBUNE NEWS\",\"isPartOf\":{\"@id\":\"https:\\\/\\\/latribunenews.com\\\/#website\"},\"primaryImageOfPage\":{\"@id\":\"https:\\\/\\\/latribunenews.com\\\/index.php\\\/2026\\\/08\\\/09\\\/generation-de-la-rupture-et-du-reveil-une-nouvelle-vision-portee-par-une-jeunesse-consciente-et-engagee\\\/#primaryimage\"},\"image\":{\"@id\":\"https:\\\/\\\/latribunenews.com\\\/index.php\\\/2026\\\/08\\\/09\\\/generation-de-la-rupture-et-du-reveil-une-nouvelle-vision-portee-par-une-jeunesse-consciente-et-engagee\\\/#primaryimage\"},\"thumbnailUrl\":\"https:\\\/\\\/latribunenews.com\\\/wp-content\\\/uploads\\\/2026\\\/08\\\/IMG_8544.jpeg\",\"datePublished\":\"2026-08-09T18:17:33+00:00\",\"dateModified\":\"2026-08-11T23:17:41+00:00\",\"breadcrumb\":{\"@id\":\"https:\\\/\\\/latribunenews.com\\\/index.php\\\/2026\\\/08\\\/09\\\/generation-de-la-rupture-et-du-reveil-une-nouvelle-vision-portee-par-une-jeunesse-consciente-et-engagee\\\/#breadcrumb\"},\"inLanguage\":\"en-US\",\"potentialAction\":[{\"@type\":\"ReadAction\",\"target\":[\"https:\\\/\\\/latribunenews.com\\\/index.php\\\/2026\\\/08\\\/09\\\/generation-de-la-rupture-et-du-reveil-une-nouvelle-vision-portee-par-une-jeunesse-consciente-et-engagee\\\/\"]}]},{\"@type\":\"ImageObject\",\"inLanguage\":\"en-US\",\"@id\":\"https:\\\/\\\/latribunenews.com\\\/index.php\\\/2026\\\/08\\\/09\\\/generation-de-la-rupture-et-du-reveil-une-nouvelle-vision-portee-par-une-jeunesse-consciente-et-engagee\\\/#primaryimage\",\"url\":\"https:\\\/\\\/latribunenews.com\\\/wp-content\\\/uploads\\\/2026\\\/08\\\/IMG_8544.jpeg\",\"contentUrl\":\"https:\\\/\\\/latribunenews.com\\\/wp-content\\\/uploads\\\/2026\\\/08\\\/IMG_8544.jpeg\",\"width\":1170,\"height\":1045},{\"@type\":\"BreadcrumbList\",\"@id\":\"https:\\\/\\\/latribunenews.com\\\/index.php\\\/2026\\\/08\\\/09\\\/generation-de-la-rupture-et-du-reveil-une-nouvelle-vision-portee-par-une-jeunesse-consciente-et-engagee\\\/#breadcrumb\",\"itemListElement\":[{\"@type\":\"ListItem\",\"position\":1,\"name\":\"Home\",\"item\":\"https:\\\/\\\/latribunenews.com\\\/\"},{\"@type\":\"ListItem\",\"position\":2,\"name\":\"G\u00e9n\u00e9ration de la Rupture et du R\u00e9veil : une nouvelle vision port\u00e9e par une jeunesse consciente et engag\u00e9e\"}]},{\"@type\":\"WebSite\",\"@id\":\"https:\\\/\\\/latribunenews.com\\\/#website\",\"url\":\"https:\\\/\\\/latribunenews.com\\\/\",\"name\":\"LA TRIBUNE NEWS\",\"description\":\"L&#039;INFO\",\"publisher\":{\"@id\":\"https:\\\/\\\/latribunenews.com\\\/#organization\"},\"potentialAction\":[{\"@type\":\"SearchAction\",\"target\":{\"@type\":\"EntryPoint\",\"urlTemplate\":\"https:\\\/\\\/latribunenews.com\\\/?s={search_term_string}\"},\"query-input\":{\"@type\":\"PropertyValueSpecification\",\"valueRequired\":true,\"valueName\":\"search_term_string\"}}],\"inLanguage\":\"en-US\"},{\"@type\":\"Organization\",\"@id\":\"https:\\\/\\\/latribunenews.com\\\/#organization\",\"name\":\"LA TRIBUNE NEWS\",\"url\":\"https:\\\/\\\/latribunenews.com\\\/\",\"logo\":{\"@type\":\"ImageObject\",\"inLanguage\":\"en-US\",\"@id\":\"https:\\\/\\\/latribunenews.com\\\/#\\\/schema\\\/logo\\\/image\\\/\",\"url\":\"https:\\\/\\\/latribunenews.com\\\/wp-content\\\/uploads\\\/2026\\\/08\\\/cropped-LOGO-LA-TRITUBE.png\",\"contentUrl\":\"https:\\\/\\\/latribunenews.com\\\/wp-content\\\/uploads\\\/2026\\\/08\\\/cropped-LOGO-LA-TRITUBE.png\",\"width\":1254,\"height\":766,\"caption\":\"LA TRIBUNE NEWS\"},\"image\":{\"@id\":\"https:\\\/\\\/latribunenews.com\\\/#\\\/schema\\\/logo\\\/image\\\/\"}},{\"@type\":\"Person\",\"@id\":\"https:\\\/\\\/latribunenews.com\\\/#\\\/schema\\\/person\\\/80e6390c7f17ddf6d4800d8312efdff9\",\"name\":\"La Tribune News\",\"image\":{\"@type\":\"ImageObject\",\"inLanguage\":\"en-US\",\"@id\":\"https:\\\/\\\/secure.gravatar.com\\\/avatar\\\/3f4acc70b63ca0076cf232c0b3931e57bcf757c06f357d5ebc1b7077f6872e95?s=96&d=mm&r=g\",\"url\":\"https:\\\/\\\/secure.gravatar.com\\\/avatar\\\/3f4acc70b63ca0076cf232c0b3931e57bcf757c06f357d5ebc1b7077f6872e95?s=96&d=mm&r=g\",\"contentUrl\":\"https:\\\/\\\/secure.gravatar.com\\\/avatar\\\/3f4acc70b63ca0076cf232c0b3931e57bcf757c06f357d5ebc1b7077f6872e95?s=96&d=mm&r=g\",\"caption\":\"La Tribune News\"},\"sameAs\":[\"https:\\\/\\\/latribunenews.com\"],\"url\":\"https:\\\/\\\/latribunenews.com\\\/index.php\\\/author\\\/admin\\\/\"}]}<\/script>\n<!-- \/ Yoast SEO plugin. -->","yoast_head_json":{"title":"G\u00e9n\u00e9ration de la Rupture et du R\u00e9veil : une nouvelle vision port\u00e9e par une jeunesse consciente et engag\u00e9e - LA TRIBUNE NEWS","robots":{"index":"index","follow":"follow","max-snippet":"max-snippet:-1","max-image-preview":"max-image-preview:large","max-video-preview":"max-video-preview:-1"},"canonical":"https:\/\/latribunenews.com\/index.php\/2026\/08\/09\/generation-de-la-rupture-et-du-reveil-une-nouvelle-vision-portee-par-une-jeunesse-consciente-et-engagee\/","og_locale":"en_US","og_type":"article","og_title":"G\u00e9n\u00e9ration de la Rupture et du R\u00e9veil : une nouvelle vision port\u00e9e par une jeunesse consciente et engag\u00e9e - LA TRIBUNE NEWS","og_description":"Face aux vieux clivages politiques qui, au fil des ann\u00e9es, ont contribu\u00e9 aux divisions et aux difficult\u00e9s du pays, la G\u00e9n\u00e9ration de la Rupture et du R\u00e9veil entend incarner une&hellip;","og_url":"https:\/\/latribunenews.com\/index.php\/2026\/08\/09\/generation-de-la-rupture-et-du-reveil-une-nouvelle-vision-portee-par-une-jeunesse-consciente-et-engagee\/","og_site_name":"LA TRIBUNE NEWS","article_published_time":"2026-08-09T18:17:33+00:00","article_modified_time":"2026-08-11T23:17:41+00:00","og_image":[{"width":1170,"height":1045,"url":"https:\/\/latribunenews.com\/wp-content\/uploads\/2026\/08\/IMG_8544.jpeg","type":"image\/jpeg"}],"author":"La Tribune News","twitter_card":"summary_large_image","twitter_misc":{"Written by":"La Tribune News","Est. reading time":"2 minutes"},"schema":{"@context":"https:\/\/schema.org","@graph":[{"@type":"Article","@id":"https:\/\/latribunenews.com\/index.php\/2026\/08\/09\/generation-de-la-rupture-et-du-reveil-une-nouvelle-vision-portee-par-une-jeunesse-consciente-et-engagee\/#article","isPartOf":{"@id":"https:\/\/latribunenews.com\/index.php\/2026\/08\/09\/generation-de-la-rupture-et-du-reveil-une-nouvelle-vision-portee-par-une-jeunesse-consciente-et-engagee\/"},"author":{"name":"La Tribune News","@id":"https:\/\/latribunenews.com\/#\/schema\/person\/80e6390c7f17ddf6d4800d8312efdff9"},"headline":"G\u00e9n\u00e9ration de la Rupture et du R\u00e9veil : une nouvelle vision port\u00e9e par une jeunesse consciente et engag\u00e9e","datePublished":"2026-08-09T18:17:33+00:00","dateModified":"2026-08-11T23:17:41+00:00","mainEntityOfPage":{"@id":"https:\/\/latribunenews.com\/index.php\/2026\/08\/09\/generation-de-la-rupture-et-du-reveil-une-nouvelle-vision-portee-par-une-jeunesse-consciente-et-engagee\/"},"wordCount":364,"commentCount":0,"publisher":{"@id":"https:\/\/latribunenews.com\/#organization"},"image":{"@id":"https:\/\/latribunenews.com\/index.php\/2026\/08\/09\/generation-de-la-rupture-et-du-reveil-une-nouvelle-vision-portee-par-une-jeunesse-consciente-et-engagee\/#primaryimage"},"thumbnailUrl":"https:\/\/latribunenews.com\/wp-content\/uploads\/2026\/08\/IMG_8544.jpeg","articleSection":["Actualit\u00e9s","Politique"],"inLanguage":"en-US","potentialAction":[{"@type":"CommentAction","name":"Comment","target":["https:\/\/latribunenews.com\/index.php\/2026\/08\/09\/generation-de-la-rupture-et-du-reveil-une-nouvelle-vision-portee-par-une-jeunesse-consciente-et-engagee\/#respond"]}]},{"@type":"WebPage","@id":"https:\/\/latribunenews.com\/index.php\/2026\/08\/09\/generation-de-la-rupture-et-du-reveil-une-nouvelle-vision-portee-par-une-jeunesse-consciente-et-engagee\/","url":"https:\/\/latribunenews.com\/index.php\/2026\/08\/09\/generation-de-la-rupture-et-du-reveil-une-nouvelle-vision-portee-par-une-jeunesse-consciente-et-engagee\/","name":"G\u00e9n\u00e9ration de la Rupture et du R\u00e9veil : une nouvelle vision port\u00e9e par une jeunesse consciente et engag\u00e9e - LA TRIBUNE NEWS","isPartOf":{"@id":"https:\/\/latribunenews.com\/#website"},"primaryImageOfPage":{"@id":"https:\/\/latribunenews.com\/index.php\/2026\/08\/09\/generation-de-la-rupture-et-du-reveil-une-nouvelle-vision-portee-par-une-jeunesse-consciente-et-engagee\/#primaryimage"},"image":{"@id":"https:\/\/latribunenews.com\/index.php\/2026\/08\/09\/generation-de-la-rupture-et-du-reveil-une-nouvelle-vision-portee-par-une-jeunesse-consciente-et-engagee\/#primaryimage"},"thumbnailUrl":"https:\/\/latribunenews.com\/wp-content\/uploads\/2026\/08\/IMG_8544.jpeg","datePublished":"2026-08-09T18:17:33+00:00","dateModified":"2026-08-11T23:17:41+00:00","breadcrumb":{"@id":"https:\/\/latribunenews.com\/index.php\/2026\/08\/09\/generation-de-la-rupture-et-du-reveil-une-nouvelle-vision-portee-par-une-jeunesse-consciente-et-engagee\/#breadcrumb"},"inLanguage":"en-US","potentialAction":[{"@type":"ReadAction","target":["https:\/\/latribunenews.com\/index.php\/2026\/08\/09\/generation-de-la-rupture-et-du-reveil-une-nouvelle-vision-portee-par-une-jeunesse-consciente-et-engagee\/"]}]},{"@type":"ImageObject","inLanguage":"en-US","@id":"https:\/\/latribunenews.com\/index.php\/2026\/08\/09\/generation-de-la-rupture-et-du-reveil-une-nouvelle-vision-portee-par-une-jeunesse-consciente-et-engagee\/#primaryimage","url":"https:\/\/latribunenews.com\/wp-content\/uploads\/2026\/08\/IMG_8544.jpeg","contentUrl":"https:\/\/latribunenews.com\/wp-content\/uploads\/2026\/08\/IMG_8544.jpeg","width":1170,"height":1045},{"@type":"BreadcrumbList","@id":"https:\/\/latribunenews.com\/index.php\/2026\/08\/09\/generation-de-la-rupture-et-du-reveil-une-nouvelle-vision-portee-par-une-jeunesse-consciente-et-engagee\/#breadcrumb","itemListElement":[{"@type":"ListItem","position":1,"name":"Home","item":"https:\/\/latribunenews.com\/"},{"@type":"ListItem","position":2,"name":"G\u00e9n\u00e9ration de la Rupture et du R\u00e9veil : une nouvelle vision port\u00e9e par une jeunesse consciente et engag\u00e9e"}]},{"@type":"WebSite","@id":"https:\/\/latribunenews.com\/#website","url":"https:\/\/latribunenews.com\/","name":"LA TRIBUNE NEWS","description":"L&#039;INFO","publisher":{"@id":"https:\/\/latribunenews.com\/#organization"},"potentialAction":[{"@type":"SearchAction","target":{"@type":"EntryPoint","urlTemplate":"https:\/\/latribunenews.com\/?s={search_term_string}"},"query-input":{"@type":"PropertyValueSpecification","valueRequired":true,"valueName":"search_term_string"}}],"inLanguage":"en-US"},{"@type":"Organization","@id":"https:\/\/latribunenews.com\/#organization","name":"LA TRIBUNE NEWS","url":"https:\/\/latribunenews.com\/","logo":{"@type":"ImageObject","inLanguage":"en-US","@id":"https:\/\/latribunenews.com\/#\/schema\/logo\/image\/","url":"https:\/\/latribunenews.com\/wp-content\/uploads\/2026\/08\/cropped-LOGO-LA-TRITUBE.png","contentUrl":"https:\/\/latribunenews.com\/wp-content\/uploads\/2026\/08\/cropped-LOGO-LA-TRITUBE.png","width":1254,"height":766,"caption":"LA TRIBUNE NEWS"},"image":{"@id":"https:\/\/latribunenews.com\/#\/schema\/logo\/image\/"}},{"@type":"Person","@id":"https:\/\/latribunenews.com\/#\/schema\/person\/80e6390c7f17ddf6d4800d8312efdff9","name":"La Tribune News","image":{"@type":"ImageObject","inLanguage":"en-US","@id":"https:\/\/secure.gravatar.com\/avatar\/3f4acc70b63ca0076cf232c0b3931e57bcf757c06f357d5ebc1b7077f6872e95?s=96&d=mm&r=g","url":"https:\/\/secure.gravatar.com\/avatar\/3f4acc70b63ca0076cf232c0b3931e57bcf757c06f357d5ebc1b7077f6872e95?s=96&d=mm&r=g","contentUrl":"https:\/\/secure.gravatar.com\/avatar\/3f4acc70b63ca0076cf232c0b3931e57bcf757c06f357d5ebc1b7077f6872e95?s=96&d=mm&r=g","caption":"La Tribune News"},"sameAs":["https:\/\/latribunenews.com"],"url":"https:\/\/latribunenews.com\/index.php\/author\/admin\/"}]}},"_links":{"self":[{"href":"https:\/\/latribunenews.com\/index.php\/wp-json\/wp\/v2\/posts\/391","targetHints":{"allow":["GET"]}}],"collection":[{"href":"https:\/\/latribunenews.com\/index.php\/wp-json\/wp\/v2\/posts"}],"about":[{"href":"https:\/\/latribunenews.com\/index.php\/wp-json\/wp\/v2\/types\/post"}],"author":[{"embeddable":true,"href":"https:\/\/latribunenews.com\/index.php\/wp-json\/wp\/v2\/users\/1"}],"replies":[{"embeddable":true,"href":"https:\/\/latribunenews.com\/index.php\/wp-json\/wp\/v2\/comments?post=391"}],"version-history":[{"count":1,"href":"https:\/\/latribunenews.com\/index.php\/wp-json\/wp\/v2\/posts\/391\/revisions"}],"predecessor-version":[{"id":393,"href":"https:\/\/latribunenews.com\/index.php\/wp-json\/wp\/v2\/posts\/391\/revisions\/393"}],"wp:featuredmedia":[{"embeddable":true,"href":"https:\/\/latribunenews.com\/index.php\/wp-json\/wp\/v2\/media\/392"}],"wp:attachment":[{"href":"https:\/\/latribunenews.com\/index.php\/wp-json\/wp\/v2\/media?parent=391"}],"wp:term":[{"taxonomy":"category","embeddable":true,"href":"https:\/\/latribunenews.com\/index.php\/wp-json\/wp\/v2\/categories?post=391"},{"taxonomy":"post_tag","embeddable":true,"href":"https:\/\/latribunenews.com\/index.php\/wp-json\/wp\/v2\/tags?post=391"}],"curies":[{"name":"wp","href":"https:\/\/api.w.org\/{rel}","templated":true}]}}