{"id":1966,"date":"2026-09-01T00:55:15","date_gmt":"2026-08-31T22:55:15","guid":{"rendered":"https:\/\/latribunenews.com\/?p=1966"},"modified":"2026-09-01T00:55:15","modified_gmt":"2026-08-31T22:55:15","slug":"haiti-le-ministere-de-la-defense-met-sur-pied-une-commission-ad-hoc-pour-moderniser-les-forces-armees","status":"publish","type":"post","link":"https:\/\/latribunenews.com\/index.php\/2026\/09\/01\/haiti-le-ministere-de-la-defense-met-sur-pied-une-commission-ad-hoc-pour-moderniser-les-forces-armees\/","title":{"rendered":"Ha\u00efti : le minist\u00e8re de la D\u00e9fense met sur pied une commission ad hoc pour moderniser les Forces arm\u00e9es"},"content":{"rendered":"<p>Le minist\u00e8re de la D\u00e9fense, sous la direction du ministre Mario Andr\u00e9sol, a institu\u00e9 une commission ad hoc charg\u00e9e de moderniser le cadre juridique et organisationnel des Forces arm\u00e9es d\u2019Ha\u00efti (FAd\u2019H).<\/p>\n<p>Compos\u00e9e de Wolff Dubic, coordonnateur, de Jean Robert Gabriel, de Wolby-Ted Tesnord, d\u2019Einstein Sabbatinho Simon et de Joseph Wilbert Montgerard, tous membres, cette commission est charg\u00e9e de travailler sur quatre axes couvrant l\u2019ensemble du cadre normatif des FAd\u2019H.<\/p>\n<p>Elle devra notamment revisiter le cadre organique du minist\u00e8re et \u00e9tablir sa coh\u00e9rence avec le d\u00e9cret du 17 mai 2005 sur l\u2019Administration centrale de l\u2019\u00c9tat ; r\u00e9fl\u00e9chir sur le statut de la fonction militaire par rapport \u00e0 ce d\u00e9cret ; proposer un Code de justice militaire actualis\u00e9 ; et une loi d\u2019orientation militaire d\u00e9finissant les missions, capacit\u00e9s et doctrine des FAd\u2019H.<\/p>\n<p>Parmi ses principales t\u00e2ches figurent l\u2019inventaire et le diagnostic des textes juridiques r\u00e9gissant les FAd\u2019H; la consultation des parties prenantes : officiers, juristes et repr\u00e9sentants de la fonction publique civile; la r\u00e9daction d\u2019avant-projets de textes relatifs au statut, Code de justice et loi d\u2019orientation. La commission devra \u00e9galement soumettre ses projets de textes aux autorit\u00e9s comp\u00e9tentes en vue de leur validation et de leur adoption.<\/p>\n<p>Cette initiative co\u00efncide avec un contexte s\u00e9curitaire particuli\u00e8rement pr\u00e9occupant en Ha\u00efti. Selon les donn\u00e9es fournies par le Bureau int\u00e9gr\u00e9 des Nations unies en Ha\u00efti (BINUH), au moins 1 408 personnes ont \u00e9t\u00e9 tu\u00e9es et 656 autres bless\u00e9es au cours du deuxi\u00e8me trimestre de 2026, tandis que la r\u00e9cente attaque de Kenscoff a de nouveau mis en \u00e9vidence la gravit\u00e9 de la crise s\u00e9curitaire.<\/p>\n<p>Dans ce contexte, la modernisation du cadre institutionnel et juridique des FAd\u2019H appara\u00eet comme un enjeu important dans les efforts visant \u00e0 renforcer les capacit\u00e9s de l\u2019\u00c9tat face aux d\u00e9fis s\u00e9curitaires actuels.<\/p>\n","protected":false},"excerpt":{"rendered":"<p>Le minist\u00e8re de la D\u00e9fense, sous la direction du ministre Mario Andr\u00e9sol, a institu\u00e9 une commission ad hoc charg\u00e9e de moderniser le cadre juridique et organisationnel des Forces arm\u00e9es d\u2019Ha\u00efti&hellip;<\/p>\n","protected":false},"author":1,"featured_media":1967,"comment_status":"closed","ping_status":"closed","sticky":false,"template":"","format":"standard","meta":{"footnotes":""},"categories":[1,29,38],"tags":[121,123,122],"class_list":["post-1966","post","type-post","status-publish","format-standard","has-post-thumbnail","hentry","category-actu","category-actualites","category-securite","tag-commission-ad-hoc","tag-fadh","tag-ministere-de-la-defense"],"yoast_head":"<!-- This site is optimized with the Yoast SEO plugin v28.3 - https:\/\/yoast.com\/product\/yoast-seo-wordpress\/ -->\n<title>Ha\u00efti : le minist\u00e8re de la D\u00e9fense met sur pied une commission ad hoc pour moderniser les Forces arm\u00e9es - LA TRIBUNE NEWS<\/title>\n<meta name=\"robots\" content=\"index, follow, max-snippet:-1, max-image-preview:large, max-video-preview:-1\" \/>\n<link rel=\"canonical\" href=\"https:\/\/latribunenews.com\/index.php\/2026\/09\/01\/haiti-le-ministere-de-la-defense-met-sur-pied-une-commission-ad-hoc-pour-moderniser-les-forces-armees\/\" \/>\n<meta property=\"og:locale\" content=\"en_US\" \/>\n<meta property=\"og:type\" content=\"article\" \/>\n<meta property=\"og:title\" content=\"Ha\u00efti : le minist\u00e8re de la D\u00e9fense met sur pied une commission ad hoc pour moderniser les Forces arm\u00e9es - LA TRIBUNE NEWS\" \/>\n<meta property=\"og:description\" content=\"Le minist\u00e8re de la D\u00e9fense, sous la direction du ministre Mario Andr\u00e9sol, a institu\u00e9 une commission ad hoc charg\u00e9e de moderniser le cadre juridique et organisationnel des Forces arm\u00e9es d\u2019Ha\u00efti&hellip;\" \/>\n<meta property=\"og:url\" content=\"https:\/\/latribunenews.com\/index.php\/2026\/09\/01\/haiti-le-ministere-de-la-defense-met-sur-pied-une-commission-ad-hoc-pour-moderniser-les-forces-armees\/\" \/>\n<meta property=\"og:site_name\" content=\"LA TRIBUNE NEWS\" \/>\n<meta property=\"article:published_time\" content=\"2026-08-31T22:55:15+00:00\" \/>\n<meta property=\"og:image\" content=\"https:\/\/latribunenews.com\/wp-content\/uploads\/2026\/09\/IMG-20260831-WA0046.jpg\" \/>\n\t<meta property=\"og:image:width\" content=\"447\" \/>\n\t<meta property=\"og:image:height\" content=\"447\" \/>\n\t<meta property=\"og:image:type\" content=\"image\/jpeg\" \/>\n<meta name=\"author\" content=\"La Tribune News\" \/>\n<meta name=\"twitter:card\" content=\"summary_large_image\" \/>\n<meta name=\"twitter:label1\" content=\"Written by\" \/>\n\t<meta name=\"twitter:data1\" content=\"La Tribune News\" \/>\n\t<meta name=\"twitter:label2\" content=\"Est. reading time\" \/>\n\t<meta name=\"twitter:data2\" content=\"2 minutes\" \/>\n<script type=\"application\/ld+json\" class=\"yoast-schema-graph\">{\"@context\":\"https:\\\/\\\/schema.org\",\"@graph\":[{\"@type\":\"Article\",\"@id\":\"https:\\\/\\\/latribunenews.com\\\/index.php\\\/2026\\\/09\\\/01\\\/haiti-le-ministere-de-la-defense-met-sur-pied-une-commission-ad-hoc-pour-moderniser-les-forces-armees\\\/#article\",\"isPartOf\":{\"@id\":\"https:\\\/\\\/latribunenews.com\\\/index.php\\\/2026\\\/09\\\/01\\\/haiti-le-ministere-de-la-defense-met-sur-pied-une-commission-ad-hoc-pour-moderniser-les-forces-armees\\\/\"},\"author\":{\"name\":\"La Tribune News\",\"@id\":\"https:\\\/\\\/latribunenews.com\\\/#\\\/schema\\\/person\\\/80e6390c7f17ddf6d4800d8312efdff9\"},\"headline\":\"Ha\u00efti : le minist\u00e8re de la D\u00e9fense met sur pied une commission ad hoc pour moderniser les Forces arm\u00e9es\",\"datePublished\":\"2026-08-31T22:55:15+00:00\",\"mainEntityOfPage\":{\"@id\":\"https:\\\/\\\/latribunenews.com\\\/index.php\\\/2026\\\/09\\\/01\\\/haiti-le-ministere-de-la-defense-met-sur-pied-une-commission-ad-hoc-pour-moderniser-les-forces-armees\\\/\"},\"wordCount\":354,\"publisher\":{\"@id\":\"https:\\\/\\\/latribunenews.com\\\/#organization\"},\"image\":{\"@id\":\"https:\\\/\\\/latribunenews.com\\\/index.php\\\/2026\\\/09\\\/01\\\/haiti-le-ministere-de-la-defense-met-sur-pied-une-commission-ad-hoc-pour-moderniser-les-forces-armees\\\/#primaryimage\"},\"thumbnailUrl\":\"https:\\\/\\\/latribunenews.com\\\/wp-content\\\/uploads\\\/2026\\\/09\\\/IMG-20260831-WA0046.jpg\",\"keywords\":[\"Commission ad hoc\",\"FAd'H\",\"minist\u00e8re de la D\u00e9fense\"],\"articleSection\":[\"Actu\",\"Actualit\u00e9s\",\"Securit\u00e9\"],\"inLanguage\":\"en-US\"},{\"@type\":\"WebPage\",\"@id\":\"https:\\\/\\\/latribunenews.com\\\/index.php\\\/2026\\\/09\\\/01\\\/haiti-le-ministere-de-la-defense-met-sur-pied-une-commission-ad-hoc-pour-moderniser-les-forces-armees\\\/\",\"url\":\"https:\\\/\\\/latribunenews.com\\\/index.php\\\/2026\\\/09\\\/01\\\/haiti-le-ministere-de-la-defense-met-sur-pied-une-commission-ad-hoc-pour-moderniser-les-forces-armees\\\/\",\"name\":\"Ha\u00efti : le minist\u00e8re de la D\u00e9fense met sur pied une commission ad hoc pour moderniser les Forces arm\u00e9es - LA TRIBUNE NEWS\",\"isPartOf\":{\"@id\":\"https:\\\/\\\/latribunenews.com\\\/#website\"},\"primaryImageOfPage\":{\"@id\":\"https:\\\/\\\/latribunenews.com\\\/index.php\\\/2026\\\/09\\\/01\\\/haiti-le-ministere-de-la-defense-met-sur-pied-une-commission-ad-hoc-pour-moderniser-les-forces-armees\\\/#primaryimage\"},\"image\":{\"@id\":\"https:\\\/\\\/latribunenews.com\\\/index.php\\\/2026\\\/09\\\/01\\\/haiti-le-ministere-de-la-defense-met-sur-pied-une-commission-ad-hoc-pour-moderniser-les-forces-armees\\\/#primaryimage\"},\"thumbnailUrl\":\"https:\\\/\\\/latribunenews.com\\\/wp-content\\\/uploads\\\/2026\\\/09\\\/IMG-20260831-WA0046.jpg\",\"datePublished\":\"2026-08-31T22:55:15+00:00\",\"breadcrumb\":{\"@id\":\"https:\\\/\\\/latribunenews.com\\\/index.php\\\/2026\\\/09\\\/01\\\/haiti-le-ministere-de-la-defense-met-sur-pied-une-commission-ad-hoc-pour-moderniser-les-forces-armees\\\/#breadcrumb\"},\"inLanguage\":\"en-US\",\"potentialAction\":[{\"@type\":\"ReadAction\",\"target\":[\"https:\\\/\\\/latribunenews.com\\\/index.php\\\/2026\\\/09\\\/01\\\/haiti-le-ministere-de-la-defense-met-sur-pied-une-commission-ad-hoc-pour-moderniser-les-forces-armees\\\/\"]}]},{\"@type\":\"ImageObject\",\"inLanguage\":\"en-US\",\"@id\":\"https:\\\/\\\/latribunenews.com\\\/index.php\\\/2026\\\/09\\\/01\\\/haiti-le-ministere-de-la-defense-met-sur-pied-une-commission-ad-hoc-pour-moderniser-les-forces-armees\\\/#primaryimage\",\"url\":\"https:\\\/\\\/latribunenews.com\\\/wp-content\\\/uploads\\\/2026\\\/09\\\/IMG-20260831-WA0046.jpg\",\"contentUrl\":\"https:\\\/\\\/latribunenews.com\\\/wp-content\\\/uploads\\\/2026\\\/09\\\/IMG-20260831-WA0046.jpg\",\"width\":447,\"height\":447},{\"@type\":\"BreadcrumbList\",\"@id\":\"https:\\\/\\\/latribunenews.com\\\/index.php\\\/2026\\\/09\\\/01\\\/haiti-le-ministere-de-la-defense-met-sur-pied-une-commission-ad-hoc-pour-moderniser-les-forces-armees\\\/#breadcrumb\",\"itemListElement\":[{\"@type\":\"ListItem\",\"position\":1,\"name\":\"Home\",\"item\":\"https:\\\/\\\/latribunenews.com\\\/\"},{\"@type\":\"ListItem\",\"position\":2,\"name\":\"Ha\u00efti : le minist\u00e8re de la D\u00e9fense met sur pied une commission ad hoc pour moderniser les Forces arm\u00e9es\"}]},{\"@type\":\"WebSite\",\"@id\":\"https:\\\/\\\/latribunenews.com\\\/#website\",\"url\":\"https:\\\/\\\/latribunenews.com\\\/\",\"name\":\"LA TRIBUNE NEWS\",\"description\":\"L&#039;INFO\",\"publisher\":{\"@id\":\"https:\\\/\\\/latribunenews.com\\\/#organization\"},\"potentialAction\":[{\"@type\":\"SearchAction\",\"target\":{\"@type\":\"EntryPoint\",\"urlTemplate\":\"https:\\\/\\\/latribunenews.com\\\/?s={search_term_string}\"},\"query-input\":{\"@type\":\"PropertyValueSpecification\",\"valueRequired\":true,\"valueName\":\"search_term_string\"}}],\"inLanguage\":\"en-US\"},{\"@type\":\"Organization\",\"@id\":\"https:\\\/\\\/latribunenews.com\\\/#organization\",\"name\":\"LA TRIBUNE NEWS\",\"url\":\"https:\\\/\\\/latribunenews.com\\\/\",\"logo\":{\"@type\":\"ImageObject\",\"inLanguage\":\"en-US\",\"@id\":\"https:\\\/\\\/latribunenews.com\\\/#\\\/schema\\\/logo\\\/image\\\/\",\"url\":\"https:\\\/\\\/latribunenews.com\\\/wp-content\\\/uploads\\\/2026\\\/08\\\/cropped-LOGO-LA-TRITUBE.png\",\"contentUrl\":\"https:\\\/\\\/latribunenews.com\\\/wp-content\\\/uploads\\\/2026\\\/08\\\/cropped-LOGO-LA-TRITUBE.png\",\"width\":1254,\"height\":766,\"caption\":\"LA TRIBUNE NEWS\"},\"image\":{\"@id\":\"https:\\\/\\\/latribunenews.com\\\/#\\\/schema\\\/logo\\\/image\\\/\"}},{\"@type\":\"Person\",\"@id\":\"https:\\\/\\\/latribunenews.com\\\/#\\\/schema\\\/person\\\/80e6390c7f17ddf6d4800d8312efdff9\",\"name\":\"La Tribune News\",\"image\":{\"@type\":\"ImageObject\",\"inLanguage\":\"en-US\",\"@id\":\"https:\\\/\\\/secure.gravatar.com\\\/avatar\\\/3f4acc70b63ca0076cf232c0b3931e57bcf757c06f357d5ebc1b7077f6872e95?s=96&d=mm&r=g\",\"url\":\"https:\\\/\\\/secure.gravatar.com\\\/avatar\\\/3f4acc70b63ca0076cf232c0b3931e57bcf757c06f357d5ebc1b7077f6872e95?s=96&d=mm&r=g\",\"contentUrl\":\"https:\\\/\\\/secure.gravatar.com\\\/avatar\\\/3f4acc70b63ca0076cf232c0b3931e57bcf757c06f357d5ebc1b7077f6872e95?s=96&d=mm&r=g\",\"caption\":\"La Tribune News\"},\"sameAs\":[\"https:\\\/\\\/latribunenews.com\"],\"url\":\"https:\\\/\\\/latribunenews.com\\\/index.php\\\/author\\\/admin\\\/\"}]}<\/script>\n<!-- \/ Yoast SEO plugin. -->","yoast_head_json":{"title":"Ha\u00efti : le minist\u00e8re de la D\u00e9fense met sur pied une commission ad hoc pour moderniser les Forces arm\u00e9es - LA TRIBUNE NEWS","robots":{"index":"index","follow":"follow","max-snippet":"max-snippet:-1","max-image-preview":"max-image-preview:large","max-video-preview":"max-video-preview:-1"},"canonical":"https:\/\/latribunenews.com\/index.php\/2026\/09\/01\/haiti-le-ministere-de-la-defense-met-sur-pied-une-commission-ad-hoc-pour-moderniser-les-forces-armees\/","og_locale":"en_US","og_type":"article","og_title":"Ha\u00efti : le minist\u00e8re de la D\u00e9fense met sur pied une commission ad hoc pour moderniser les Forces arm\u00e9es - LA TRIBUNE NEWS","og_description":"Le minist\u00e8re de la D\u00e9fense, sous la direction du ministre Mario Andr\u00e9sol, a institu\u00e9 une commission ad hoc charg\u00e9e de moderniser le cadre juridique et organisationnel des Forces arm\u00e9es d\u2019Ha\u00efti&hellip;","og_url":"https:\/\/latribunenews.com\/index.php\/2026\/09\/01\/haiti-le-ministere-de-la-defense-met-sur-pied-une-commission-ad-hoc-pour-moderniser-les-forces-armees\/","og_site_name":"LA TRIBUNE NEWS","article_published_time":"2026-08-31T22:55:15+00:00","og_image":[{"width":447,"height":447,"url":"https:\/\/latribunenews.com\/wp-content\/uploads\/2026\/09\/IMG-20260831-WA0046.jpg","type":"image\/jpeg"}],"author":"La Tribune News","twitter_card":"summary_large_image","twitter_misc":{"Written by":"La Tribune News","Est. reading time":"2 minutes"},"schema":{"@context":"https:\/\/schema.org","@graph":[{"@type":"Article","@id":"https:\/\/latribunenews.com\/index.php\/2026\/09\/01\/haiti-le-ministere-de-la-defense-met-sur-pied-une-commission-ad-hoc-pour-moderniser-les-forces-armees\/#article","isPartOf":{"@id":"https:\/\/latribunenews.com\/index.php\/2026\/09\/01\/haiti-le-ministere-de-la-defense-met-sur-pied-une-commission-ad-hoc-pour-moderniser-les-forces-armees\/"},"author":{"name":"La Tribune News","@id":"https:\/\/latribunenews.com\/#\/schema\/person\/80e6390c7f17ddf6d4800d8312efdff9"},"headline":"Ha\u00efti : le minist\u00e8re de la D\u00e9fense met sur pied une commission ad hoc pour moderniser les Forces arm\u00e9es","datePublished":"2026-08-31T22:55:15+00:00","mainEntityOfPage":{"@id":"https:\/\/latribunenews.com\/index.php\/2026\/09\/01\/haiti-le-ministere-de-la-defense-met-sur-pied-une-commission-ad-hoc-pour-moderniser-les-forces-armees\/"},"wordCount":354,"publisher":{"@id":"https:\/\/latribunenews.com\/#organization"},"image":{"@id":"https:\/\/latribunenews.com\/index.php\/2026\/09\/01\/haiti-le-ministere-de-la-defense-met-sur-pied-une-commission-ad-hoc-pour-moderniser-les-forces-armees\/#primaryimage"},"thumbnailUrl":"https:\/\/latribunenews.com\/wp-content\/uploads\/2026\/09\/IMG-20260831-WA0046.jpg","keywords":["Commission ad hoc","FAd'H","minist\u00e8re de la D\u00e9fense"],"articleSection":["Actu","Actualit\u00e9s","Securit\u00e9"],"inLanguage":"en-US"},{"@type":"WebPage","@id":"https:\/\/latribunenews.com\/index.php\/2026\/09\/01\/haiti-le-ministere-de-la-defense-met-sur-pied-une-commission-ad-hoc-pour-moderniser-les-forces-armees\/","url":"https:\/\/latribunenews.com\/index.php\/2026\/09\/01\/haiti-le-ministere-de-la-defense-met-sur-pied-une-commission-ad-hoc-pour-moderniser-les-forces-armees\/","name":"Ha\u00efti : le minist\u00e8re de la D\u00e9fense met sur pied une commission ad hoc pour moderniser les Forces arm\u00e9es - LA TRIBUNE NEWS","isPartOf":{"@id":"https:\/\/latribunenews.com\/#website"},"primaryImageOfPage":{"@id":"https:\/\/latribunenews.com\/index.php\/2026\/09\/01\/haiti-le-ministere-de-la-defense-met-sur-pied-une-commission-ad-hoc-pour-moderniser-les-forces-armees\/#primaryimage"},"image":{"@id":"https:\/\/latribunenews.com\/index.php\/2026\/09\/01\/haiti-le-ministere-de-la-defense-met-sur-pied-une-commission-ad-hoc-pour-moderniser-les-forces-armees\/#primaryimage"},"thumbnailUrl":"https:\/\/latribunenews.com\/wp-content\/uploads\/2026\/09\/IMG-20260831-WA0046.jpg","datePublished":"2026-08-31T22:55:15+00:00","breadcrumb":{"@id":"https:\/\/latribunenews.com\/index.php\/2026\/09\/01\/haiti-le-ministere-de-la-defense-met-sur-pied-une-commission-ad-hoc-pour-moderniser-les-forces-armees\/#breadcrumb"},"inLanguage":"en-US","potentialAction":[{"@type":"ReadAction","target":["https:\/\/latribunenews.com\/index.php\/2026\/09\/01\/haiti-le-ministere-de-la-defense-met-sur-pied-une-commission-ad-hoc-pour-moderniser-les-forces-armees\/"]}]},{"@type":"ImageObject","inLanguage":"en-US","@id":"https:\/\/latribunenews.com\/index.php\/2026\/09\/01\/haiti-le-ministere-de-la-defense-met-sur-pied-une-commission-ad-hoc-pour-moderniser-les-forces-armees\/#primaryimage","url":"https:\/\/latribunenews.com\/wp-content\/uploads\/2026\/09\/IMG-20260831-WA0046.jpg","contentUrl":"https:\/\/latribunenews.com\/wp-content\/uploads\/2026\/09\/IMG-20260831-WA0046.jpg","width":447,"height":447},{"@type":"BreadcrumbList","@id":"https:\/\/latribunenews.com\/index.php\/2026\/09\/01\/haiti-le-ministere-de-la-defense-met-sur-pied-une-commission-ad-hoc-pour-moderniser-les-forces-armees\/#breadcrumb","itemListElement":[{"@type":"ListItem","position":1,"name":"Home","item":"https:\/\/latribunenews.com\/"},{"@type":"ListItem","position":2,"name":"Ha\u00efti : le minist\u00e8re de la D\u00e9fense met sur pied une commission ad hoc pour moderniser les Forces arm\u00e9es"}]},{"@type":"WebSite","@id":"https:\/\/latribunenews.com\/#website","url":"https:\/\/latribunenews.com\/","name":"LA TRIBUNE NEWS","description":"L&#039;INFO","publisher":{"@id":"https:\/\/latribunenews.com\/#organization"},"potentialAction":[{"@type":"SearchAction","target":{"@type":"EntryPoint","urlTemplate":"https:\/\/latribunenews.com\/?s={search_term_string}"},"query-input":{"@type":"PropertyValueSpecification","valueRequired":true,"valueName":"search_term_string"}}],"inLanguage":"en-US"},{"@type":"Organization","@id":"https:\/\/latribunenews.com\/#organization","name":"LA TRIBUNE NEWS","url":"https:\/\/latribunenews.com\/","logo":{"@type":"ImageObject","inLanguage":"en-US","@id":"https:\/\/latribunenews.com\/#\/schema\/logo\/image\/","url":"https:\/\/latribunenews.com\/wp-content\/uploads\/2026\/08\/cropped-LOGO-LA-TRITUBE.png","contentUrl":"https:\/\/latribunenews.com\/wp-content\/uploads\/2026\/08\/cropped-LOGO-LA-TRITUBE.png","width":1254,"height":766,"caption":"LA TRIBUNE NEWS"},"image":{"@id":"https:\/\/latribunenews.com\/#\/schema\/logo\/image\/"}},{"@type":"Person","@id":"https:\/\/latribunenews.com\/#\/schema\/person\/80e6390c7f17ddf6d4800d8312efdff9","name":"La Tribune News","image":{"@type":"ImageObject","inLanguage":"en-US","@id":"https:\/\/secure.gravatar.com\/avatar\/3f4acc70b63ca0076cf232c0b3931e57bcf757c06f357d5ebc1b7077f6872e95?s=96&d=mm&r=g","url":"https:\/\/secure.gravatar.com\/avatar\/3f4acc70b63ca0076cf232c0b3931e57bcf757c06f357d5ebc1b7077f6872e95?s=96&d=mm&r=g","contentUrl":"https:\/\/secure.gravatar.com\/avatar\/3f4acc70b63ca0076cf232c0b3931e57bcf757c06f357d5ebc1b7077f6872e95?s=96&d=mm&r=g","caption":"La Tribune News"},"sameAs":["https:\/\/latribunenews.com"],"url":"https:\/\/latribunenews.com\/index.php\/author\/admin\/"}]}},"_links":{"self":[{"href":"https:\/\/latribunenews.com\/index.php\/wp-json\/wp\/v2\/posts\/1966","targetHints":{"allow":["GET"]}}],"collection":[{"href":"https:\/\/latribunenews.com\/index.php\/wp-json\/wp\/v2\/posts"}],"about":[{"href":"https:\/\/latribunenews.com\/index.php\/wp-json\/wp\/v2\/types\/post"}],"author":[{"embeddable":true,"href":"https:\/\/latribunenews.com\/index.php\/wp-json\/wp\/v2\/users\/1"}],"replies":[{"embeddable":true,"href":"https:\/\/latribunenews.com\/index.php\/wp-json\/wp\/v2\/comments?post=1966"}],"version-history":[{"count":1,"href":"https:\/\/latribunenews.com\/index.php\/wp-json\/wp\/v2\/posts\/1966\/revisions"}],"predecessor-version":[{"id":1968,"href":"https:\/\/latribunenews.com\/index.php\/wp-json\/wp\/v2\/posts\/1966\/revisions\/1968"}],"wp:featuredmedia":[{"embeddable":true,"href":"https:\/\/latribunenews.com\/index.php\/wp-json\/wp\/v2\/media\/1967"}],"wp:attachment":[{"href":"https:\/\/latribunenews.com\/index.php\/wp-json\/wp\/v2\/media?parent=1966"}],"wp:term":[{"taxonomy":"category","embeddable":true,"href":"https:\/\/latribunenews.com\/index.php\/wp-json\/wp\/v2\/categories?post=1966"},{"taxonomy":"post_tag","embeddable":true,"href":"https:\/\/latribunenews.com\/index.php\/wp-json\/wp\/v2\/tags?post=1966"}],"curies":[{"name":"wp","href":"https:\/\/api.w.org\/{rel}","templated":true}]}}