{"id":1961,"date":"2026-08-31T23:56:52","date_gmt":"2026-08-31T21:56:52","guid":{"rendered":"https:\/\/latribunenews.com\/?p=1961"},"modified":"2026-08-31T23:56:52","modified_gmt":"2026-08-31T21:56:52","slug":"subvention-scolaire-2026-2027-le-fne-invite-les-familles-a-deposer-leurs-dossiers-du-1er-au-4-septembre-2026","status":"publish","type":"post","link":"https:\/\/latribunenews.com\/index.php\/2026\/08\/31\/subvention-scolaire-2026-2027-le-fne-invite-les-familles-a-deposer-leurs-dossiers-du-1er-au-4-septembre-2026\/","title":{"rendered":"Subvention scolaire 2026-2027 : le FNE invite les familles \u00e0 d\u00e9poser leurs dossiers du 1er au 4 septembre 2026"},"content":{"rendered":"<p>Un avis \u00e9manant du Fonds national de l\u2019\u00e9ducation (FNE) fait \u00e9tat, ce lundi 31 ao\u00fbt 2026, du lancement du programme de subvention scolaire 2026-2027, destin\u00e9 aux parents d\u2019\u00e9l\u00e8ves vuln\u00e9rables \u00e0 travers le pays.<\/p>\n<p>Les familles souhaitant b\u00e9n\u00e9ficier de ce soutien de l\u2019\u00c9tat sont donc invit\u00e9es \u00e0 constituer et \u00e0 d\u00e9poser leurs dossiers du 1er au 4 septembre 2026, conform\u00e9ment aux exigences administratives \u00e9tablies.<\/p>\n<p>Les dossiers devront notamment comprendre une lettre de demande adress\u00e9e \u00e0 la directrice g\u00e9n\u00e9rale du FNE, une pi\u00e8ce d\u2019identit\u00e9 valide de la personne responsable, le dernier carnet scolaire de l\u2019enfant, le bordereau d\u2019\u00e9colage, les coordonn\u00e9es de l\u2019\u00e9tablissement scolaire ainsi que l\u2019acte de naissance ou un extrait des archives de l\u2019enfant. Pour le d\u00e9partement de l\u2019Ouest, les documents doivent \u00eatre d\u00e9pos\u00e9s \u00e0 la rue La P\u00e9pini\u00e8re, \u00e0 l\u2019angle de la route de Fr\u00e8res et de Fr\u00e8res 28, \u00e0 P\u00e9tion-Ville, \u00e0 l\u2019entr\u00e9e de La P\u00e9pini\u00e8re H\u00f4tel.<\/p>\n<p>L&#8217;institution pr\u00e9cise qu\u2019il proc\u00e9dera aux v\u00e9rifications n\u00e9cessaires aupr\u00e8s des \u00e9tablissements scolaires concern\u00e9s avant le traitement d\u00e9finitif des demandes. L\u2019institution rappelle \u00e9galement que tout dossier incomplet, irr\u00e9gulier ou comportant des informations contradictoires pourra \u00eatre retourn\u00e9 au d\u00e9posant afin d\u2019\u00eatre corrig\u00e9 ou compl\u00e9t\u00e9.<\/p>\n","protected":false},"excerpt":{"rendered":"<p>Un avis \u00e9manant du Fonds national de l\u2019\u00e9ducation (FNE) fait \u00e9tat, ce lundi 31 ao\u00fbt 2026, du lancement du programme de subvention scolaire 2026-2027, destin\u00e9 aux parents d\u2019\u00e9l\u00e8ves vuln\u00e9rables \u00e0&hellip;<\/p>\n","protected":false},"author":1,"featured_media":1962,"comment_status":"closed","ping_status":"closed","sticky":false,"template":"","format":"standard","meta":{"footnotes":""},"categories":[1,29,33],"tags":[109,120,119],"class_list":["post-1961","post","type-post","status-publish","format-standard","has-post-thumbnail","hentry","category-actu","category-actualites","category-education","tag-education","tag-fne","tag-subvention"],"yoast_head":"<!-- This site is optimized with the Yoast SEO plugin v28.3 - https:\/\/yoast.com\/product\/yoast-seo-wordpress\/ -->\n<title>Subvention scolaire 2026-2027 : le FNE invite les familles \u00e0 d\u00e9poser leurs dossiers du 1er au 4 septembre 2026 - LA TRIBUNE NEWS<\/title>\n<meta name=\"robots\" content=\"index, follow, max-snippet:-1, max-image-preview:large, max-video-preview:-1\" \/>\n<link rel=\"canonical\" href=\"https:\/\/latribunenews.com\/index.php\/2026\/08\/31\/subvention-scolaire-2026-2027-le-fne-invite-les-familles-a-deposer-leurs-dossiers-du-1er-au-4-septembre-2026\/\" \/>\n<meta property=\"og:locale\" content=\"en_US\" \/>\n<meta property=\"og:type\" content=\"article\" \/>\n<meta property=\"og:title\" content=\"Subvention scolaire 2026-2027 : le FNE invite les familles \u00e0 d\u00e9poser leurs dossiers du 1er au 4 septembre 2026 - LA TRIBUNE NEWS\" \/>\n<meta property=\"og:description\" content=\"Un avis \u00e9manant du Fonds national de l\u2019\u00e9ducation (FNE) fait \u00e9tat, ce lundi 31 ao\u00fbt 2026, du lancement du programme de subvention scolaire 2026-2027, destin\u00e9 aux parents d\u2019\u00e9l\u00e8ves vuln\u00e9rables \u00e0&hellip;\" \/>\n<meta property=\"og:url\" content=\"https:\/\/latribunenews.com\/index.php\/2026\/08\/31\/subvention-scolaire-2026-2027-le-fne-invite-les-familles-a-deposer-leurs-dossiers-du-1er-au-4-septembre-2026\/\" \/>\n<meta property=\"og:site_name\" content=\"LA TRIBUNE NEWS\" \/>\n<meta property=\"article:published_time\" content=\"2026-08-31T21:56:52+00:00\" \/>\n<meta property=\"og:image\" content=\"https:\/\/latribunenews.com\/wp-content\/uploads\/2026\/08\/IMG-20260831-WA0039.jpg\" \/>\n\t<meta property=\"og:image:width\" content=\"588\" \/>\n\t<meta property=\"og:image:height\" content=\"450\" \/>\n\t<meta property=\"og:image:type\" content=\"image\/jpeg\" \/>\n<meta name=\"author\" content=\"La Tribune News\" \/>\n<meta name=\"twitter:card\" content=\"summary_large_image\" \/>\n<meta name=\"twitter:label1\" content=\"Written by\" \/>\n\t<meta name=\"twitter:data1\" content=\"La Tribune News\" \/>\n\t<meta name=\"twitter:label2\" content=\"Est. reading time\" \/>\n\t<meta name=\"twitter:data2\" content=\"2 minutes\" \/>\n<script type=\"application\/ld+json\" class=\"yoast-schema-graph\">{\"@context\":\"https:\\\/\\\/schema.org\",\"@graph\":[{\"@type\":\"Article\",\"@id\":\"https:\\\/\\\/latribunenews.com\\\/index.php\\\/2026\\\/08\\\/31\\\/subvention-scolaire-2026-2027-le-fne-invite-les-familles-a-deposer-leurs-dossiers-du-1er-au-4-septembre-2026\\\/#article\",\"isPartOf\":{\"@id\":\"https:\\\/\\\/latribunenews.com\\\/index.php\\\/2026\\\/08\\\/31\\\/subvention-scolaire-2026-2027-le-fne-invite-les-familles-a-deposer-leurs-dossiers-du-1er-au-4-septembre-2026\\\/\"},\"author\":{\"name\":\"La Tribune News\",\"@id\":\"https:\\\/\\\/latribunenews.com\\\/#\\\/schema\\\/person\\\/80e6390c7f17ddf6d4800d8312efdff9\"},\"headline\":\"Subvention scolaire 2026-2027 : le FNE invite les familles \u00e0 d\u00e9poser leurs dossiers du 1er au 4 septembre 2026\",\"datePublished\":\"2026-08-31T21:56:52+00:00\",\"mainEntityOfPage\":{\"@id\":\"https:\\\/\\\/latribunenews.com\\\/index.php\\\/2026\\\/08\\\/31\\\/subvention-scolaire-2026-2027-le-fne-invite-les-familles-a-deposer-leurs-dossiers-du-1er-au-4-septembre-2026\\\/\"},\"wordCount\":242,\"publisher\":{\"@id\":\"https:\\\/\\\/latribunenews.com\\\/#organization\"},\"image\":{\"@id\":\"https:\\\/\\\/latribunenews.com\\\/index.php\\\/2026\\\/08\\\/31\\\/subvention-scolaire-2026-2027-le-fne-invite-les-familles-a-deposer-leurs-dossiers-du-1er-au-4-septembre-2026\\\/#primaryimage\"},\"thumbnailUrl\":\"https:\\\/\\\/latribunenews.com\\\/wp-content\\\/uploads\\\/2026\\\/08\\\/IMG-20260831-WA0039.jpg\",\"keywords\":[\"\u00c9ducation\",\"FNE\",\"Subvention\"],\"articleSection\":[\"Actu\",\"Actualit\u00e9s\",\"Education\"],\"inLanguage\":\"en-US\"},{\"@type\":\"WebPage\",\"@id\":\"https:\\\/\\\/latribunenews.com\\\/index.php\\\/2026\\\/08\\\/31\\\/subvention-scolaire-2026-2027-le-fne-invite-les-familles-a-deposer-leurs-dossiers-du-1er-au-4-septembre-2026\\\/\",\"url\":\"https:\\\/\\\/latribunenews.com\\\/index.php\\\/2026\\\/08\\\/31\\\/subvention-scolaire-2026-2027-le-fne-invite-les-familles-a-deposer-leurs-dossiers-du-1er-au-4-septembre-2026\\\/\",\"name\":\"Subvention scolaire 2026-2027 : le FNE invite les familles \u00e0 d\u00e9poser leurs dossiers du 1er au 4 septembre 2026 - LA TRIBUNE NEWS\",\"isPartOf\":{\"@id\":\"https:\\\/\\\/latribunenews.com\\\/#website\"},\"primaryImageOfPage\":{\"@id\":\"https:\\\/\\\/latribunenews.com\\\/index.php\\\/2026\\\/08\\\/31\\\/subvention-scolaire-2026-2027-le-fne-invite-les-familles-a-deposer-leurs-dossiers-du-1er-au-4-septembre-2026\\\/#primaryimage\"},\"image\":{\"@id\":\"https:\\\/\\\/latribunenews.com\\\/index.php\\\/2026\\\/08\\\/31\\\/subvention-scolaire-2026-2027-le-fne-invite-les-familles-a-deposer-leurs-dossiers-du-1er-au-4-septembre-2026\\\/#primaryimage\"},\"thumbnailUrl\":\"https:\\\/\\\/latribunenews.com\\\/wp-content\\\/uploads\\\/2026\\\/08\\\/IMG-20260831-WA0039.jpg\",\"datePublished\":\"2026-08-31T21:56:52+00:00\",\"breadcrumb\":{\"@id\":\"https:\\\/\\\/latribunenews.com\\\/index.php\\\/2026\\\/08\\\/31\\\/subvention-scolaire-2026-2027-le-fne-invite-les-familles-a-deposer-leurs-dossiers-du-1er-au-4-septembre-2026\\\/#breadcrumb\"},\"inLanguage\":\"en-US\",\"potentialAction\":[{\"@type\":\"ReadAction\",\"target\":[\"https:\\\/\\\/latribunenews.com\\\/index.php\\\/2026\\\/08\\\/31\\\/subvention-scolaire-2026-2027-le-fne-invite-les-familles-a-deposer-leurs-dossiers-du-1er-au-4-septembre-2026\\\/\"]}]},{\"@type\":\"ImageObject\",\"inLanguage\":\"en-US\",\"@id\":\"https:\\\/\\\/latribunenews.com\\\/index.php\\\/2026\\\/08\\\/31\\\/subvention-scolaire-2026-2027-le-fne-invite-les-familles-a-deposer-leurs-dossiers-du-1er-au-4-septembre-2026\\\/#primaryimage\",\"url\":\"https:\\\/\\\/latribunenews.com\\\/wp-content\\\/uploads\\\/2026\\\/08\\\/IMG-20260831-WA0039.jpg\",\"contentUrl\":\"https:\\\/\\\/latribunenews.com\\\/wp-content\\\/uploads\\\/2026\\\/08\\\/IMG-20260831-WA0039.jpg\",\"width\":588,\"height\":450},{\"@type\":\"BreadcrumbList\",\"@id\":\"https:\\\/\\\/latribunenews.com\\\/index.php\\\/2026\\\/08\\\/31\\\/subvention-scolaire-2026-2027-le-fne-invite-les-familles-a-deposer-leurs-dossiers-du-1er-au-4-septembre-2026\\\/#breadcrumb\",\"itemListElement\":[{\"@type\":\"ListItem\",\"position\":1,\"name\":\"Home\",\"item\":\"https:\\\/\\\/latribunenews.com\\\/\"},{\"@type\":\"ListItem\",\"position\":2,\"name\":\"Subvention scolaire 2026-2027 : le FNE invite les familles \u00e0 d\u00e9poser leurs dossiers du 1er au 4 septembre 2026\"}]},{\"@type\":\"WebSite\",\"@id\":\"https:\\\/\\\/latribunenews.com\\\/#website\",\"url\":\"https:\\\/\\\/latribunenews.com\\\/\",\"name\":\"LA TRIBUNE NEWS\",\"description\":\"L&#039;INFO\",\"publisher\":{\"@id\":\"https:\\\/\\\/latribunenews.com\\\/#organization\"},\"potentialAction\":[{\"@type\":\"SearchAction\",\"target\":{\"@type\":\"EntryPoint\",\"urlTemplate\":\"https:\\\/\\\/latribunenews.com\\\/?s={search_term_string}\"},\"query-input\":{\"@type\":\"PropertyValueSpecification\",\"valueRequired\":true,\"valueName\":\"search_term_string\"}}],\"inLanguage\":\"en-US\"},{\"@type\":\"Organization\",\"@id\":\"https:\\\/\\\/latribunenews.com\\\/#organization\",\"name\":\"LA TRIBUNE NEWS\",\"url\":\"https:\\\/\\\/latribunenews.com\\\/\",\"logo\":{\"@type\":\"ImageObject\",\"inLanguage\":\"en-US\",\"@id\":\"https:\\\/\\\/latribunenews.com\\\/#\\\/schema\\\/logo\\\/image\\\/\",\"url\":\"https:\\\/\\\/latribunenews.com\\\/wp-content\\\/uploads\\\/2026\\\/08\\\/cropped-LOGO-LA-TRITUBE.png\",\"contentUrl\":\"https:\\\/\\\/latribunenews.com\\\/wp-content\\\/uploads\\\/2026\\\/08\\\/cropped-LOGO-LA-TRITUBE.png\",\"width\":1254,\"height\":766,\"caption\":\"LA TRIBUNE NEWS\"},\"image\":{\"@id\":\"https:\\\/\\\/latribunenews.com\\\/#\\\/schema\\\/logo\\\/image\\\/\"}},{\"@type\":\"Person\",\"@id\":\"https:\\\/\\\/latribunenews.com\\\/#\\\/schema\\\/person\\\/80e6390c7f17ddf6d4800d8312efdff9\",\"name\":\"La Tribune News\",\"image\":{\"@type\":\"ImageObject\",\"inLanguage\":\"en-US\",\"@id\":\"https:\\\/\\\/secure.gravatar.com\\\/avatar\\\/3f4acc70b63ca0076cf232c0b3931e57bcf757c06f357d5ebc1b7077f6872e95?s=96&d=mm&r=g\",\"url\":\"https:\\\/\\\/secure.gravatar.com\\\/avatar\\\/3f4acc70b63ca0076cf232c0b3931e57bcf757c06f357d5ebc1b7077f6872e95?s=96&d=mm&r=g\",\"contentUrl\":\"https:\\\/\\\/secure.gravatar.com\\\/avatar\\\/3f4acc70b63ca0076cf232c0b3931e57bcf757c06f357d5ebc1b7077f6872e95?s=96&d=mm&r=g\",\"caption\":\"La Tribune News\"},\"sameAs\":[\"https:\\\/\\\/latribunenews.com\"],\"url\":\"https:\\\/\\\/latribunenews.com\\\/index.php\\\/author\\\/admin\\\/\"}]}<\/script>\n<!-- \/ Yoast SEO plugin. -->","yoast_head_json":{"title":"Subvention scolaire 2026-2027 : le FNE invite les familles \u00e0 d\u00e9poser leurs dossiers du 1er au 4 septembre 2026 - LA TRIBUNE NEWS","robots":{"index":"index","follow":"follow","max-snippet":"max-snippet:-1","max-image-preview":"max-image-preview:large","max-video-preview":"max-video-preview:-1"},"canonical":"https:\/\/latribunenews.com\/index.php\/2026\/08\/31\/subvention-scolaire-2026-2027-le-fne-invite-les-familles-a-deposer-leurs-dossiers-du-1er-au-4-septembre-2026\/","og_locale":"en_US","og_type":"article","og_title":"Subvention scolaire 2026-2027 : le FNE invite les familles \u00e0 d\u00e9poser leurs dossiers du 1er au 4 septembre 2026 - LA TRIBUNE NEWS","og_description":"Un avis \u00e9manant du Fonds national de l\u2019\u00e9ducation (FNE) fait \u00e9tat, ce lundi 31 ao\u00fbt 2026, du lancement du programme de subvention scolaire 2026-2027, destin\u00e9 aux parents d\u2019\u00e9l\u00e8ves vuln\u00e9rables \u00e0&hellip;","og_url":"https:\/\/latribunenews.com\/index.php\/2026\/08\/31\/subvention-scolaire-2026-2027-le-fne-invite-les-familles-a-deposer-leurs-dossiers-du-1er-au-4-septembre-2026\/","og_site_name":"LA TRIBUNE NEWS","article_published_time":"2026-08-31T21:56:52+00:00","og_image":[{"width":588,"height":450,"url":"https:\/\/latribunenews.com\/wp-content\/uploads\/2026\/08\/IMG-20260831-WA0039.jpg","type":"image\/jpeg"}],"author":"La Tribune News","twitter_card":"summary_large_image","twitter_misc":{"Written by":"La Tribune News","Est. reading time":"2 minutes"},"schema":{"@context":"https:\/\/schema.org","@graph":[{"@type":"Article","@id":"https:\/\/latribunenews.com\/index.php\/2026\/08\/31\/subvention-scolaire-2026-2027-le-fne-invite-les-familles-a-deposer-leurs-dossiers-du-1er-au-4-septembre-2026\/#article","isPartOf":{"@id":"https:\/\/latribunenews.com\/index.php\/2026\/08\/31\/subvention-scolaire-2026-2027-le-fne-invite-les-familles-a-deposer-leurs-dossiers-du-1er-au-4-septembre-2026\/"},"author":{"name":"La Tribune News","@id":"https:\/\/latribunenews.com\/#\/schema\/person\/80e6390c7f17ddf6d4800d8312efdff9"},"headline":"Subvention scolaire 2026-2027 : le FNE invite les familles \u00e0 d\u00e9poser leurs dossiers du 1er au 4 septembre 2026","datePublished":"2026-08-31T21:56:52+00:00","mainEntityOfPage":{"@id":"https:\/\/latribunenews.com\/index.php\/2026\/08\/31\/subvention-scolaire-2026-2027-le-fne-invite-les-familles-a-deposer-leurs-dossiers-du-1er-au-4-septembre-2026\/"},"wordCount":242,"publisher":{"@id":"https:\/\/latribunenews.com\/#organization"},"image":{"@id":"https:\/\/latribunenews.com\/index.php\/2026\/08\/31\/subvention-scolaire-2026-2027-le-fne-invite-les-familles-a-deposer-leurs-dossiers-du-1er-au-4-septembre-2026\/#primaryimage"},"thumbnailUrl":"https:\/\/latribunenews.com\/wp-content\/uploads\/2026\/08\/IMG-20260831-WA0039.jpg","keywords":["\u00c9ducation","FNE","Subvention"],"articleSection":["Actu","Actualit\u00e9s","Education"],"inLanguage":"en-US"},{"@type":"WebPage","@id":"https:\/\/latribunenews.com\/index.php\/2026\/08\/31\/subvention-scolaire-2026-2027-le-fne-invite-les-familles-a-deposer-leurs-dossiers-du-1er-au-4-septembre-2026\/","url":"https:\/\/latribunenews.com\/index.php\/2026\/08\/31\/subvention-scolaire-2026-2027-le-fne-invite-les-familles-a-deposer-leurs-dossiers-du-1er-au-4-septembre-2026\/","name":"Subvention scolaire 2026-2027 : le FNE invite les familles \u00e0 d\u00e9poser leurs dossiers du 1er au 4 septembre 2026 - LA TRIBUNE NEWS","isPartOf":{"@id":"https:\/\/latribunenews.com\/#website"},"primaryImageOfPage":{"@id":"https:\/\/latribunenews.com\/index.php\/2026\/08\/31\/subvention-scolaire-2026-2027-le-fne-invite-les-familles-a-deposer-leurs-dossiers-du-1er-au-4-septembre-2026\/#primaryimage"},"image":{"@id":"https:\/\/latribunenews.com\/index.php\/2026\/08\/31\/subvention-scolaire-2026-2027-le-fne-invite-les-familles-a-deposer-leurs-dossiers-du-1er-au-4-septembre-2026\/#primaryimage"},"thumbnailUrl":"https:\/\/latribunenews.com\/wp-content\/uploads\/2026\/08\/IMG-20260831-WA0039.jpg","datePublished":"2026-08-31T21:56:52+00:00","breadcrumb":{"@id":"https:\/\/latribunenews.com\/index.php\/2026\/08\/31\/subvention-scolaire-2026-2027-le-fne-invite-les-familles-a-deposer-leurs-dossiers-du-1er-au-4-septembre-2026\/#breadcrumb"},"inLanguage":"en-US","potentialAction":[{"@type":"ReadAction","target":["https:\/\/latribunenews.com\/index.php\/2026\/08\/31\/subvention-scolaire-2026-2027-le-fne-invite-les-familles-a-deposer-leurs-dossiers-du-1er-au-4-septembre-2026\/"]}]},{"@type":"ImageObject","inLanguage":"en-US","@id":"https:\/\/latribunenews.com\/index.php\/2026\/08\/31\/subvention-scolaire-2026-2027-le-fne-invite-les-familles-a-deposer-leurs-dossiers-du-1er-au-4-septembre-2026\/#primaryimage","url":"https:\/\/latribunenews.com\/wp-content\/uploads\/2026\/08\/IMG-20260831-WA0039.jpg","contentUrl":"https:\/\/latribunenews.com\/wp-content\/uploads\/2026\/08\/IMG-20260831-WA0039.jpg","width":588,"height":450},{"@type":"BreadcrumbList","@id":"https:\/\/latribunenews.com\/index.php\/2026\/08\/31\/subvention-scolaire-2026-2027-le-fne-invite-les-familles-a-deposer-leurs-dossiers-du-1er-au-4-septembre-2026\/#breadcrumb","itemListElement":[{"@type":"ListItem","position":1,"name":"Home","item":"https:\/\/latribunenews.com\/"},{"@type":"ListItem","position":2,"name":"Subvention scolaire 2026-2027 : le FNE invite les familles \u00e0 d\u00e9poser leurs dossiers du 1er au 4 septembre 2026"}]},{"@type":"WebSite","@id":"https:\/\/latribunenews.com\/#website","url":"https:\/\/latribunenews.com\/","name":"LA TRIBUNE NEWS","description":"L&#039;INFO","publisher":{"@id":"https:\/\/latribunenews.com\/#organization"},"potentialAction":[{"@type":"SearchAction","target":{"@type":"EntryPoint","urlTemplate":"https:\/\/latribunenews.com\/?s={search_term_string}"},"query-input":{"@type":"PropertyValueSpecification","valueRequired":true,"valueName":"search_term_string"}}],"inLanguage":"en-US"},{"@type":"Organization","@id":"https:\/\/latribunenews.com\/#organization","name":"LA TRIBUNE NEWS","url":"https:\/\/latribunenews.com\/","logo":{"@type":"ImageObject","inLanguage":"en-US","@id":"https:\/\/latribunenews.com\/#\/schema\/logo\/image\/","url":"https:\/\/latribunenews.com\/wp-content\/uploads\/2026\/08\/cropped-LOGO-LA-TRITUBE.png","contentUrl":"https:\/\/latribunenews.com\/wp-content\/uploads\/2026\/08\/cropped-LOGO-LA-TRITUBE.png","width":1254,"height":766,"caption":"LA TRIBUNE NEWS"},"image":{"@id":"https:\/\/latribunenews.com\/#\/schema\/logo\/image\/"}},{"@type":"Person","@id":"https:\/\/latribunenews.com\/#\/schema\/person\/80e6390c7f17ddf6d4800d8312efdff9","name":"La Tribune News","image":{"@type":"ImageObject","inLanguage":"en-US","@id":"https:\/\/secure.gravatar.com\/avatar\/3f4acc70b63ca0076cf232c0b3931e57bcf757c06f357d5ebc1b7077f6872e95?s=96&d=mm&r=g","url":"https:\/\/secure.gravatar.com\/avatar\/3f4acc70b63ca0076cf232c0b3931e57bcf757c06f357d5ebc1b7077f6872e95?s=96&d=mm&r=g","contentUrl":"https:\/\/secure.gravatar.com\/avatar\/3f4acc70b63ca0076cf232c0b3931e57bcf757c06f357d5ebc1b7077f6872e95?s=96&d=mm&r=g","caption":"La Tribune News"},"sameAs":["https:\/\/latribunenews.com"],"url":"https:\/\/latribunenews.com\/index.php\/author\/admin\/"}]}},"_links":{"self":[{"href":"https:\/\/latribunenews.com\/index.php\/wp-json\/wp\/v2\/posts\/1961","targetHints":{"allow":["GET"]}}],"collection":[{"href":"https:\/\/latribunenews.com\/index.php\/wp-json\/wp\/v2\/posts"}],"about":[{"href":"https:\/\/latribunenews.com\/index.php\/wp-json\/wp\/v2\/types\/post"}],"author":[{"embeddable":true,"href":"https:\/\/latribunenews.com\/index.php\/wp-json\/wp\/v2\/users\/1"}],"replies":[{"embeddable":true,"href":"https:\/\/latribunenews.com\/index.php\/wp-json\/wp\/v2\/comments?post=1961"}],"version-history":[{"count":1,"href":"https:\/\/latribunenews.com\/index.php\/wp-json\/wp\/v2\/posts\/1961\/revisions"}],"predecessor-version":[{"id":1963,"href":"https:\/\/latribunenews.com\/index.php\/wp-json\/wp\/v2\/posts\/1961\/revisions\/1963"}],"wp:featuredmedia":[{"embeddable":true,"href":"https:\/\/latribunenews.com\/index.php\/wp-json\/wp\/v2\/media\/1962"}],"wp:attachment":[{"href":"https:\/\/latribunenews.com\/index.php\/wp-json\/wp\/v2\/media?parent=1961"}],"wp:term":[{"taxonomy":"category","embeddable":true,"href":"https:\/\/latribunenews.com\/index.php\/wp-json\/wp\/v2\/categories?post=1961"},{"taxonomy":"post_tag","embeddable":true,"href":"https:\/\/latribunenews.com\/index.php\/wp-json\/wp\/v2\/tags?post=1961"}],"curies":[{"name":"wp","href":"https:\/\/api.w.org\/{rel}","templated":true}]}}