{"id":1950,"date":"2026-08-31T16:10:16","date_gmt":"2026-08-31T14:10:16","guid":{"rendered":"https:\/\/latribunenews.com\/?p=1950"},"modified":"2026-08-31T16:10:16","modified_gmt":"2026-08-31T14:10:16","slug":"michel-martelly-de-retour-dans-larene-electorale-malgre-un-lourd-passif-politique","status":"publish","type":"post","link":"https:\/\/latribunenews.com\/index.php\/2026\/08\/31\/michel-martelly-de-retour-dans-larene-electorale-malgre-un-lourd-passif-politique\/","title":{"rendered":"Michel Martelly de retour dans l&#8217;ar\u00e8ne \u00e9lectorale, malgr\u00e9 un lourd passif politique\u00a0"},"content":{"rendered":"<p>Accompagn\u00e9 de son avocat, Me Mario Delcy, l\u2019ancien pr\u00e9sident Michel Joseph Martelly s\u2019est inscrit comme \u00e9lecteur, ce dimanche 30 ao\u00fbt, au Lyc\u00e9e de P\u00e9tion-Ville, dans le cadre des \u00e9lections pr\u00e9vues pour d\u00e9cembre 2026 et f\u00e9vrier 2027.<\/p>\n<p>Cette d\u00e9marche intervient dans un contexte particuli\u00e8rement difficile pour Ha\u00efti, marqu\u00e9 par une profonde crise multidimensionnelle.<\/p>\n<p>En effet, la tenue des prochains scrutins constitue un enjeu majeur dans un pays confront\u00e9 \u00e0 l\u2019ins\u00e9curit\u00e9, \u00e0 la violence des groupes arm\u00e9s et \u00e0 la fragilit\u00e9 persistante des institutions. Le processus \u00e9lectoral lui-m\u00eame demeure \u00e9troitement li\u00e9 \u00e0 l\u2019\u00e9volution de la situation s\u00e9curitaire.<\/p>\n<p>Le retour de Michel Martelly dans l\u2019actualit\u00e9 politique ne manque toutefois pas de susciter des interrogations, compte tenu des nombreuses critiques associ\u00e9es \u00e0 son passage \u00e0 la pr\u00e9sidence entre 2011 et 2016. Son administration a fait l\u2019objet de controverses et d\u2019accusations concernant la gouvernance et la corruption.<\/p>\n<p>L\u2019inscription de Michel Martelly comme \u00e9lecteur ne signifie toutefois pas, \u00e0 ce stade, qu\u2019il sera candidat aux prochaines \u00e9lections. Mais cette nouvelle apparition sur la sc\u00e8ne \u00e9lectorale intervient au moment o\u00f9 les diff\u00e9rents acteurs politiques cherchent \u00e0 se repositionner dans la perspective d\u2019un retour \u00e0 l\u2019ordre constitutionnel et au fonctionnement r\u00e9gulier des institutions d\u00e9mocratiques.<\/p>\n","protected":false},"excerpt":{"rendered":"<p>Accompagn\u00e9 de son avocat, Me Mario Delcy, l\u2019ancien pr\u00e9sident Michel Joseph Martelly s\u2019est inscrit comme \u00e9lecteur, ce dimanche 30 ao\u00fbt, au Lyc\u00e9e de P\u00e9tion-Ville, dans le cadre des \u00e9lections pr\u00e9vues&hellip;<\/p>\n","protected":false},"author":1,"featured_media":1951,"comment_status":"closed","ping_status":"closed","sticky":false,"template":"","format":"standard","meta":{"footnotes":""},"categories":[1,29],"tags":[104,117],"class_list":["post-1950","post","type-post","status-publish","format-standard","has-post-thumbnail","hentry","category-actu","category-actualites","tag-elections","tag-michel-martelly"],"yoast_head":"<!-- This site is optimized with the Yoast SEO plugin v28.3 - https:\/\/yoast.com\/product\/yoast-seo-wordpress\/ -->\n<title>Michel Martelly de retour dans l&#039;ar\u00e8ne \u00e9lectorale, malgr\u00e9 un lourd passif politique\u00a0 - LA TRIBUNE NEWS<\/title>\n<meta name=\"robots\" content=\"index, follow, max-snippet:-1, max-image-preview:large, max-video-preview:-1\" \/>\n<link rel=\"canonical\" href=\"https:\/\/latribunenews.com\/index.php\/2026\/08\/31\/michel-martelly-de-retour-dans-larene-electorale-malgre-un-lourd-passif-politique\/\" \/>\n<meta property=\"og:locale\" content=\"en_US\" \/>\n<meta property=\"og:type\" content=\"article\" \/>\n<meta property=\"og:title\" content=\"Michel Martelly de retour dans l&#039;ar\u00e8ne \u00e9lectorale, malgr\u00e9 un lourd passif politique\u00a0 - LA TRIBUNE NEWS\" \/>\n<meta property=\"og:description\" content=\"Accompagn\u00e9 de son avocat, Me Mario Delcy, l\u2019ancien pr\u00e9sident Michel Joseph Martelly s\u2019est inscrit comme \u00e9lecteur, ce dimanche 30 ao\u00fbt, au Lyc\u00e9e de P\u00e9tion-Ville, dans le cadre des \u00e9lections pr\u00e9vues&hellip;\" \/>\n<meta property=\"og:url\" content=\"https:\/\/latribunenews.com\/index.php\/2026\/08\/31\/michel-martelly-de-retour-dans-larene-electorale-malgre-un-lourd-passif-politique\/\" \/>\n<meta property=\"og:site_name\" content=\"LA TRIBUNE NEWS\" \/>\n<meta property=\"article:published_time\" content=\"2026-08-31T14:10:16+00:00\" \/>\n<meta property=\"og:image\" content=\"https:\/\/latribunenews.com\/wp-content\/uploads\/2026\/08\/IMG-20260831-WA0018.jpg\" \/>\n\t<meta property=\"og:image:width\" content=\"958\" \/>\n\t<meta property=\"og:image:height\" content=\"532\" \/>\n\t<meta property=\"og:image:type\" content=\"image\/jpeg\" \/>\n<meta name=\"author\" content=\"La Tribune News\" \/>\n<meta name=\"twitter:card\" content=\"summary_large_image\" \/>\n<meta name=\"twitter:label1\" content=\"Written by\" \/>\n\t<meta name=\"twitter:data1\" content=\"La Tribune News\" \/>\n\t<meta name=\"twitter:label2\" content=\"Est. reading time\" \/>\n\t<meta name=\"twitter:data2\" content=\"2 minutes\" \/>\n<script type=\"application\/ld+json\" class=\"yoast-schema-graph\">{\"@context\":\"https:\\\/\\\/schema.org\",\"@graph\":[{\"@type\":\"Article\",\"@id\":\"https:\\\/\\\/latribunenews.com\\\/index.php\\\/2026\\\/08\\\/31\\\/michel-martelly-de-retour-dans-larene-electorale-malgre-un-lourd-passif-politique\\\/#article\",\"isPartOf\":{\"@id\":\"https:\\\/\\\/latribunenews.com\\\/index.php\\\/2026\\\/08\\\/31\\\/michel-martelly-de-retour-dans-larene-electorale-malgre-un-lourd-passif-politique\\\/\"},\"author\":{\"name\":\"La Tribune News\",\"@id\":\"https:\\\/\\\/latribunenews.com\\\/#\\\/schema\\\/person\\\/80e6390c7f17ddf6d4800d8312efdff9\"},\"headline\":\"Michel Martelly de retour dans l&#8217;ar\u00e8ne \u00e9lectorale, malgr\u00e9 un lourd passif politique\u00a0\",\"datePublished\":\"2026-08-31T14:10:16+00:00\",\"mainEntityOfPage\":{\"@id\":\"https:\\\/\\\/latribunenews.com\\\/index.php\\\/2026\\\/08\\\/31\\\/michel-martelly-de-retour-dans-larene-electorale-malgre-un-lourd-passif-politique\\\/\"},\"wordCount\":227,\"publisher\":{\"@id\":\"https:\\\/\\\/latribunenews.com\\\/#organization\"},\"image\":{\"@id\":\"https:\\\/\\\/latribunenews.com\\\/index.php\\\/2026\\\/08\\\/31\\\/michel-martelly-de-retour-dans-larene-electorale-malgre-un-lourd-passif-politique\\\/#primaryimage\"},\"thumbnailUrl\":\"https:\\\/\\\/latribunenews.com\\\/wp-content\\\/uploads\\\/2026\\\/08\\\/IMG-20260831-WA0018.jpg\",\"keywords\":[\"\u00c9lections\",\"Michel Martelly\"],\"articleSection\":[\"Actu\",\"Actualit\u00e9s\"],\"inLanguage\":\"en-US\"},{\"@type\":\"WebPage\",\"@id\":\"https:\\\/\\\/latribunenews.com\\\/index.php\\\/2026\\\/08\\\/31\\\/michel-martelly-de-retour-dans-larene-electorale-malgre-un-lourd-passif-politique\\\/\",\"url\":\"https:\\\/\\\/latribunenews.com\\\/index.php\\\/2026\\\/08\\\/31\\\/michel-martelly-de-retour-dans-larene-electorale-malgre-un-lourd-passif-politique\\\/\",\"name\":\"Michel Martelly de retour dans l'ar\u00e8ne \u00e9lectorale, malgr\u00e9 un lourd passif politique\u00a0 - LA TRIBUNE NEWS\",\"isPartOf\":{\"@id\":\"https:\\\/\\\/latribunenews.com\\\/#website\"},\"primaryImageOfPage\":{\"@id\":\"https:\\\/\\\/latribunenews.com\\\/index.php\\\/2026\\\/08\\\/31\\\/michel-martelly-de-retour-dans-larene-electorale-malgre-un-lourd-passif-politique\\\/#primaryimage\"},\"image\":{\"@id\":\"https:\\\/\\\/latribunenews.com\\\/index.php\\\/2026\\\/08\\\/31\\\/michel-martelly-de-retour-dans-larene-electorale-malgre-un-lourd-passif-politique\\\/#primaryimage\"},\"thumbnailUrl\":\"https:\\\/\\\/latribunenews.com\\\/wp-content\\\/uploads\\\/2026\\\/08\\\/IMG-20260831-WA0018.jpg\",\"datePublished\":\"2026-08-31T14:10:16+00:00\",\"breadcrumb\":{\"@id\":\"https:\\\/\\\/latribunenews.com\\\/index.php\\\/2026\\\/08\\\/31\\\/michel-martelly-de-retour-dans-larene-electorale-malgre-un-lourd-passif-politique\\\/#breadcrumb\"},\"inLanguage\":\"en-US\",\"potentialAction\":[{\"@type\":\"ReadAction\",\"target\":[\"https:\\\/\\\/latribunenews.com\\\/index.php\\\/2026\\\/08\\\/31\\\/michel-martelly-de-retour-dans-larene-electorale-malgre-un-lourd-passif-politique\\\/\"]}]},{\"@type\":\"ImageObject\",\"inLanguage\":\"en-US\",\"@id\":\"https:\\\/\\\/latribunenews.com\\\/index.php\\\/2026\\\/08\\\/31\\\/michel-martelly-de-retour-dans-larene-electorale-malgre-un-lourd-passif-politique\\\/#primaryimage\",\"url\":\"https:\\\/\\\/latribunenews.com\\\/wp-content\\\/uploads\\\/2026\\\/08\\\/IMG-20260831-WA0018.jpg\",\"contentUrl\":\"https:\\\/\\\/latribunenews.com\\\/wp-content\\\/uploads\\\/2026\\\/08\\\/IMG-20260831-WA0018.jpg\",\"width\":958,\"height\":532},{\"@type\":\"BreadcrumbList\",\"@id\":\"https:\\\/\\\/latribunenews.com\\\/index.php\\\/2026\\\/08\\\/31\\\/michel-martelly-de-retour-dans-larene-electorale-malgre-un-lourd-passif-politique\\\/#breadcrumb\",\"itemListElement\":[{\"@type\":\"ListItem\",\"position\":1,\"name\":\"Home\",\"item\":\"https:\\\/\\\/latribunenews.com\\\/\"},{\"@type\":\"ListItem\",\"position\":2,\"name\":\"Michel Martelly de retour dans l&#8217;ar\u00e8ne \u00e9lectorale, malgr\u00e9 un lourd passif politique\u00a0\"}]},{\"@type\":\"WebSite\",\"@id\":\"https:\\\/\\\/latribunenews.com\\\/#website\",\"url\":\"https:\\\/\\\/latribunenews.com\\\/\",\"name\":\"LA TRIBUNE NEWS\",\"description\":\"L&#039;INFO\",\"publisher\":{\"@id\":\"https:\\\/\\\/latribunenews.com\\\/#organization\"},\"potentialAction\":[{\"@type\":\"SearchAction\",\"target\":{\"@type\":\"EntryPoint\",\"urlTemplate\":\"https:\\\/\\\/latribunenews.com\\\/?s={search_term_string}\"},\"query-input\":{\"@type\":\"PropertyValueSpecification\",\"valueRequired\":true,\"valueName\":\"search_term_string\"}}],\"inLanguage\":\"en-US\"},{\"@type\":\"Organization\",\"@id\":\"https:\\\/\\\/latribunenews.com\\\/#organization\",\"name\":\"LA TRIBUNE NEWS\",\"url\":\"https:\\\/\\\/latribunenews.com\\\/\",\"logo\":{\"@type\":\"ImageObject\",\"inLanguage\":\"en-US\",\"@id\":\"https:\\\/\\\/latribunenews.com\\\/#\\\/schema\\\/logo\\\/image\\\/\",\"url\":\"https:\\\/\\\/latribunenews.com\\\/wp-content\\\/uploads\\\/2026\\\/08\\\/cropped-LOGO-LA-TRITUBE.png\",\"contentUrl\":\"https:\\\/\\\/latribunenews.com\\\/wp-content\\\/uploads\\\/2026\\\/08\\\/cropped-LOGO-LA-TRITUBE.png\",\"width\":1254,\"height\":766,\"caption\":\"LA TRIBUNE NEWS\"},\"image\":{\"@id\":\"https:\\\/\\\/latribunenews.com\\\/#\\\/schema\\\/logo\\\/image\\\/\"}},{\"@type\":\"Person\",\"@id\":\"https:\\\/\\\/latribunenews.com\\\/#\\\/schema\\\/person\\\/80e6390c7f17ddf6d4800d8312efdff9\",\"name\":\"La Tribune News\",\"image\":{\"@type\":\"ImageObject\",\"inLanguage\":\"en-US\",\"@id\":\"https:\\\/\\\/secure.gravatar.com\\\/avatar\\\/3f4acc70b63ca0076cf232c0b3931e57bcf757c06f357d5ebc1b7077f6872e95?s=96&d=mm&r=g\",\"url\":\"https:\\\/\\\/secure.gravatar.com\\\/avatar\\\/3f4acc70b63ca0076cf232c0b3931e57bcf757c06f357d5ebc1b7077f6872e95?s=96&d=mm&r=g\",\"contentUrl\":\"https:\\\/\\\/secure.gravatar.com\\\/avatar\\\/3f4acc70b63ca0076cf232c0b3931e57bcf757c06f357d5ebc1b7077f6872e95?s=96&d=mm&r=g\",\"caption\":\"La Tribune News\"},\"sameAs\":[\"https:\\\/\\\/latribunenews.com\"],\"url\":\"https:\\\/\\\/latribunenews.com\\\/index.php\\\/author\\\/admin\\\/\"}]}<\/script>\n<!-- \/ Yoast SEO plugin. -->","yoast_head_json":{"title":"Michel Martelly de retour dans l'ar\u00e8ne \u00e9lectorale, malgr\u00e9 un lourd passif politique\u00a0 - LA TRIBUNE NEWS","robots":{"index":"index","follow":"follow","max-snippet":"max-snippet:-1","max-image-preview":"max-image-preview:large","max-video-preview":"max-video-preview:-1"},"canonical":"https:\/\/latribunenews.com\/index.php\/2026\/08\/31\/michel-martelly-de-retour-dans-larene-electorale-malgre-un-lourd-passif-politique\/","og_locale":"en_US","og_type":"article","og_title":"Michel Martelly de retour dans l'ar\u00e8ne \u00e9lectorale, malgr\u00e9 un lourd passif politique\u00a0 - LA TRIBUNE NEWS","og_description":"Accompagn\u00e9 de son avocat, Me Mario Delcy, l\u2019ancien pr\u00e9sident Michel Joseph Martelly s\u2019est inscrit comme \u00e9lecteur, ce dimanche 30 ao\u00fbt, au Lyc\u00e9e de P\u00e9tion-Ville, dans le cadre des \u00e9lections pr\u00e9vues&hellip;","og_url":"https:\/\/latribunenews.com\/index.php\/2026\/08\/31\/michel-martelly-de-retour-dans-larene-electorale-malgre-un-lourd-passif-politique\/","og_site_name":"LA TRIBUNE NEWS","article_published_time":"2026-08-31T14:10:16+00:00","og_image":[{"width":958,"height":532,"url":"https:\/\/latribunenews.com\/wp-content\/uploads\/2026\/08\/IMG-20260831-WA0018.jpg","type":"image\/jpeg"}],"author":"La Tribune News","twitter_card":"summary_large_image","twitter_misc":{"Written by":"La Tribune News","Est. reading time":"2 minutes"},"schema":{"@context":"https:\/\/schema.org","@graph":[{"@type":"Article","@id":"https:\/\/latribunenews.com\/index.php\/2026\/08\/31\/michel-martelly-de-retour-dans-larene-electorale-malgre-un-lourd-passif-politique\/#article","isPartOf":{"@id":"https:\/\/latribunenews.com\/index.php\/2026\/08\/31\/michel-martelly-de-retour-dans-larene-electorale-malgre-un-lourd-passif-politique\/"},"author":{"name":"La Tribune News","@id":"https:\/\/latribunenews.com\/#\/schema\/person\/80e6390c7f17ddf6d4800d8312efdff9"},"headline":"Michel Martelly de retour dans l&#8217;ar\u00e8ne \u00e9lectorale, malgr\u00e9 un lourd passif politique\u00a0","datePublished":"2026-08-31T14:10:16+00:00","mainEntityOfPage":{"@id":"https:\/\/latribunenews.com\/index.php\/2026\/08\/31\/michel-martelly-de-retour-dans-larene-electorale-malgre-un-lourd-passif-politique\/"},"wordCount":227,"publisher":{"@id":"https:\/\/latribunenews.com\/#organization"},"image":{"@id":"https:\/\/latribunenews.com\/index.php\/2026\/08\/31\/michel-martelly-de-retour-dans-larene-electorale-malgre-un-lourd-passif-politique\/#primaryimage"},"thumbnailUrl":"https:\/\/latribunenews.com\/wp-content\/uploads\/2026\/08\/IMG-20260831-WA0018.jpg","keywords":["\u00c9lections","Michel Martelly"],"articleSection":["Actu","Actualit\u00e9s"],"inLanguage":"en-US"},{"@type":"WebPage","@id":"https:\/\/latribunenews.com\/index.php\/2026\/08\/31\/michel-martelly-de-retour-dans-larene-electorale-malgre-un-lourd-passif-politique\/","url":"https:\/\/latribunenews.com\/index.php\/2026\/08\/31\/michel-martelly-de-retour-dans-larene-electorale-malgre-un-lourd-passif-politique\/","name":"Michel Martelly de retour dans l'ar\u00e8ne \u00e9lectorale, malgr\u00e9 un lourd passif politique\u00a0 - LA TRIBUNE NEWS","isPartOf":{"@id":"https:\/\/latribunenews.com\/#website"},"primaryImageOfPage":{"@id":"https:\/\/latribunenews.com\/index.php\/2026\/08\/31\/michel-martelly-de-retour-dans-larene-electorale-malgre-un-lourd-passif-politique\/#primaryimage"},"image":{"@id":"https:\/\/latribunenews.com\/index.php\/2026\/08\/31\/michel-martelly-de-retour-dans-larene-electorale-malgre-un-lourd-passif-politique\/#primaryimage"},"thumbnailUrl":"https:\/\/latribunenews.com\/wp-content\/uploads\/2026\/08\/IMG-20260831-WA0018.jpg","datePublished":"2026-08-31T14:10:16+00:00","breadcrumb":{"@id":"https:\/\/latribunenews.com\/index.php\/2026\/08\/31\/michel-martelly-de-retour-dans-larene-electorale-malgre-un-lourd-passif-politique\/#breadcrumb"},"inLanguage":"en-US","potentialAction":[{"@type":"ReadAction","target":["https:\/\/latribunenews.com\/index.php\/2026\/08\/31\/michel-martelly-de-retour-dans-larene-electorale-malgre-un-lourd-passif-politique\/"]}]},{"@type":"ImageObject","inLanguage":"en-US","@id":"https:\/\/latribunenews.com\/index.php\/2026\/08\/31\/michel-martelly-de-retour-dans-larene-electorale-malgre-un-lourd-passif-politique\/#primaryimage","url":"https:\/\/latribunenews.com\/wp-content\/uploads\/2026\/08\/IMG-20260831-WA0018.jpg","contentUrl":"https:\/\/latribunenews.com\/wp-content\/uploads\/2026\/08\/IMG-20260831-WA0018.jpg","width":958,"height":532},{"@type":"BreadcrumbList","@id":"https:\/\/latribunenews.com\/index.php\/2026\/08\/31\/michel-martelly-de-retour-dans-larene-electorale-malgre-un-lourd-passif-politique\/#breadcrumb","itemListElement":[{"@type":"ListItem","position":1,"name":"Home","item":"https:\/\/latribunenews.com\/"},{"@type":"ListItem","position":2,"name":"Michel Martelly de retour dans l&#8217;ar\u00e8ne \u00e9lectorale, malgr\u00e9 un lourd passif politique\u00a0"}]},{"@type":"WebSite","@id":"https:\/\/latribunenews.com\/#website","url":"https:\/\/latribunenews.com\/","name":"LA TRIBUNE NEWS","description":"L&#039;INFO","publisher":{"@id":"https:\/\/latribunenews.com\/#organization"},"potentialAction":[{"@type":"SearchAction","target":{"@type":"EntryPoint","urlTemplate":"https:\/\/latribunenews.com\/?s={search_term_string}"},"query-input":{"@type":"PropertyValueSpecification","valueRequired":true,"valueName":"search_term_string"}}],"inLanguage":"en-US"},{"@type":"Organization","@id":"https:\/\/latribunenews.com\/#organization","name":"LA TRIBUNE NEWS","url":"https:\/\/latribunenews.com\/","logo":{"@type":"ImageObject","inLanguage":"en-US","@id":"https:\/\/latribunenews.com\/#\/schema\/logo\/image\/","url":"https:\/\/latribunenews.com\/wp-content\/uploads\/2026\/08\/cropped-LOGO-LA-TRITUBE.png","contentUrl":"https:\/\/latribunenews.com\/wp-content\/uploads\/2026\/08\/cropped-LOGO-LA-TRITUBE.png","width":1254,"height":766,"caption":"LA TRIBUNE NEWS"},"image":{"@id":"https:\/\/latribunenews.com\/#\/schema\/logo\/image\/"}},{"@type":"Person","@id":"https:\/\/latribunenews.com\/#\/schema\/person\/80e6390c7f17ddf6d4800d8312efdff9","name":"La Tribune News","image":{"@type":"ImageObject","inLanguage":"en-US","@id":"https:\/\/secure.gravatar.com\/avatar\/3f4acc70b63ca0076cf232c0b3931e57bcf757c06f357d5ebc1b7077f6872e95?s=96&d=mm&r=g","url":"https:\/\/secure.gravatar.com\/avatar\/3f4acc70b63ca0076cf232c0b3931e57bcf757c06f357d5ebc1b7077f6872e95?s=96&d=mm&r=g","contentUrl":"https:\/\/secure.gravatar.com\/avatar\/3f4acc70b63ca0076cf232c0b3931e57bcf757c06f357d5ebc1b7077f6872e95?s=96&d=mm&r=g","caption":"La Tribune News"},"sameAs":["https:\/\/latribunenews.com"],"url":"https:\/\/latribunenews.com\/index.php\/author\/admin\/"}]}},"_links":{"self":[{"href":"https:\/\/latribunenews.com\/index.php\/wp-json\/wp\/v2\/posts\/1950","targetHints":{"allow":["GET"]}}],"collection":[{"href":"https:\/\/latribunenews.com\/index.php\/wp-json\/wp\/v2\/posts"}],"about":[{"href":"https:\/\/latribunenews.com\/index.php\/wp-json\/wp\/v2\/types\/post"}],"author":[{"embeddable":true,"href":"https:\/\/latribunenews.com\/index.php\/wp-json\/wp\/v2\/users\/1"}],"replies":[{"embeddable":true,"href":"https:\/\/latribunenews.com\/index.php\/wp-json\/wp\/v2\/comments?post=1950"}],"version-history":[{"count":1,"href":"https:\/\/latribunenews.com\/index.php\/wp-json\/wp\/v2\/posts\/1950\/revisions"}],"predecessor-version":[{"id":1952,"href":"https:\/\/latribunenews.com\/index.php\/wp-json\/wp\/v2\/posts\/1950\/revisions\/1952"}],"wp:featuredmedia":[{"embeddable":true,"href":"https:\/\/latribunenews.com\/index.php\/wp-json\/wp\/v2\/media\/1951"}],"wp:attachment":[{"href":"https:\/\/latribunenews.com\/index.php\/wp-json\/wp\/v2\/media?parent=1950"}],"wp:term":[{"taxonomy":"category","embeddable":true,"href":"https:\/\/latribunenews.com\/index.php\/wp-json\/wp\/v2\/categories?post=1950"},{"taxonomy":"post_tag","embeddable":true,"href":"https:\/\/latribunenews.com\/index.php\/wp-json\/wp\/v2\/tags?post=1950"}],"curies":[{"name":"wp","href":"https:\/\/api.w.org\/{rel}","templated":true}]}}