{"id":1945,"date":"2026-08-31T15:44:13","date_gmt":"2026-08-31T13:44:13","guid":{"rendered":"https:\/\/latribunenews.com\/?p=1945"},"modified":"2026-08-31T15:44:13","modified_gmt":"2026-08-31T13:44:13","slug":"haiti-appelle-le-conseil-de-securite-a-une-reponse-internationale-rapide-apres-le-massacre-de-kenscoff","status":"publish","type":"post","link":"https:\/\/latribunenews.com\/index.php\/2026\/08\/31\/haiti-appelle-le-conseil-de-securite-a-une-reponse-internationale-rapide-apres-le-massacre-de-kenscoff\/","title":{"rendered":"Ha\u00efti appelle le Conseil de s\u00e9curit\u00e9 \u00e0 une r\u00e9ponse internationale rapide apr\u00e8s le massacre de Kenscoff"},"content":{"rendered":"<p>Lors d\u2019une r\u00e9union organis\u00e9e vendredi au Conseil de s\u00e9curit\u00e9 des Nations unies, l\u2019ambassadeur d\u2019Ha\u00efti aupr\u00e8s de l\u2019ONU, Pierre Ericq Pierre s\u2019exprimant au nom du pays, a appel\u00e9 \u00e0 une r\u00e9ponse rapide, coordonn\u00e9e et r\u00e9solue de la communaut\u00e9 internationale face \u00e0 la grave d\u00e9t\u00e9rioration de la situation s\u00e9curitaire.<\/p>\n<p>Le repr\u00e9sentant ha\u00eftien a notamment \u00e9voqu\u00e9 le massacre perp\u00e9tr\u00e9 \u00e0 Kenscoff qui a fait plusieurs dizaines de victimes. Face \u00e0 ce drame, Ha\u00efti a insist\u00e9 sur la n\u00e9cessit\u00e9 d\u2019une mobilisation accrue afin de r\u00e9pondre \u00e0 l\u2019urgence s\u00e9curitaire et de renforcer les efforts visant \u00e0 prot\u00e9ger la population.<\/p>\n<p>Cette rencontre de haut niveau, \u00e0 laquelle ont pris part plusieurs d\u00e9l\u00e9gations, notamment celles des \u00c9tats-Unis, du Panama, du Br\u00e9sil et de la France, a permis d\u2019aborder plusieurs dossiers majeurs concernant Ha\u00efti. Les discussions ont port\u00e9, entre autres, sur le r\u00f4le de la Force de r\u00e9pression des gangs (FRG), le renforcement de l\u2019application de l\u2019embargo sur les armes ainsi que les perspectives politiques et institutionnelles du pays.<\/p>\n<p>\u00c0 travers cette intervention, Ha\u00efti a une nouvelle fois plaid\u00e9 pour une action internationale concert\u00e9e, \u00e0 la hauteur de l\u2019ampleur de la crise s\u00e9curitaire et des d\u00e9fis politiques auxquels le pays demeure confront\u00e9.<\/p>\n","protected":false},"excerpt":{"rendered":"<p>Lors d\u2019une r\u00e9union organis\u00e9e vendredi au Conseil de s\u00e9curit\u00e9 des Nations unies, l\u2019ambassadeur d\u2019Ha\u00efti aupr\u00e8s de l\u2019ONU, Pierre Ericq Pierre s\u2019exprimant au nom du pays, a appel\u00e9 \u00e0 une r\u00e9ponse&hellip;<\/p>\n","protected":false},"author":1,"featured_media":1946,"comment_status":"closed","ping_status":"closed","sticky":false,"template":"","format":"standard","meta":{"footnotes":""},"categories":[1,29,28,30,38],"tags":[116,106,108],"class_list":["post-1945","post","type-post","status-publish","format-standard","has-post-thumbnail","hentry","category-actu","category-actualites","category-diplomatie","category-politique","category-securite","tag-conseil-de-securite","tag-haiti","tag-securite"],"yoast_head":"<!-- This site is optimized with the Yoast SEO plugin v28.3 - https:\/\/yoast.com\/product\/yoast-seo-wordpress\/ -->\n<title>Ha\u00efti appelle le Conseil de s\u00e9curit\u00e9 \u00e0 une r\u00e9ponse internationale rapide apr\u00e8s le massacre de Kenscoff - LA TRIBUNE NEWS<\/title>\n<meta name=\"robots\" content=\"index, follow, max-snippet:-1, max-image-preview:large, max-video-preview:-1\" \/>\n<link rel=\"canonical\" href=\"https:\/\/latribunenews.com\/index.php\/2026\/08\/31\/haiti-appelle-le-conseil-de-securite-a-une-reponse-internationale-rapide-apres-le-massacre-de-kenscoff\/\" \/>\n<meta property=\"og:locale\" content=\"en_US\" \/>\n<meta property=\"og:type\" content=\"article\" \/>\n<meta property=\"og:title\" content=\"Ha\u00efti appelle le Conseil de s\u00e9curit\u00e9 \u00e0 une r\u00e9ponse internationale rapide apr\u00e8s le massacre de Kenscoff - LA TRIBUNE NEWS\" \/>\n<meta property=\"og:description\" content=\"Lors d\u2019une r\u00e9union organis\u00e9e vendredi au Conseil de s\u00e9curit\u00e9 des Nations unies, l\u2019ambassadeur d\u2019Ha\u00efti aupr\u00e8s de l\u2019ONU, Pierre Ericq Pierre s\u2019exprimant au nom du pays, a appel\u00e9 \u00e0 une r\u00e9ponse&hellip;\" \/>\n<meta property=\"og:url\" content=\"https:\/\/latribunenews.com\/index.php\/2026\/08\/31\/haiti-appelle-le-conseil-de-securite-a-une-reponse-internationale-rapide-apres-le-massacre-de-kenscoff\/\" \/>\n<meta property=\"og:site_name\" content=\"LA TRIBUNE NEWS\" \/>\n<meta property=\"article:published_time\" content=\"2026-08-31T13:44:13+00:00\" \/>\n<meta property=\"og:image\" content=\"https:\/\/latribunenews.com\/wp-content\/uploads\/2026\/08\/IMG-20260831-WA0020.jpg\" \/>\n\t<meta property=\"og:image:width\" content=\"1280\" \/>\n\t<meta property=\"og:image:height\" content=\"718\" \/>\n\t<meta property=\"og:image:type\" content=\"image\/jpeg\" \/>\n<meta name=\"author\" content=\"La Tribune News\" \/>\n<meta name=\"twitter:card\" content=\"summary_large_image\" \/>\n<meta name=\"twitter:label1\" content=\"Written by\" \/>\n\t<meta name=\"twitter:data1\" content=\"La Tribune News\" \/>\n\t<meta name=\"twitter:label2\" content=\"Est. reading time\" \/>\n\t<meta name=\"twitter:data2\" content=\"2 minutes\" \/>\n<script type=\"application\/ld+json\" class=\"yoast-schema-graph\">{\"@context\":\"https:\\\/\\\/schema.org\",\"@graph\":[{\"@type\":\"Article\",\"@id\":\"https:\\\/\\\/latribunenews.com\\\/index.php\\\/2026\\\/08\\\/31\\\/haiti-appelle-le-conseil-de-securite-a-une-reponse-internationale-rapide-apres-le-massacre-de-kenscoff\\\/#article\",\"isPartOf\":{\"@id\":\"https:\\\/\\\/latribunenews.com\\\/index.php\\\/2026\\\/08\\\/31\\\/haiti-appelle-le-conseil-de-securite-a-une-reponse-internationale-rapide-apres-le-massacre-de-kenscoff\\\/\"},\"author\":{\"name\":\"La Tribune News\",\"@id\":\"https:\\\/\\\/latribunenews.com\\\/#\\\/schema\\\/person\\\/80e6390c7f17ddf6d4800d8312efdff9\"},\"headline\":\"Ha\u00efti appelle le Conseil de s\u00e9curit\u00e9 \u00e0 une r\u00e9ponse internationale rapide apr\u00e8s le massacre de Kenscoff\",\"datePublished\":\"2026-08-31T13:44:13+00:00\",\"mainEntityOfPage\":{\"@id\":\"https:\\\/\\\/latribunenews.com\\\/index.php\\\/2026\\\/08\\\/31\\\/haiti-appelle-le-conseil-de-securite-a-une-reponse-internationale-rapide-apres-le-massacre-de-kenscoff\\\/\"},\"wordCount\":244,\"publisher\":{\"@id\":\"https:\\\/\\\/latribunenews.com\\\/#organization\"},\"image\":{\"@id\":\"https:\\\/\\\/latribunenews.com\\\/index.php\\\/2026\\\/08\\\/31\\\/haiti-appelle-le-conseil-de-securite-a-une-reponse-internationale-rapide-apres-le-massacre-de-kenscoff\\\/#primaryimage\"},\"thumbnailUrl\":\"https:\\\/\\\/latribunenews.com\\\/wp-content\\\/uploads\\\/2026\\\/08\\\/IMG-20260831-WA0020.jpg\",\"keywords\":[\"Conseil de s\u00e9curit\u00e9\",\"Ha\u00efti\",\"S\u00e9curit\u00e9\"],\"articleSection\":[\"Actu\",\"Actualit\u00e9s\",\"Diplomatie\",\"Politique\",\"Securit\u00e9\"],\"inLanguage\":\"en-US\"},{\"@type\":\"WebPage\",\"@id\":\"https:\\\/\\\/latribunenews.com\\\/index.php\\\/2026\\\/08\\\/31\\\/haiti-appelle-le-conseil-de-securite-a-une-reponse-internationale-rapide-apres-le-massacre-de-kenscoff\\\/\",\"url\":\"https:\\\/\\\/latribunenews.com\\\/index.php\\\/2026\\\/08\\\/31\\\/haiti-appelle-le-conseil-de-securite-a-une-reponse-internationale-rapide-apres-le-massacre-de-kenscoff\\\/\",\"name\":\"Ha\u00efti appelle le Conseil de s\u00e9curit\u00e9 \u00e0 une r\u00e9ponse internationale rapide apr\u00e8s le massacre de Kenscoff - LA TRIBUNE NEWS\",\"isPartOf\":{\"@id\":\"https:\\\/\\\/latribunenews.com\\\/#website\"},\"primaryImageOfPage\":{\"@id\":\"https:\\\/\\\/latribunenews.com\\\/index.php\\\/2026\\\/08\\\/31\\\/haiti-appelle-le-conseil-de-securite-a-une-reponse-internationale-rapide-apres-le-massacre-de-kenscoff\\\/#primaryimage\"},\"image\":{\"@id\":\"https:\\\/\\\/latribunenews.com\\\/index.php\\\/2026\\\/08\\\/31\\\/haiti-appelle-le-conseil-de-securite-a-une-reponse-internationale-rapide-apres-le-massacre-de-kenscoff\\\/#primaryimage\"},\"thumbnailUrl\":\"https:\\\/\\\/latribunenews.com\\\/wp-content\\\/uploads\\\/2026\\\/08\\\/IMG-20260831-WA0020.jpg\",\"datePublished\":\"2026-08-31T13:44:13+00:00\",\"breadcrumb\":{\"@id\":\"https:\\\/\\\/latribunenews.com\\\/index.php\\\/2026\\\/08\\\/31\\\/haiti-appelle-le-conseil-de-securite-a-une-reponse-internationale-rapide-apres-le-massacre-de-kenscoff\\\/#breadcrumb\"},\"inLanguage\":\"en-US\",\"potentialAction\":[{\"@type\":\"ReadAction\",\"target\":[\"https:\\\/\\\/latribunenews.com\\\/index.php\\\/2026\\\/08\\\/31\\\/haiti-appelle-le-conseil-de-securite-a-une-reponse-internationale-rapide-apres-le-massacre-de-kenscoff\\\/\"]}]},{\"@type\":\"ImageObject\",\"inLanguage\":\"en-US\",\"@id\":\"https:\\\/\\\/latribunenews.com\\\/index.php\\\/2026\\\/08\\\/31\\\/haiti-appelle-le-conseil-de-securite-a-une-reponse-internationale-rapide-apres-le-massacre-de-kenscoff\\\/#primaryimage\",\"url\":\"https:\\\/\\\/latribunenews.com\\\/wp-content\\\/uploads\\\/2026\\\/08\\\/IMG-20260831-WA0020.jpg\",\"contentUrl\":\"https:\\\/\\\/latribunenews.com\\\/wp-content\\\/uploads\\\/2026\\\/08\\\/IMG-20260831-WA0020.jpg\",\"width\":1280,\"height\":718},{\"@type\":\"BreadcrumbList\",\"@id\":\"https:\\\/\\\/latribunenews.com\\\/index.php\\\/2026\\\/08\\\/31\\\/haiti-appelle-le-conseil-de-securite-a-une-reponse-internationale-rapide-apres-le-massacre-de-kenscoff\\\/#breadcrumb\",\"itemListElement\":[{\"@type\":\"ListItem\",\"position\":1,\"name\":\"Home\",\"item\":\"https:\\\/\\\/latribunenews.com\\\/\"},{\"@type\":\"ListItem\",\"position\":2,\"name\":\"Ha\u00efti appelle le Conseil de s\u00e9curit\u00e9 \u00e0 une r\u00e9ponse internationale rapide apr\u00e8s le massacre de Kenscoff\"}]},{\"@type\":\"WebSite\",\"@id\":\"https:\\\/\\\/latribunenews.com\\\/#website\",\"url\":\"https:\\\/\\\/latribunenews.com\\\/\",\"name\":\"LA TRIBUNE NEWS\",\"description\":\"L&#039;INFO\",\"publisher\":{\"@id\":\"https:\\\/\\\/latribunenews.com\\\/#organization\"},\"potentialAction\":[{\"@type\":\"SearchAction\",\"target\":{\"@type\":\"EntryPoint\",\"urlTemplate\":\"https:\\\/\\\/latribunenews.com\\\/?s={search_term_string}\"},\"query-input\":{\"@type\":\"PropertyValueSpecification\",\"valueRequired\":true,\"valueName\":\"search_term_string\"}}],\"inLanguage\":\"en-US\"},{\"@type\":\"Organization\",\"@id\":\"https:\\\/\\\/latribunenews.com\\\/#organization\",\"name\":\"LA TRIBUNE NEWS\",\"url\":\"https:\\\/\\\/latribunenews.com\\\/\",\"logo\":{\"@type\":\"ImageObject\",\"inLanguage\":\"en-US\",\"@id\":\"https:\\\/\\\/latribunenews.com\\\/#\\\/schema\\\/logo\\\/image\\\/\",\"url\":\"https:\\\/\\\/latribunenews.com\\\/wp-content\\\/uploads\\\/2026\\\/08\\\/cropped-LOGO-LA-TRITUBE.png\",\"contentUrl\":\"https:\\\/\\\/latribunenews.com\\\/wp-content\\\/uploads\\\/2026\\\/08\\\/cropped-LOGO-LA-TRITUBE.png\",\"width\":1254,\"height\":766,\"caption\":\"LA TRIBUNE NEWS\"},\"image\":{\"@id\":\"https:\\\/\\\/latribunenews.com\\\/#\\\/schema\\\/logo\\\/image\\\/\"}},{\"@type\":\"Person\",\"@id\":\"https:\\\/\\\/latribunenews.com\\\/#\\\/schema\\\/person\\\/80e6390c7f17ddf6d4800d8312efdff9\",\"name\":\"La Tribune News\",\"image\":{\"@type\":\"ImageObject\",\"inLanguage\":\"en-US\",\"@id\":\"https:\\\/\\\/secure.gravatar.com\\\/avatar\\\/3f4acc70b63ca0076cf232c0b3931e57bcf757c06f357d5ebc1b7077f6872e95?s=96&d=mm&r=g\",\"url\":\"https:\\\/\\\/secure.gravatar.com\\\/avatar\\\/3f4acc70b63ca0076cf232c0b3931e57bcf757c06f357d5ebc1b7077f6872e95?s=96&d=mm&r=g\",\"contentUrl\":\"https:\\\/\\\/secure.gravatar.com\\\/avatar\\\/3f4acc70b63ca0076cf232c0b3931e57bcf757c06f357d5ebc1b7077f6872e95?s=96&d=mm&r=g\",\"caption\":\"La Tribune News\"},\"sameAs\":[\"https:\\\/\\\/latribunenews.com\"],\"url\":\"https:\\\/\\\/latribunenews.com\\\/index.php\\\/author\\\/admin\\\/\"}]}<\/script>\n<!-- \/ Yoast SEO plugin. -->","yoast_head_json":{"title":"Ha\u00efti appelle le Conseil de s\u00e9curit\u00e9 \u00e0 une r\u00e9ponse internationale rapide apr\u00e8s le massacre de Kenscoff - LA TRIBUNE NEWS","robots":{"index":"index","follow":"follow","max-snippet":"max-snippet:-1","max-image-preview":"max-image-preview:large","max-video-preview":"max-video-preview:-1"},"canonical":"https:\/\/latribunenews.com\/index.php\/2026\/08\/31\/haiti-appelle-le-conseil-de-securite-a-une-reponse-internationale-rapide-apres-le-massacre-de-kenscoff\/","og_locale":"en_US","og_type":"article","og_title":"Ha\u00efti appelle le Conseil de s\u00e9curit\u00e9 \u00e0 une r\u00e9ponse internationale rapide apr\u00e8s le massacre de Kenscoff - LA TRIBUNE NEWS","og_description":"Lors d\u2019une r\u00e9union organis\u00e9e vendredi au Conseil de s\u00e9curit\u00e9 des Nations unies, l\u2019ambassadeur d\u2019Ha\u00efti aupr\u00e8s de l\u2019ONU, Pierre Ericq Pierre s\u2019exprimant au nom du pays, a appel\u00e9 \u00e0 une r\u00e9ponse&hellip;","og_url":"https:\/\/latribunenews.com\/index.php\/2026\/08\/31\/haiti-appelle-le-conseil-de-securite-a-une-reponse-internationale-rapide-apres-le-massacre-de-kenscoff\/","og_site_name":"LA TRIBUNE NEWS","article_published_time":"2026-08-31T13:44:13+00:00","og_image":[{"width":1280,"height":718,"url":"https:\/\/latribunenews.com\/wp-content\/uploads\/2026\/08\/IMG-20260831-WA0020.jpg","type":"image\/jpeg"}],"author":"La Tribune News","twitter_card":"summary_large_image","twitter_misc":{"Written by":"La Tribune News","Est. reading time":"2 minutes"},"schema":{"@context":"https:\/\/schema.org","@graph":[{"@type":"Article","@id":"https:\/\/latribunenews.com\/index.php\/2026\/08\/31\/haiti-appelle-le-conseil-de-securite-a-une-reponse-internationale-rapide-apres-le-massacre-de-kenscoff\/#article","isPartOf":{"@id":"https:\/\/latribunenews.com\/index.php\/2026\/08\/31\/haiti-appelle-le-conseil-de-securite-a-une-reponse-internationale-rapide-apres-le-massacre-de-kenscoff\/"},"author":{"name":"La Tribune News","@id":"https:\/\/latribunenews.com\/#\/schema\/person\/80e6390c7f17ddf6d4800d8312efdff9"},"headline":"Ha\u00efti appelle le Conseil de s\u00e9curit\u00e9 \u00e0 une r\u00e9ponse internationale rapide apr\u00e8s le massacre de Kenscoff","datePublished":"2026-08-31T13:44:13+00:00","mainEntityOfPage":{"@id":"https:\/\/latribunenews.com\/index.php\/2026\/08\/31\/haiti-appelle-le-conseil-de-securite-a-une-reponse-internationale-rapide-apres-le-massacre-de-kenscoff\/"},"wordCount":244,"publisher":{"@id":"https:\/\/latribunenews.com\/#organization"},"image":{"@id":"https:\/\/latribunenews.com\/index.php\/2026\/08\/31\/haiti-appelle-le-conseil-de-securite-a-une-reponse-internationale-rapide-apres-le-massacre-de-kenscoff\/#primaryimage"},"thumbnailUrl":"https:\/\/latribunenews.com\/wp-content\/uploads\/2026\/08\/IMG-20260831-WA0020.jpg","keywords":["Conseil de s\u00e9curit\u00e9","Ha\u00efti","S\u00e9curit\u00e9"],"articleSection":["Actu","Actualit\u00e9s","Diplomatie","Politique","Securit\u00e9"],"inLanguage":"en-US"},{"@type":"WebPage","@id":"https:\/\/latribunenews.com\/index.php\/2026\/08\/31\/haiti-appelle-le-conseil-de-securite-a-une-reponse-internationale-rapide-apres-le-massacre-de-kenscoff\/","url":"https:\/\/latribunenews.com\/index.php\/2026\/08\/31\/haiti-appelle-le-conseil-de-securite-a-une-reponse-internationale-rapide-apres-le-massacre-de-kenscoff\/","name":"Ha\u00efti appelle le Conseil de s\u00e9curit\u00e9 \u00e0 une r\u00e9ponse internationale rapide apr\u00e8s le massacre de Kenscoff - LA TRIBUNE NEWS","isPartOf":{"@id":"https:\/\/latribunenews.com\/#website"},"primaryImageOfPage":{"@id":"https:\/\/latribunenews.com\/index.php\/2026\/08\/31\/haiti-appelle-le-conseil-de-securite-a-une-reponse-internationale-rapide-apres-le-massacre-de-kenscoff\/#primaryimage"},"image":{"@id":"https:\/\/latribunenews.com\/index.php\/2026\/08\/31\/haiti-appelle-le-conseil-de-securite-a-une-reponse-internationale-rapide-apres-le-massacre-de-kenscoff\/#primaryimage"},"thumbnailUrl":"https:\/\/latribunenews.com\/wp-content\/uploads\/2026\/08\/IMG-20260831-WA0020.jpg","datePublished":"2026-08-31T13:44:13+00:00","breadcrumb":{"@id":"https:\/\/latribunenews.com\/index.php\/2026\/08\/31\/haiti-appelle-le-conseil-de-securite-a-une-reponse-internationale-rapide-apres-le-massacre-de-kenscoff\/#breadcrumb"},"inLanguage":"en-US","potentialAction":[{"@type":"ReadAction","target":["https:\/\/latribunenews.com\/index.php\/2026\/08\/31\/haiti-appelle-le-conseil-de-securite-a-une-reponse-internationale-rapide-apres-le-massacre-de-kenscoff\/"]}]},{"@type":"ImageObject","inLanguage":"en-US","@id":"https:\/\/latribunenews.com\/index.php\/2026\/08\/31\/haiti-appelle-le-conseil-de-securite-a-une-reponse-internationale-rapide-apres-le-massacre-de-kenscoff\/#primaryimage","url":"https:\/\/latribunenews.com\/wp-content\/uploads\/2026\/08\/IMG-20260831-WA0020.jpg","contentUrl":"https:\/\/latribunenews.com\/wp-content\/uploads\/2026\/08\/IMG-20260831-WA0020.jpg","width":1280,"height":718},{"@type":"BreadcrumbList","@id":"https:\/\/latribunenews.com\/index.php\/2026\/08\/31\/haiti-appelle-le-conseil-de-securite-a-une-reponse-internationale-rapide-apres-le-massacre-de-kenscoff\/#breadcrumb","itemListElement":[{"@type":"ListItem","position":1,"name":"Home","item":"https:\/\/latribunenews.com\/"},{"@type":"ListItem","position":2,"name":"Ha\u00efti appelle le Conseil de s\u00e9curit\u00e9 \u00e0 une r\u00e9ponse internationale rapide apr\u00e8s le massacre de Kenscoff"}]},{"@type":"WebSite","@id":"https:\/\/latribunenews.com\/#website","url":"https:\/\/latribunenews.com\/","name":"LA TRIBUNE NEWS","description":"L&#039;INFO","publisher":{"@id":"https:\/\/latribunenews.com\/#organization"},"potentialAction":[{"@type":"SearchAction","target":{"@type":"EntryPoint","urlTemplate":"https:\/\/latribunenews.com\/?s={search_term_string}"},"query-input":{"@type":"PropertyValueSpecification","valueRequired":true,"valueName":"search_term_string"}}],"inLanguage":"en-US"},{"@type":"Organization","@id":"https:\/\/latribunenews.com\/#organization","name":"LA TRIBUNE NEWS","url":"https:\/\/latribunenews.com\/","logo":{"@type":"ImageObject","inLanguage":"en-US","@id":"https:\/\/latribunenews.com\/#\/schema\/logo\/image\/","url":"https:\/\/latribunenews.com\/wp-content\/uploads\/2026\/08\/cropped-LOGO-LA-TRITUBE.png","contentUrl":"https:\/\/latribunenews.com\/wp-content\/uploads\/2026\/08\/cropped-LOGO-LA-TRITUBE.png","width":1254,"height":766,"caption":"LA TRIBUNE NEWS"},"image":{"@id":"https:\/\/latribunenews.com\/#\/schema\/logo\/image\/"}},{"@type":"Person","@id":"https:\/\/latribunenews.com\/#\/schema\/person\/80e6390c7f17ddf6d4800d8312efdff9","name":"La Tribune News","image":{"@type":"ImageObject","inLanguage":"en-US","@id":"https:\/\/secure.gravatar.com\/avatar\/3f4acc70b63ca0076cf232c0b3931e57bcf757c06f357d5ebc1b7077f6872e95?s=96&d=mm&r=g","url":"https:\/\/secure.gravatar.com\/avatar\/3f4acc70b63ca0076cf232c0b3931e57bcf757c06f357d5ebc1b7077f6872e95?s=96&d=mm&r=g","contentUrl":"https:\/\/secure.gravatar.com\/avatar\/3f4acc70b63ca0076cf232c0b3931e57bcf757c06f357d5ebc1b7077f6872e95?s=96&d=mm&r=g","caption":"La Tribune News"},"sameAs":["https:\/\/latribunenews.com"],"url":"https:\/\/latribunenews.com\/index.php\/author\/admin\/"}]}},"_links":{"self":[{"href":"https:\/\/latribunenews.com\/index.php\/wp-json\/wp\/v2\/posts\/1945","targetHints":{"allow":["GET"]}}],"collection":[{"href":"https:\/\/latribunenews.com\/index.php\/wp-json\/wp\/v2\/posts"}],"about":[{"href":"https:\/\/latribunenews.com\/index.php\/wp-json\/wp\/v2\/types\/post"}],"author":[{"embeddable":true,"href":"https:\/\/latribunenews.com\/index.php\/wp-json\/wp\/v2\/users\/1"}],"replies":[{"embeddable":true,"href":"https:\/\/latribunenews.com\/index.php\/wp-json\/wp\/v2\/comments?post=1945"}],"version-history":[{"count":1,"href":"https:\/\/latribunenews.com\/index.php\/wp-json\/wp\/v2\/posts\/1945\/revisions"}],"predecessor-version":[{"id":1947,"href":"https:\/\/latribunenews.com\/index.php\/wp-json\/wp\/v2\/posts\/1945\/revisions\/1947"}],"wp:featuredmedia":[{"embeddable":true,"href":"https:\/\/latribunenews.com\/index.php\/wp-json\/wp\/v2\/media\/1946"}],"wp:attachment":[{"href":"https:\/\/latribunenews.com\/index.php\/wp-json\/wp\/v2\/media?parent=1945"}],"wp:term":[{"taxonomy":"category","embeddable":true,"href":"https:\/\/latribunenews.com\/index.php\/wp-json\/wp\/v2\/categories?post=1945"},{"taxonomy":"post_tag","embeddable":true,"href":"https:\/\/latribunenews.com\/index.php\/wp-json\/wp\/v2\/tags?post=1945"}],"curies":[{"name":"wp","href":"https:\/\/api.w.org\/{rel}","templated":true}]}}