{"id":1941,"date":"2026-08-30T03:03:54","date_gmt":"2026-08-30T01:03:54","guid":{"rendered":"https:\/\/latribunenews.com\/?p=1941"},"modified":"2026-08-30T03:03:54","modified_gmt":"2026-08-30T01:03:54","slug":"viktwa-et-pascal-adrien-mobilisent-la-population-capoise-autour-dune-nouvelle-vision-pour-haiti","status":"publish","type":"post","link":"https:\/\/latribunenews.com\/index.php\/2026\/08\/30\/viktwa-et-pascal-adrien-mobilisent-la-population-capoise-autour-dune-nouvelle-vision-pour-haiti\/","title":{"rendered":"VIKTWA et Pascal ADRIEN mobilisent la population capoise autour d\u2019une nouvelle vision pour Ha\u00efti"},"content":{"rendered":"<p>En coh\u00e9rence avec le calendrier \u00e9lectoral pilot\u00e9 par le Conseil \u00e9lectoral provisoire (CEP), la mise en place progressive de la machine \u00e9lectorale se poursuit, malgr\u00e9 les d\u00e9fis s\u00e9curitaires et politiques ainsi que les nombreuses incertitudes qui p\u00e8sent encore sur le pays.<\/p>\n<p>De l\u2019enregistrement des formations politiques \u00e0 l\u2019inscription des \u00e9lecteurs sur le registre \u00e9lectoral, en passant par l\u2019ouverture des candidatures aux diff\u00e9rents postes \u00e9lectifs, notamment \u00e0 la pr\u00e9sidence, l\u2019activit\u00e9 \u00e9lectorale s\u2019intensifie progressivement \u00e0 travers le pays.<\/p>\n<p>Dans cette dynamique, le groupement politique VIKTWA, qui rassemble 52 partis et organisations politiques, entend prendre une part active au processus, consid\u00e9rant l\u2019organisation des \u00e9lections comme une \u00e9tape importante pour le renouvellement du personnel politique et la recherche d\u2019une stabilit\u00e9 durable en Ha\u00efti.<\/p>\n<p>Ce samedi 29 ao\u00fbt 2026, plusieurs de ses principales figures, parmi lesquelles Wilner JOSEPH, Jean-Henry C\u00e9ant et Pascal ADRIEN, ont officiellement pr\u00e9sent\u00e9 la structure \u00e0 Cap-Ha\u00eftien dans le cadre d\u2019une rencontre plac\u00e9e sous le signe du dialogue avec la population.<\/p>\n<p>Dans un contexte marqu\u00e9 par une profonde crise multidimensionnelle, VIKTWA affirme vouloir promouvoir des valeurs d\u2019int\u00e9grit\u00e9, de bonne gouvernance, de transparence et de responsabilit\u00e9 dans la conduite des affaires publiques. \u00c0 travers la poursuite du processus \u00e9lectoral, les dirigeants du groupement mettent notamment l\u2019accent sur l\u2019unit\u00e9 nationale, la participation des jeunes et la mobilisation citoyenne autour d\u2019une vision d\u2019une Ha\u00efti plus forte et plus prosp\u00e8re.<\/p>\n<p>\u00c0 l\u2019occasion de ce grand rassemblement, Pascal ADRIEN, l\u2019un des dirigeants du Mouvement national transparence (MNT-TOUTOUNI), a livr\u00e9 un discours ax\u00e9 sur le rassemblement et la mobilisation collective. Il a insist\u00e9 sur la n\u00e9cessit\u00e9 de mettre la comp\u00e9tence, l\u2019exp\u00e9rience et l\u2019engagement au service de l\u2019am\u00e9lioration des conditions de vie de chaque Ha\u00eftienne et de chaque Ha\u00eftien.<\/p>\n<p>Se pr\u00e9sentant comme un fils du peuple, conscient des r\u00e9alit\u00e9s quotidiennes auxquelles font face les populations des quartiers populaires, Pascal ADRIEN a r\u00e9affirm\u00e9 son engagement en faveur d\u2019une action politique davantage connect\u00e9e aux pr\u00e9occupations concr\u00e8tes de la population.<\/p>\n<p>\u00c0 travers une action commune et une mobilisation \u00e9largie de ses composantes, le groupement VIKTWA entend ainsi inscrire son action dans une dynamique de rel\u00e8vement national, fond\u00e9e sur la dignit\u00e9, la responsabilit\u00e9 et une meilleure prise en compte des d\u00e9fis socio-\u00e9conomiques auxquels fait face la population ha\u00eftienne.<\/p>\n","protected":false},"excerpt":{"rendered":"<p>En coh\u00e9rence avec le calendrier \u00e9lectoral pilot\u00e9 par le Conseil \u00e9lectoral provisoire (CEP), la mise en place progressive de la machine \u00e9lectorale se poursuit, malgr\u00e9 les d\u00e9fis s\u00e9curitaires et politiques&hellip;<\/p>\n","protected":false},"author":4,"featured_media":1942,"comment_status":"closed","ping_status":"closed","sticky":false,"template":"","format":"standard","meta":{"footnotes":""},"categories":[1,29,30],"tags":[],"class_list":["post-1941","post","type-post","status-publish","format-standard","has-post-thumbnail","hentry","category-actu","category-actualites","category-politique"],"yoast_head":"<!-- This site is optimized with the Yoast SEO plugin v28.3 - https:\/\/yoast.com\/product\/yoast-seo-wordpress\/ -->\n<title>VIKTWA et Pascal ADRIEN mobilisent la population capoise autour d\u2019une nouvelle vision pour Ha\u00efti - LA TRIBUNE NEWS<\/title>\n<meta name=\"description\" content=\"VIKTWA et Pascal ADRIEN mobilisent la population capoise autour d\u2019une nouvelle vision pour Ha\u00efti\" \/>\n<meta name=\"robots\" content=\"index, follow, max-snippet:-1, max-image-preview:large, max-video-preview:-1\" \/>\n<link rel=\"canonical\" href=\"https:\/\/latribunenews.com\/index.php\/2026\/08\/30\/viktwa-et-pascal-adrien-mobilisent-la-population-capoise-autour-dune-nouvelle-vision-pour-haiti\/\" \/>\n<meta property=\"og:locale\" content=\"en_US\" \/>\n<meta property=\"og:type\" content=\"article\" \/>\n<meta property=\"og:title\" content=\"VIKTWA et Pascal ADRIEN mobilisent la population capoise autour d\u2019une nouvelle vision pour Ha\u00efti - LA TRIBUNE NEWS\" \/>\n<meta property=\"og:description\" content=\"VIKTWA et Pascal ADRIEN mobilisent la population capoise autour d\u2019une nouvelle vision pour Ha\u00efti\" \/>\n<meta property=\"og:url\" content=\"https:\/\/latribunenews.com\/index.php\/2026\/08\/30\/viktwa-et-pascal-adrien-mobilisent-la-population-capoise-autour-dune-nouvelle-vision-pour-haiti\/\" \/>\n<meta property=\"og:site_name\" content=\"LA TRIBUNE NEWS\" \/>\n<meta property=\"article:published_time\" content=\"2026-08-30T01:03:54+00:00\" \/>\n<meta property=\"og:image\" content=\"https:\/\/latribunenews.com\/wp-content\/uploads\/2026\/08\/IMG_5488.jpeg\" \/>\n\t<meta property=\"og:image:width\" content=\"1290\" \/>\n\t<meta property=\"og:image:height\" content=\"882\" \/>\n\t<meta property=\"og:image:type\" content=\"image\/jpeg\" \/>\n<meta name=\"author\" content=\"lotymanasse7@gmail.com\" \/>\n<meta name=\"twitter:card\" content=\"summary_large_image\" \/>\n<meta name=\"twitter:label1\" content=\"Written by\" \/>\n\t<meta name=\"twitter:data1\" content=\"lotymanasse7@gmail.com\" \/>\n\t<meta name=\"twitter:label2\" content=\"Est. reading time\" \/>\n\t<meta name=\"twitter:data2\" content=\"2 minutes\" \/>\n<script type=\"application\/ld+json\" class=\"yoast-schema-graph\">{\"@context\":\"https:\\\/\\\/schema.org\",\"@graph\":[{\"@type\":\"Article\",\"@id\":\"https:\\\/\\\/latribunenews.com\\\/index.php\\\/2026\\\/08\\\/30\\\/viktwa-et-pascal-adrien-mobilisent-la-population-capoise-autour-dune-nouvelle-vision-pour-haiti\\\/#article\",\"isPartOf\":{\"@id\":\"https:\\\/\\\/latribunenews.com\\\/index.php\\\/2026\\\/08\\\/30\\\/viktwa-et-pascal-adrien-mobilisent-la-population-capoise-autour-dune-nouvelle-vision-pour-haiti\\\/\"},\"author\":{\"name\":\"lotymanasse7@gmail.com\",\"@id\":\"https:\\\/\\\/latribunenews.com\\\/#\\\/schema\\\/person\\\/72f79c064601728f0abdfe2bb5ed64cc\"},\"headline\":\"VIKTWA et Pascal ADRIEN mobilisent la population capoise autour d\u2019une nouvelle vision pour Ha\u00efti\",\"datePublished\":\"2026-08-30T01:03:54+00:00\",\"mainEntityOfPage\":{\"@id\":\"https:\\\/\\\/latribunenews.com\\\/index.php\\\/2026\\\/08\\\/30\\\/viktwa-et-pascal-adrien-mobilisent-la-population-capoise-autour-dune-nouvelle-vision-pour-haiti\\\/\"},\"wordCount\":424,\"publisher\":{\"@id\":\"https:\\\/\\\/latribunenews.com\\\/#organization\"},\"image\":{\"@id\":\"https:\\\/\\\/latribunenews.com\\\/index.php\\\/2026\\\/08\\\/30\\\/viktwa-et-pascal-adrien-mobilisent-la-population-capoise-autour-dune-nouvelle-vision-pour-haiti\\\/#primaryimage\"},\"thumbnailUrl\":\"https:\\\/\\\/latribunenews.com\\\/wp-content\\\/uploads\\\/2026\\\/08\\\/IMG_5488.jpeg\",\"articleSection\":[\"Actu\",\"Actualit\u00e9s\",\"Politique\"],\"inLanguage\":\"en-US\"},{\"@type\":\"WebPage\",\"@id\":\"https:\\\/\\\/latribunenews.com\\\/index.php\\\/2026\\\/08\\\/30\\\/viktwa-et-pascal-adrien-mobilisent-la-population-capoise-autour-dune-nouvelle-vision-pour-haiti\\\/\",\"url\":\"https:\\\/\\\/latribunenews.com\\\/index.php\\\/2026\\\/08\\\/30\\\/viktwa-et-pascal-adrien-mobilisent-la-population-capoise-autour-dune-nouvelle-vision-pour-haiti\\\/\",\"name\":\"VIKTWA et Pascal ADRIEN mobilisent la population capoise autour d\u2019une nouvelle vision pour Ha\u00efti - LA TRIBUNE NEWS\",\"isPartOf\":{\"@id\":\"https:\\\/\\\/latribunenews.com\\\/#website\"},\"primaryImageOfPage\":{\"@id\":\"https:\\\/\\\/latribunenews.com\\\/index.php\\\/2026\\\/08\\\/30\\\/viktwa-et-pascal-adrien-mobilisent-la-population-capoise-autour-dune-nouvelle-vision-pour-haiti\\\/#primaryimage\"},\"image\":{\"@id\":\"https:\\\/\\\/latribunenews.com\\\/index.php\\\/2026\\\/08\\\/30\\\/viktwa-et-pascal-adrien-mobilisent-la-population-capoise-autour-dune-nouvelle-vision-pour-haiti\\\/#primaryimage\"},\"thumbnailUrl\":\"https:\\\/\\\/latribunenews.com\\\/wp-content\\\/uploads\\\/2026\\\/08\\\/IMG_5488.jpeg\",\"datePublished\":\"2026-08-30T01:03:54+00:00\",\"description\":\"VIKTWA et Pascal ADRIEN mobilisent la population capoise autour d\u2019une nouvelle vision pour Ha\u00efti\",\"breadcrumb\":{\"@id\":\"https:\\\/\\\/latribunenews.com\\\/index.php\\\/2026\\\/08\\\/30\\\/viktwa-et-pascal-adrien-mobilisent-la-population-capoise-autour-dune-nouvelle-vision-pour-haiti\\\/#breadcrumb\"},\"inLanguage\":\"en-US\",\"potentialAction\":[{\"@type\":\"ReadAction\",\"target\":[\"https:\\\/\\\/latribunenews.com\\\/index.php\\\/2026\\\/08\\\/30\\\/viktwa-et-pascal-adrien-mobilisent-la-population-capoise-autour-dune-nouvelle-vision-pour-haiti\\\/\"]}]},{\"@type\":\"ImageObject\",\"inLanguage\":\"en-US\",\"@id\":\"https:\\\/\\\/latribunenews.com\\\/index.php\\\/2026\\\/08\\\/30\\\/viktwa-et-pascal-adrien-mobilisent-la-population-capoise-autour-dune-nouvelle-vision-pour-haiti\\\/#primaryimage\",\"url\":\"https:\\\/\\\/latribunenews.com\\\/wp-content\\\/uploads\\\/2026\\\/08\\\/IMG_5488.jpeg\",\"contentUrl\":\"https:\\\/\\\/latribunenews.com\\\/wp-content\\\/uploads\\\/2026\\\/08\\\/IMG_5488.jpeg\",\"width\":1290,\"height\":882,\"caption\":\"Screenshot\"},{\"@type\":\"BreadcrumbList\",\"@id\":\"https:\\\/\\\/latribunenews.com\\\/index.php\\\/2026\\\/08\\\/30\\\/viktwa-et-pascal-adrien-mobilisent-la-population-capoise-autour-dune-nouvelle-vision-pour-haiti\\\/#breadcrumb\",\"itemListElement\":[{\"@type\":\"ListItem\",\"position\":1,\"name\":\"Home\",\"item\":\"https:\\\/\\\/latribunenews.com\\\/\"},{\"@type\":\"ListItem\",\"position\":2,\"name\":\"VIKTWA et Pascal ADRIEN mobilisent la population capoise autour d\u2019une nouvelle vision pour Ha\u00efti\"}]},{\"@type\":\"WebSite\",\"@id\":\"https:\\\/\\\/latribunenews.com\\\/#website\",\"url\":\"https:\\\/\\\/latribunenews.com\\\/\",\"name\":\"LA TRIBUNE NEWS\",\"description\":\"L&#039;INFO\",\"publisher\":{\"@id\":\"https:\\\/\\\/latribunenews.com\\\/#organization\"},\"potentialAction\":[{\"@type\":\"SearchAction\",\"target\":{\"@type\":\"EntryPoint\",\"urlTemplate\":\"https:\\\/\\\/latribunenews.com\\\/?s={search_term_string}\"},\"query-input\":{\"@type\":\"PropertyValueSpecification\",\"valueRequired\":true,\"valueName\":\"search_term_string\"}}],\"inLanguage\":\"en-US\"},{\"@type\":\"Organization\",\"@id\":\"https:\\\/\\\/latribunenews.com\\\/#organization\",\"name\":\"LA TRIBUNE NEWS\",\"url\":\"https:\\\/\\\/latribunenews.com\\\/\",\"logo\":{\"@type\":\"ImageObject\",\"inLanguage\":\"en-US\",\"@id\":\"https:\\\/\\\/latribunenews.com\\\/#\\\/schema\\\/logo\\\/image\\\/\",\"url\":\"https:\\\/\\\/latribunenews.com\\\/wp-content\\\/uploads\\\/2026\\\/08\\\/cropped-LOGO-LA-TRITUBE.png\",\"contentUrl\":\"https:\\\/\\\/latribunenews.com\\\/wp-content\\\/uploads\\\/2026\\\/08\\\/cropped-LOGO-LA-TRITUBE.png\",\"width\":1254,\"height\":766,\"caption\":\"LA TRIBUNE NEWS\"},\"image\":{\"@id\":\"https:\\\/\\\/latribunenews.com\\\/#\\\/schema\\\/logo\\\/image\\\/\"}},{\"@type\":\"Person\",\"@id\":\"https:\\\/\\\/latribunenews.com\\\/#\\\/schema\\\/person\\\/72f79c064601728f0abdfe2bb5ed64cc\",\"name\":\"lotymanasse7@gmail.com\",\"image\":{\"@type\":\"ImageObject\",\"inLanguage\":\"en-US\",\"@id\":\"https:\\\/\\\/secure.gravatar.com\\\/avatar\\\/a0b45707c4c5e719a0e82a05650c433a085f54bd87a6cd5b76f430c870e857f0?s=96&d=mm&r=g\",\"url\":\"https:\\\/\\\/secure.gravatar.com\\\/avatar\\\/a0b45707c4c5e719a0e82a05650c433a085f54bd87a6cd5b76f430c870e857f0?s=96&d=mm&r=g\",\"contentUrl\":\"https:\\\/\\\/secure.gravatar.com\\\/avatar\\\/a0b45707c4c5e719a0e82a05650c433a085f54bd87a6cd5b76f430c870e857f0?s=96&d=mm&r=g\",\"caption\":\"lotymanasse7@gmail.com\"},\"url\":\"https:\\\/\\\/latribunenews.com\\\/index.php\\\/author\\\/lotymanasse7gmail-com\\\/\"}]}<\/script>\n<!-- \/ Yoast SEO plugin. -->","yoast_head_json":{"title":"VIKTWA et Pascal ADRIEN mobilisent la population capoise autour d\u2019une nouvelle vision pour Ha\u00efti - LA TRIBUNE NEWS","description":"VIKTWA et Pascal ADRIEN mobilisent la population capoise autour d\u2019une nouvelle vision pour Ha\u00efti","robots":{"index":"index","follow":"follow","max-snippet":"max-snippet:-1","max-image-preview":"max-image-preview:large","max-video-preview":"max-video-preview:-1"},"canonical":"https:\/\/latribunenews.com\/index.php\/2026\/08\/30\/viktwa-et-pascal-adrien-mobilisent-la-population-capoise-autour-dune-nouvelle-vision-pour-haiti\/","og_locale":"en_US","og_type":"article","og_title":"VIKTWA et Pascal ADRIEN mobilisent la population capoise autour d\u2019une nouvelle vision pour Ha\u00efti - LA TRIBUNE NEWS","og_description":"VIKTWA et Pascal ADRIEN mobilisent la population capoise autour d\u2019une nouvelle vision pour Ha\u00efti","og_url":"https:\/\/latribunenews.com\/index.php\/2026\/08\/30\/viktwa-et-pascal-adrien-mobilisent-la-population-capoise-autour-dune-nouvelle-vision-pour-haiti\/","og_site_name":"LA TRIBUNE NEWS","article_published_time":"2026-08-30T01:03:54+00:00","og_image":[{"width":1290,"height":882,"url":"https:\/\/latribunenews.com\/wp-content\/uploads\/2026\/08\/IMG_5488.jpeg","type":"image\/jpeg"}],"author":"lotymanasse7@gmail.com","twitter_card":"summary_large_image","twitter_misc":{"Written by":"lotymanasse7@gmail.com","Est. reading time":"2 minutes"},"schema":{"@context":"https:\/\/schema.org","@graph":[{"@type":"Article","@id":"https:\/\/latribunenews.com\/index.php\/2026\/08\/30\/viktwa-et-pascal-adrien-mobilisent-la-population-capoise-autour-dune-nouvelle-vision-pour-haiti\/#article","isPartOf":{"@id":"https:\/\/latribunenews.com\/index.php\/2026\/08\/30\/viktwa-et-pascal-adrien-mobilisent-la-population-capoise-autour-dune-nouvelle-vision-pour-haiti\/"},"author":{"name":"lotymanasse7@gmail.com","@id":"https:\/\/latribunenews.com\/#\/schema\/person\/72f79c064601728f0abdfe2bb5ed64cc"},"headline":"VIKTWA et Pascal ADRIEN mobilisent la population capoise autour d\u2019une nouvelle vision pour Ha\u00efti","datePublished":"2026-08-30T01:03:54+00:00","mainEntityOfPage":{"@id":"https:\/\/latribunenews.com\/index.php\/2026\/08\/30\/viktwa-et-pascal-adrien-mobilisent-la-population-capoise-autour-dune-nouvelle-vision-pour-haiti\/"},"wordCount":424,"publisher":{"@id":"https:\/\/latribunenews.com\/#organization"},"image":{"@id":"https:\/\/latribunenews.com\/index.php\/2026\/08\/30\/viktwa-et-pascal-adrien-mobilisent-la-population-capoise-autour-dune-nouvelle-vision-pour-haiti\/#primaryimage"},"thumbnailUrl":"https:\/\/latribunenews.com\/wp-content\/uploads\/2026\/08\/IMG_5488.jpeg","articleSection":["Actu","Actualit\u00e9s","Politique"],"inLanguage":"en-US"},{"@type":"WebPage","@id":"https:\/\/latribunenews.com\/index.php\/2026\/08\/30\/viktwa-et-pascal-adrien-mobilisent-la-population-capoise-autour-dune-nouvelle-vision-pour-haiti\/","url":"https:\/\/latribunenews.com\/index.php\/2026\/08\/30\/viktwa-et-pascal-adrien-mobilisent-la-population-capoise-autour-dune-nouvelle-vision-pour-haiti\/","name":"VIKTWA et Pascal ADRIEN mobilisent la population capoise autour d\u2019une nouvelle vision pour Ha\u00efti - LA TRIBUNE NEWS","isPartOf":{"@id":"https:\/\/latribunenews.com\/#website"},"primaryImageOfPage":{"@id":"https:\/\/latribunenews.com\/index.php\/2026\/08\/30\/viktwa-et-pascal-adrien-mobilisent-la-population-capoise-autour-dune-nouvelle-vision-pour-haiti\/#primaryimage"},"image":{"@id":"https:\/\/latribunenews.com\/index.php\/2026\/08\/30\/viktwa-et-pascal-adrien-mobilisent-la-population-capoise-autour-dune-nouvelle-vision-pour-haiti\/#primaryimage"},"thumbnailUrl":"https:\/\/latribunenews.com\/wp-content\/uploads\/2026\/08\/IMG_5488.jpeg","datePublished":"2026-08-30T01:03:54+00:00","description":"VIKTWA et Pascal ADRIEN mobilisent la population capoise autour d\u2019une nouvelle vision pour Ha\u00efti","breadcrumb":{"@id":"https:\/\/latribunenews.com\/index.php\/2026\/08\/30\/viktwa-et-pascal-adrien-mobilisent-la-population-capoise-autour-dune-nouvelle-vision-pour-haiti\/#breadcrumb"},"inLanguage":"en-US","potentialAction":[{"@type":"ReadAction","target":["https:\/\/latribunenews.com\/index.php\/2026\/08\/30\/viktwa-et-pascal-adrien-mobilisent-la-population-capoise-autour-dune-nouvelle-vision-pour-haiti\/"]}]},{"@type":"ImageObject","inLanguage":"en-US","@id":"https:\/\/latribunenews.com\/index.php\/2026\/08\/30\/viktwa-et-pascal-adrien-mobilisent-la-population-capoise-autour-dune-nouvelle-vision-pour-haiti\/#primaryimage","url":"https:\/\/latribunenews.com\/wp-content\/uploads\/2026\/08\/IMG_5488.jpeg","contentUrl":"https:\/\/latribunenews.com\/wp-content\/uploads\/2026\/08\/IMG_5488.jpeg","width":1290,"height":882,"caption":"Screenshot"},{"@type":"BreadcrumbList","@id":"https:\/\/latribunenews.com\/index.php\/2026\/08\/30\/viktwa-et-pascal-adrien-mobilisent-la-population-capoise-autour-dune-nouvelle-vision-pour-haiti\/#breadcrumb","itemListElement":[{"@type":"ListItem","position":1,"name":"Home","item":"https:\/\/latribunenews.com\/"},{"@type":"ListItem","position":2,"name":"VIKTWA et Pascal ADRIEN mobilisent la population capoise autour d\u2019une nouvelle vision pour Ha\u00efti"}]},{"@type":"WebSite","@id":"https:\/\/latribunenews.com\/#website","url":"https:\/\/latribunenews.com\/","name":"LA TRIBUNE NEWS","description":"L&#039;INFO","publisher":{"@id":"https:\/\/latribunenews.com\/#organization"},"potentialAction":[{"@type":"SearchAction","target":{"@type":"EntryPoint","urlTemplate":"https:\/\/latribunenews.com\/?s={search_term_string}"},"query-input":{"@type":"PropertyValueSpecification","valueRequired":true,"valueName":"search_term_string"}}],"inLanguage":"en-US"},{"@type":"Organization","@id":"https:\/\/latribunenews.com\/#organization","name":"LA TRIBUNE NEWS","url":"https:\/\/latribunenews.com\/","logo":{"@type":"ImageObject","inLanguage":"en-US","@id":"https:\/\/latribunenews.com\/#\/schema\/logo\/image\/","url":"https:\/\/latribunenews.com\/wp-content\/uploads\/2026\/08\/cropped-LOGO-LA-TRITUBE.png","contentUrl":"https:\/\/latribunenews.com\/wp-content\/uploads\/2026\/08\/cropped-LOGO-LA-TRITUBE.png","width":1254,"height":766,"caption":"LA TRIBUNE NEWS"},"image":{"@id":"https:\/\/latribunenews.com\/#\/schema\/logo\/image\/"}},{"@type":"Person","@id":"https:\/\/latribunenews.com\/#\/schema\/person\/72f79c064601728f0abdfe2bb5ed64cc","name":"lotymanasse7@gmail.com","image":{"@type":"ImageObject","inLanguage":"en-US","@id":"https:\/\/secure.gravatar.com\/avatar\/a0b45707c4c5e719a0e82a05650c433a085f54bd87a6cd5b76f430c870e857f0?s=96&d=mm&r=g","url":"https:\/\/secure.gravatar.com\/avatar\/a0b45707c4c5e719a0e82a05650c433a085f54bd87a6cd5b76f430c870e857f0?s=96&d=mm&r=g","contentUrl":"https:\/\/secure.gravatar.com\/avatar\/a0b45707c4c5e719a0e82a05650c433a085f54bd87a6cd5b76f430c870e857f0?s=96&d=mm&r=g","caption":"lotymanasse7@gmail.com"},"url":"https:\/\/latribunenews.com\/index.php\/author\/lotymanasse7gmail-com\/"}]}},"_links":{"self":[{"href":"https:\/\/latribunenews.com\/index.php\/wp-json\/wp\/v2\/posts\/1941","targetHints":{"allow":["GET"]}}],"collection":[{"href":"https:\/\/latribunenews.com\/index.php\/wp-json\/wp\/v2\/posts"}],"about":[{"href":"https:\/\/latribunenews.com\/index.php\/wp-json\/wp\/v2\/types\/post"}],"author":[{"embeddable":true,"href":"https:\/\/latribunenews.com\/index.php\/wp-json\/wp\/v2\/users\/4"}],"replies":[{"embeddable":true,"href":"https:\/\/latribunenews.com\/index.php\/wp-json\/wp\/v2\/comments?post=1941"}],"version-history":[{"count":1,"href":"https:\/\/latribunenews.com\/index.php\/wp-json\/wp\/v2\/posts\/1941\/revisions"}],"predecessor-version":[{"id":1943,"href":"https:\/\/latribunenews.com\/index.php\/wp-json\/wp\/v2\/posts\/1941\/revisions\/1943"}],"wp:featuredmedia":[{"embeddable":true,"href":"https:\/\/latribunenews.com\/index.php\/wp-json\/wp\/v2\/media\/1942"}],"wp:attachment":[{"href":"https:\/\/latribunenews.com\/index.php\/wp-json\/wp\/v2\/media?parent=1941"}],"wp:term":[{"taxonomy":"category","embeddable":true,"href":"https:\/\/latribunenews.com\/index.php\/wp-json\/wp\/v2\/categories?post=1941"},{"taxonomy":"post_tag","embeddable":true,"href":"https:\/\/latribunenews.com\/index.php\/wp-json\/wp\/v2\/tags?post=1941"}],"curies":[{"name":"wp","href":"https:\/\/api.w.org\/{rel}","templated":true}]}}