{"id":1937,"date":"2026-08-29T23:57:02","date_gmt":"2026-08-29T21:57:02","guid":{"rendered":"https:\/\/latribunenews.com\/?p=1937"},"modified":"2026-08-29T23:57:02","modified_gmt":"2026-08-29T21:57:02","slug":"transformation-numerique-le-maec-modernise-sa-diplomatie-sous-le-leadership-de-la-ministre-raina-forbin","status":"publish","type":"post","link":"https:\/\/latribunenews.com\/index.php\/2026\/08\/29\/transformation-numerique-le-maec-modernise-sa-diplomatie-sous-le-leadership-de-la-ministre-raina-forbin\/","title":{"rendered":"Transformation num\u00e9rique : le MAEC modernise sa diplomatie sous le leadership de la Ministre Raina FORBIN"},"content":{"rendered":"<p>\u00c0 travers une transformation num\u00e9rique strat\u00e9gique, le Minist\u00e8re des Affaires \u00e9trang\u00e8res et des Cultes (MAEC) entend adapter son fonctionnement aux exigences d\u2019une diplomatie moderne, efficace et connect\u00e9e.<\/p>\n<p>Sous la direction de la Ministre Raina FORBIN, cette dynamique place le num\u00e9rique au c\u0153ur de l\u2019am\u00e9lioration des services et de la gestion du r\u00e9seau diplomatique ha\u00eftien.<\/p>\n<p>L\u2019une des avanc\u00e9es majeures mises en avant est la mise en place d\u2019une plateforme permettant de superviser l\u2019int\u00e9gralit\u00e9 du r\u00e9seau diplomatique et de suivre, en temps r\u00e9el, les recettes et les d\u00e9penses des missions \u00e0 travers le monde. Cet outil constitue une avanc\u00e9e importante en mati\u00e8re de modernisation administrative, en offrant au Minist\u00e8re une meilleure visibilit\u00e9 sur les activit\u00e9s financi\u00e8res de ses repr\u00e9sentations.<\/p>\n<p>La transformation num\u00e9rique se traduit \u00e9galement par le d\u00e9ploiement de 58 nouveaux sites web destin\u00e9s aux missions d\u2019Ha\u00efti \u00e0 l\u2019\u00e9tranger. Cette initiative contribue \u00e0 rapprocher davantage les ambassades ha\u00eftiennes de leurs usagers et \u00e0 renforcer l\u2019acc\u00e8s aux services et aux informations consulaires.<\/p>\n<p>De plus, le Minist\u00e8re poss\u00e8de la capacit\u00e9 de faire des sondages en temps r\u00e9el. Ce dispositif, destin\u00e9 aux diff\u00e9rentes missions, s\u2019inscrit dans le cadre des innovations initi\u00e9es sous le leadership de la Chanceli\u00e8re Raina FORBIN.<\/p>\n<p>\u00c0 travers ces actions, le MAEC affiche sa volont\u00e9 de construire une diplomatie plus moderne, mieux structur\u00e9e et r\u00e9solument tourn\u00e9e vers les besoins des citoyens ha\u00eftiens, o\u00f9 qu\u2019ils se trouvent dans le monde.<\/p>\n<p>\u00ab Notre diplomatie doit \u00eatre moderne et \u00e0 l\u2019\u00e9coute de nos concitoyens \u00bb, a affirm\u00e9 la Ministre Raina FORBIN, ajoutant que \u00ab ces nouveaux sites offrent \u00e0 chacune de nos repr\u00e9sentations et aux citoyens vivant \u00e0 l\u2019\u00e9tranger la m\u00eame qualit\u00e9 d\u2019information et de service, o\u00f9 qu\u2019ils se trouvent \u00bb.<\/p>\n","protected":false},"excerpt":{"rendered":"<p>\u00c0 travers une transformation num\u00e9rique strat\u00e9gique, le Minist\u00e8re des Affaires \u00e9trang\u00e8res et des Cultes (MAEC) entend adapter son fonctionnement aux exigences d\u2019une diplomatie moderne, efficace et connect\u00e9e. Sous la direction&hellip;<\/p>\n","protected":false},"author":1,"featured_media":1938,"comment_status":"closed","ping_status":"closed","sticky":false,"template":"","format":"standard","meta":{"footnotes":""},"categories":[1,29,28],"tags":[114,112,115,113],"class_list":["post-1937","post","type-post","status-publish","format-standard","has-post-thumbnail","hentry","category-actu","category-actualites","category-diplomatie","tag-diplomatie","tag-maec","tag-raina-forbin","tag-transformation-numerique"],"yoast_head":"<!-- This site is optimized with the Yoast SEO plugin v28.3 - https:\/\/yoast.com\/product\/yoast-seo-wordpress\/ -->\n<title>Transformation num\u00e9rique : le MAEC modernise sa diplomatie sous le leadership de la Ministre Raina FORBIN - LA TRIBUNE NEWS<\/title>\n<meta name=\"robots\" content=\"index, follow, max-snippet:-1, max-image-preview:large, max-video-preview:-1\" \/>\n<link rel=\"canonical\" href=\"https:\/\/latribunenews.com\/index.php\/2026\/08\/29\/transformation-numerique-le-maec-modernise-sa-diplomatie-sous-le-leadership-de-la-ministre-raina-forbin\/\" \/>\n<meta property=\"og:locale\" content=\"en_US\" \/>\n<meta property=\"og:type\" content=\"article\" \/>\n<meta property=\"og:title\" content=\"Transformation num\u00e9rique : le MAEC modernise sa diplomatie sous le leadership de la Ministre Raina FORBIN - LA TRIBUNE NEWS\" \/>\n<meta property=\"og:description\" content=\"\u00c0 travers une transformation num\u00e9rique strat\u00e9gique, le Minist\u00e8re des Affaires \u00e9trang\u00e8res et des Cultes (MAEC) entend adapter son fonctionnement aux exigences d\u2019une diplomatie moderne, efficace et connect\u00e9e. Sous la direction&hellip;\" \/>\n<meta property=\"og:url\" content=\"https:\/\/latribunenews.com\/index.php\/2026\/08\/29\/transformation-numerique-le-maec-modernise-sa-diplomatie-sous-le-leadership-de-la-ministre-raina-forbin\/\" \/>\n<meta property=\"og:site_name\" content=\"LA TRIBUNE NEWS\" \/>\n<meta property=\"article:published_time\" content=\"2026-08-29T21:57:02+00:00\" \/>\n<meta property=\"og:image\" content=\"https:\/\/latribunenews.com\/wp-content\/uploads\/2026\/08\/IMG-20260828-WA0052.jpg\" \/>\n\t<meta property=\"og:image:width\" content=\"1080\" \/>\n\t<meta property=\"og:image:height\" content=\"1350\" \/>\n\t<meta property=\"og:image:type\" content=\"image\/jpeg\" \/>\n<meta name=\"author\" content=\"La Tribune News\" \/>\n<meta name=\"twitter:card\" content=\"summary_large_image\" \/>\n<meta name=\"twitter:label1\" content=\"Written by\" \/>\n\t<meta name=\"twitter:data1\" content=\"La Tribune News\" \/>\n\t<meta name=\"twitter:label2\" content=\"Est. reading time\" \/>\n\t<meta name=\"twitter:data2\" content=\"2 minutes\" \/>\n<script type=\"application\/ld+json\" class=\"yoast-schema-graph\">{\"@context\":\"https:\\\/\\\/schema.org\",\"@graph\":[{\"@type\":\"Article\",\"@id\":\"https:\\\/\\\/latribunenews.com\\\/index.php\\\/2026\\\/08\\\/29\\\/transformation-numerique-le-maec-modernise-sa-diplomatie-sous-le-leadership-de-la-ministre-raina-forbin\\\/#article\",\"isPartOf\":{\"@id\":\"https:\\\/\\\/latribunenews.com\\\/index.php\\\/2026\\\/08\\\/29\\\/transformation-numerique-le-maec-modernise-sa-diplomatie-sous-le-leadership-de-la-ministre-raina-forbin\\\/\"},\"author\":{\"name\":\"La Tribune News\",\"@id\":\"https:\\\/\\\/latribunenews.com\\\/#\\\/schema\\\/person\\\/80e6390c7f17ddf6d4800d8312efdff9\"},\"headline\":\"Transformation num\u00e9rique : le MAEC modernise sa diplomatie sous le leadership de la Ministre Raina FORBIN\",\"datePublished\":\"2026-08-29T21:57:02+00:00\",\"mainEntityOfPage\":{\"@id\":\"https:\\\/\\\/latribunenews.com\\\/index.php\\\/2026\\\/08\\\/29\\\/transformation-numerique-le-maec-modernise-sa-diplomatie-sous-le-leadership-de-la-ministre-raina-forbin\\\/\"},\"wordCount\":331,\"publisher\":{\"@id\":\"https:\\\/\\\/latribunenews.com\\\/#organization\"},\"image\":{\"@id\":\"https:\\\/\\\/latribunenews.com\\\/index.php\\\/2026\\\/08\\\/29\\\/transformation-numerique-le-maec-modernise-sa-diplomatie-sous-le-leadership-de-la-ministre-raina-forbin\\\/#primaryimage\"},\"thumbnailUrl\":\"https:\\\/\\\/latribunenews.com\\\/wp-content\\\/uploads\\\/2026\\\/08\\\/IMG-20260828-WA0052.jpg\",\"keywords\":[\"Diplomatie\",\"MAEC\",\"Raina FORBIN\",\"Transformation num\u00e9rique\"],\"articleSection\":[\"Actu\",\"Actualit\u00e9s\",\"Diplomatie\"],\"inLanguage\":\"en-US\"},{\"@type\":\"WebPage\",\"@id\":\"https:\\\/\\\/latribunenews.com\\\/index.php\\\/2026\\\/08\\\/29\\\/transformation-numerique-le-maec-modernise-sa-diplomatie-sous-le-leadership-de-la-ministre-raina-forbin\\\/\",\"url\":\"https:\\\/\\\/latribunenews.com\\\/index.php\\\/2026\\\/08\\\/29\\\/transformation-numerique-le-maec-modernise-sa-diplomatie-sous-le-leadership-de-la-ministre-raina-forbin\\\/\",\"name\":\"Transformation num\u00e9rique : le MAEC modernise sa diplomatie sous le leadership de la Ministre Raina FORBIN - LA TRIBUNE NEWS\",\"isPartOf\":{\"@id\":\"https:\\\/\\\/latribunenews.com\\\/#website\"},\"primaryImageOfPage\":{\"@id\":\"https:\\\/\\\/latribunenews.com\\\/index.php\\\/2026\\\/08\\\/29\\\/transformation-numerique-le-maec-modernise-sa-diplomatie-sous-le-leadership-de-la-ministre-raina-forbin\\\/#primaryimage\"},\"image\":{\"@id\":\"https:\\\/\\\/latribunenews.com\\\/index.php\\\/2026\\\/08\\\/29\\\/transformation-numerique-le-maec-modernise-sa-diplomatie-sous-le-leadership-de-la-ministre-raina-forbin\\\/#primaryimage\"},\"thumbnailUrl\":\"https:\\\/\\\/latribunenews.com\\\/wp-content\\\/uploads\\\/2026\\\/08\\\/IMG-20260828-WA0052.jpg\",\"datePublished\":\"2026-08-29T21:57:02+00:00\",\"breadcrumb\":{\"@id\":\"https:\\\/\\\/latribunenews.com\\\/index.php\\\/2026\\\/08\\\/29\\\/transformation-numerique-le-maec-modernise-sa-diplomatie-sous-le-leadership-de-la-ministre-raina-forbin\\\/#breadcrumb\"},\"inLanguage\":\"en-US\",\"potentialAction\":[{\"@type\":\"ReadAction\",\"target\":[\"https:\\\/\\\/latribunenews.com\\\/index.php\\\/2026\\\/08\\\/29\\\/transformation-numerique-le-maec-modernise-sa-diplomatie-sous-le-leadership-de-la-ministre-raina-forbin\\\/\"]}]},{\"@type\":\"ImageObject\",\"inLanguage\":\"en-US\",\"@id\":\"https:\\\/\\\/latribunenews.com\\\/index.php\\\/2026\\\/08\\\/29\\\/transformation-numerique-le-maec-modernise-sa-diplomatie-sous-le-leadership-de-la-ministre-raina-forbin\\\/#primaryimage\",\"url\":\"https:\\\/\\\/latribunenews.com\\\/wp-content\\\/uploads\\\/2026\\\/08\\\/IMG-20260828-WA0052.jpg\",\"contentUrl\":\"https:\\\/\\\/latribunenews.com\\\/wp-content\\\/uploads\\\/2026\\\/08\\\/IMG-20260828-WA0052.jpg\",\"width\":1080,\"height\":1350},{\"@type\":\"BreadcrumbList\",\"@id\":\"https:\\\/\\\/latribunenews.com\\\/index.php\\\/2026\\\/08\\\/29\\\/transformation-numerique-le-maec-modernise-sa-diplomatie-sous-le-leadership-de-la-ministre-raina-forbin\\\/#breadcrumb\",\"itemListElement\":[{\"@type\":\"ListItem\",\"position\":1,\"name\":\"Home\",\"item\":\"https:\\\/\\\/latribunenews.com\\\/\"},{\"@type\":\"ListItem\",\"position\":2,\"name\":\"Transformation num\u00e9rique : le MAEC modernise sa diplomatie sous le leadership de la Ministre Raina FORBIN\"}]},{\"@type\":\"WebSite\",\"@id\":\"https:\\\/\\\/latribunenews.com\\\/#website\",\"url\":\"https:\\\/\\\/latribunenews.com\\\/\",\"name\":\"LA TRIBUNE NEWS\",\"description\":\"L&#039;INFO\",\"publisher\":{\"@id\":\"https:\\\/\\\/latribunenews.com\\\/#organization\"},\"potentialAction\":[{\"@type\":\"SearchAction\",\"target\":{\"@type\":\"EntryPoint\",\"urlTemplate\":\"https:\\\/\\\/latribunenews.com\\\/?s={search_term_string}\"},\"query-input\":{\"@type\":\"PropertyValueSpecification\",\"valueRequired\":true,\"valueName\":\"search_term_string\"}}],\"inLanguage\":\"en-US\"},{\"@type\":\"Organization\",\"@id\":\"https:\\\/\\\/latribunenews.com\\\/#organization\",\"name\":\"LA TRIBUNE NEWS\",\"url\":\"https:\\\/\\\/latribunenews.com\\\/\",\"logo\":{\"@type\":\"ImageObject\",\"inLanguage\":\"en-US\",\"@id\":\"https:\\\/\\\/latribunenews.com\\\/#\\\/schema\\\/logo\\\/image\\\/\",\"url\":\"https:\\\/\\\/latribunenews.com\\\/wp-content\\\/uploads\\\/2026\\\/08\\\/cropped-LOGO-LA-TRITUBE.png\",\"contentUrl\":\"https:\\\/\\\/latribunenews.com\\\/wp-content\\\/uploads\\\/2026\\\/08\\\/cropped-LOGO-LA-TRITUBE.png\",\"width\":1254,\"height\":766,\"caption\":\"LA TRIBUNE NEWS\"},\"image\":{\"@id\":\"https:\\\/\\\/latribunenews.com\\\/#\\\/schema\\\/logo\\\/image\\\/\"}},{\"@type\":\"Person\",\"@id\":\"https:\\\/\\\/latribunenews.com\\\/#\\\/schema\\\/person\\\/80e6390c7f17ddf6d4800d8312efdff9\",\"name\":\"La Tribune News\",\"image\":{\"@type\":\"ImageObject\",\"inLanguage\":\"en-US\",\"@id\":\"https:\\\/\\\/secure.gravatar.com\\\/avatar\\\/3f4acc70b63ca0076cf232c0b3931e57bcf757c06f357d5ebc1b7077f6872e95?s=96&d=mm&r=g\",\"url\":\"https:\\\/\\\/secure.gravatar.com\\\/avatar\\\/3f4acc70b63ca0076cf232c0b3931e57bcf757c06f357d5ebc1b7077f6872e95?s=96&d=mm&r=g\",\"contentUrl\":\"https:\\\/\\\/secure.gravatar.com\\\/avatar\\\/3f4acc70b63ca0076cf232c0b3931e57bcf757c06f357d5ebc1b7077f6872e95?s=96&d=mm&r=g\",\"caption\":\"La Tribune News\"},\"sameAs\":[\"https:\\\/\\\/latribunenews.com\"],\"url\":\"https:\\\/\\\/latribunenews.com\\\/index.php\\\/author\\\/admin\\\/\"}]}<\/script>\n<!-- \/ Yoast SEO plugin. -->","yoast_head_json":{"title":"Transformation num\u00e9rique : le MAEC modernise sa diplomatie sous le leadership de la Ministre Raina FORBIN - LA TRIBUNE NEWS","robots":{"index":"index","follow":"follow","max-snippet":"max-snippet:-1","max-image-preview":"max-image-preview:large","max-video-preview":"max-video-preview:-1"},"canonical":"https:\/\/latribunenews.com\/index.php\/2026\/08\/29\/transformation-numerique-le-maec-modernise-sa-diplomatie-sous-le-leadership-de-la-ministre-raina-forbin\/","og_locale":"en_US","og_type":"article","og_title":"Transformation num\u00e9rique : le MAEC modernise sa diplomatie sous le leadership de la Ministre Raina FORBIN - LA TRIBUNE NEWS","og_description":"\u00c0 travers une transformation num\u00e9rique strat\u00e9gique, le Minist\u00e8re des Affaires \u00e9trang\u00e8res et des Cultes (MAEC) entend adapter son fonctionnement aux exigences d\u2019une diplomatie moderne, efficace et connect\u00e9e. Sous la direction&hellip;","og_url":"https:\/\/latribunenews.com\/index.php\/2026\/08\/29\/transformation-numerique-le-maec-modernise-sa-diplomatie-sous-le-leadership-de-la-ministre-raina-forbin\/","og_site_name":"LA TRIBUNE NEWS","article_published_time":"2026-08-29T21:57:02+00:00","og_image":[{"width":1080,"height":1350,"url":"https:\/\/latribunenews.com\/wp-content\/uploads\/2026\/08\/IMG-20260828-WA0052.jpg","type":"image\/jpeg"}],"author":"La Tribune News","twitter_card":"summary_large_image","twitter_misc":{"Written by":"La Tribune News","Est. reading time":"2 minutes"},"schema":{"@context":"https:\/\/schema.org","@graph":[{"@type":"Article","@id":"https:\/\/latribunenews.com\/index.php\/2026\/08\/29\/transformation-numerique-le-maec-modernise-sa-diplomatie-sous-le-leadership-de-la-ministre-raina-forbin\/#article","isPartOf":{"@id":"https:\/\/latribunenews.com\/index.php\/2026\/08\/29\/transformation-numerique-le-maec-modernise-sa-diplomatie-sous-le-leadership-de-la-ministre-raina-forbin\/"},"author":{"name":"La Tribune News","@id":"https:\/\/latribunenews.com\/#\/schema\/person\/80e6390c7f17ddf6d4800d8312efdff9"},"headline":"Transformation num\u00e9rique : le MAEC modernise sa diplomatie sous le leadership de la Ministre Raina FORBIN","datePublished":"2026-08-29T21:57:02+00:00","mainEntityOfPage":{"@id":"https:\/\/latribunenews.com\/index.php\/2026\/08\/29\/transformation-numerique-le-maec-modernise-sa-diplomatie-sous-le-leadership-de-la-ministre-raina-forbin\/"},"wordCount":331,"publisher":{"@id":"https:\/\/latribunenews.com\/#organization"},"image":{"@id":"https:\/\/latribunenews.com\/index.php\/2026\/08\/29\/transformation-numerique-le-maec-modernise-sa-diplomatie-sous-le-leadership-de-la-ministre-raina-forbin\/#primaryimage"},"thumbnailUrl":"https:\/\/latribunenews.com\/wp-content\/uploads\/2026\/08\/IMG-20260828-WA0052.jpg","keywords":["Diplomatie","MAEC","Raina FORBIN","Transformation num\u00e9rique"],"articleSection":["Actu","Actualit\u00e9s","Diplomatie"],"inLanguage":"en-US"},{"@type":"WebPage","@id":"https:\/\/latribunenews.com\/index.php\/2026\/08\/29\/transformation-numerique-le-maec-modernise-sa-diplomatie-sous-le-leadership-de-la-ministre-raina-forbin\/","url":"https:\/\/latribunenews.com\/index.php\/2026\/08\/29\/transformation-numerique-le-maec-modernise-sa-diplomatie-sous-le-leadership-de-la-ministre-raina-forbin\/","name":"Transformation num\u00e9rique : le MAEC modernise sa diplomatie sous le leadership de la Ministre Raina FORBIN - LA TRIBUNE NEWS","isPartOf":{"@id":"https:\/\/latribunenews.com\/#website"},"primaryImageOfPage":{"@id":"https:\/\/latribunenews.com\/index.php\/2026\/08\/29\/transformation-numerique-le-maec-modernise-sa-diplomatie-sous-le-leadership-de-la-ministre-raina-forbin\/#primaryimage"},"image":{"@id":"https:\/\/latribunenews.com\/index.php\/2026\/08\/29\/transformation-numerique-le-maec-modernise-sa-diplomatie-sous-le-leadership-de-la-ministre-raina-forbin\/#primaryimage"},"thumbnailUrl":"https:\/\/latribunenews.com\/wp-content\/uploads\/2026\/08\/IMG-20260828-WA0052.jpg","datePublished":"2026-08-29T21:57:02+00:00","breadcrumb":{"@id":"https:\/\/latribunenews.com\/index.php\/2026\/08\/29\/transformation-numerique-le-maec-modernise-sa-diplomatie-sous-le-leadership-de-la-ministre-raina-forbin\/#breadcrumb"},"inLanguage":"en-US","potentialAction":[{"@type":"ReadAction","target":["https:\/\/latribunenews.com\/index.php\/2026\/08\/29\/transformation-numerique-le-maec-modernise-sa-diplomatie-sous-le-leadership-de-la-ministre-raina-forbin\/"]}]},{"@type":"ImageObject","inLanguage":"en-US","@id":"https:\/\/latribunenews.com\/index.php\/2026\/08\/29\/transformation-numerique-le-maec-modernise-sa-diplomatie-sous-le-leadership-de-la-ministre-raina-forbin\/#primaryimage","url":"https:\/\/latribunenews.com\/wp-content\/uploads\/2026\/08\/IMG-20260828-WA0052.jpg","contentUrl":"https:\/\/latribunenews.com\/wp-content\/uploads\/2026\/08\/IMG-20260828-WA0052.jpg","width":1080,"height":1350},{"@type":"BreadcrumbList","@id":"https:\/\/latribunenews.com\/index.php\/2026\/08\/29\/transformation-numerique-le-maec-modernise-sa-diplomatie-sous-le-leadership-de-la-ministre-raina-forbin\/#breadcrumb","itemListElement":[{"@type":"ListItem","position":1,"name":"Home","item":"https:\/\/latribunenews.com\/"},{"@type":"ListItem","position":2,"name":"Transformation num\u00e9rique : le MAEC modernise sa diplomatie sous le leadership de la Ministre Raina FORBIN"}]},{"@type":"WebSite","@id":"https:\/\/latribunenews.com\/#website","url":"https:\/\/latribunenews.com\/","name":"LA TRIBUNE NEWS","description":"L&#039;INFO","publisher":{"@id":"https:\/\/latribunenews.com\/#organization"},"potentialAction":[{"@type":"SearchAction","target":{"@type":"EntryPoint","urlTemplate":"https:\/\/latribunenews.com\/?s={search_term_string}"},"query-input":{"@type":"PropertyValueSpecification","valueRequired":true,"valueName":"search_term_string"}}],"inLanguage":"en-US"},{"@type":"Organization","@id":"https:\/\/latribunenews.com\/#organization","name":"LA TRIBUNE NEWS","url":"https:\/\/latribunenews.com\/","logo":{"@type":"ImageObject","inLanguage":"en-US","@id":"https:\/\/latribunenews.com\/#\/schema\/logo\/image\/","url":"https:\/\/latribunenews.com\/wp-content\/uploads\/2026\/08\/cropped-LOGO-LA-TRITUBE.png","contentUrl":"https:\/\/latribunenews.com\/wp-content\/uploads\/2026\/08\/cropped-LOGO-LA-TRITUBE.png","width":1254,"height":766,"caption":"LA TRIBUNE NEWS"},"image":{"@id":"https:\/\/latribunenews.com\/#\/schema\/logo\/image\/"}},{"@type":"Person","@id":"https:\/\/latribunenews.com\/#\/schema\/person\/80e6390c7f17ddf6d4800d8312efdff9","name":"La Tribune News","image":{"@type":"ImageObject","inLanguage":"en-US","@id":"https:\/\/secure.gravatar.com\/avatar\/3f4acc70b63ca0076cf232c0b3931e57bcf757c06f357d5ebc1b7077f6872e95?s=96&d=mm&r=g","url":"https:\/\/secure.gravatar.com\/avatar\/3f4acc70b63ca0076cf232c0b3931e57bcf757c06f357d5ebc1b7077f6872e95?s=96&d=mm&r=g","contentUrl":"https:\/\/secure.gravatar.com\/avatar\/3f4acc70b63ca0076cf232c0b3931e57bcf757c06f357d5ebc1b7077f6872e95?s=96&d=mm&r=g","caption":"La Tribune News"},"sameAs":["https:\/\/latribunenews.com"],"url":"https:\/\/latribunenews.com\/index.php\/author\/admin\/"}]}},"_links":{"self":[{"href":"https:\/\/latribunenews.com\/index.php\/wp-json\/wp\/v2\/posts\/1937","targetHints":{"allow":["GET"]}}],"collection":[{"href":"https:\/\/latribunenews.com\/index.php\/wp-json\/wp\/v2\/posts"}],"about":[{"href":"https:\/\/latribunenews.com\/index.php\/wp-json\/wp\/v2\/types\/post"}],"author":[{"embeddable":true,"href":"https:\/\/latribunenews.com\/index.php\/wp-json\/wp\/v2\/users\/1"}],"replies":[{"embeddable":true,"href":"https:\/\/latribunenews.com\/index.php\/wp-json\/wp\/v2\/comments?post=1937"}],"version-history":[{"count":1,"href":"https:\/\/latribunenews.com\/index.php\/wp-json\/wp\/v2\/posts\/1937\/revisions"}],"predecessor-version":[{"id":1939,"href":"https:\/\/latribunenews.com\/index.php\/wp-json\/wp\/v2\/posts\/1937\/revisions\/1939"}],"wp:featuredmedia":[{"embeddable":true,"href":"https:\/\/latribunenews.com\/index.php\/wp-json\/wp\/v2\/media\/1938"}],"wp:attachment":[{"href":"https:\/\/latribunenews.com\/index.php\/wp-json\/wp\/v2\/media?parent=1937"}],"wp:term":[{"taxonomy":"category","embeddable":true,"href":"https:\/\/latribunenews.com\/index.php\/wp-json\/wp\/v2\/categories?post=1937"},{"taxonomy":"post_tag","embeddable":true,"href":"https:\/\/latribunenews.com\/index.php\/wp-json\/wp\/v2\/tags?post=1937"}],"curies":[{"name":"wp","href":"https:\/\/api.w.org\/{rel}","templated":true}]}}