{"id":1928,"date":"2026-08-28T19:54:23","date_gmt":"2026-08-28T17:54:23","guid":{"rendered":"https:\/\/latribunenews.com\/?p=1928"},"modified":"2026-08-28T19:54:23","modified_gmt":"2026-08-28T17:54:23","slug":"haiti-education-un-nouveau-decret-fixe-les-grandes-dates-de-lannee-scolaire-et-des-examens-officiels","status":"publish","type":"post","link":"https:\/\/latribunenews.com\/index.php\/2026\/08\/28\/haiti-education-un-nouveau-decret-fixe-les-grandes-dates-de-lannee-scolaire-et-des-examens-officiels\/","title":{"rendered":"Ha\u00efti &#8211; \u00c9ducation : un nouveau d\u00e9cret fixe les grandes dates de l\u2019ann\u00e9e scolaire et des examens officiels"},"content":{"rendered":"<p>\u00c0 travers un d\u00e9cret publi\u00e9 le lundi 24 ao\u00fbt 2026, l&#8217;Ex\u00e9cutif ha\u00eftien a officiellement fix\u00e9 les dates d\u2019ouverture et de fermeture de l\u2019ann\u00e9e scolaire ainsi que celles des examens officiels. Le texte, sign\u00e9 par le Premier ministre Alix Didier Fils-Aim\u00e9 et l\u2019ensemble du Cabinet minist\u00e9riel, pr\u00e9voit, en son article 2, que l\u2019ann\u00e9e scolaire s\u2019\u00e9tend du premier lundi de septembre au deuxi\u00e8me vendredi de juillet. Les deux semaines pr\u00e9c\u00e9dant le premier lundi de septembre sont consacr\u00e9es \u00e0 la rentr\u00e9e administrative et p\u00e9dagogique, tandis que les grandes vacances s\u2019\u00e9tendent du deuxi\u00e8me vendredi de juillet au premier lundi de septembre.<\/p>\n<p>Le d\u00e9cret pr\u00e9cise \u00e9galement, en son article 5, les p\u00e9riodes retenues pour les examens officiels. Les \u00e9preuves de 9e ann\u00e9e fondamentale se tiendront durant la troisi\u00e8me semaine de juin. Celles de l\u2019\u00c9cole normale d\u2019instituteurs, du Centre d\u2019\u00e9ducation familiale et Formation technique et professionnelle sont pr\u00e9vues pour la quatri\u00e8me semaine de juin, tandis que les examens de Secondaire 4 se d\u00e9rouleront durant la deuxi\u00e8me semaine de juillet.<\/p>\n<p>Le d\u00e9cret indique que les dates des examens du baccalaur\u00e9at permanent sont fix\u00e9es dans le calendrier scolaire, lequel est \u00e9tabli par circulaire du Ministre de l\u2019\u00c9ducation nationale et de la Formation professionnelle.<\/p>\n<p>Cette nouvelle disposition vise notamment \u00e0 garantir une meilleure organisation du syst\u00e8me \u00e9ducatif, \u00e0 pr\u00e9server le temps consacr\u00e9 aux apprentissages et \u00e0 faciliter la planification des familles et des \u00e9tablissements scolaires.<\/p>\n","protected":false},"excerpt":{"rendered":"<p>\u00c0 travers un d\u00e9cret publi\u00e9 le lundi 24 ao\u00fbt 2026, l&#8217;Ex\u00e9cutif ha\u00eftien a officiellement fix\u00e9 les dates d\u2019ouverture et de fermeture de l\u2019ann\u00e9e scolaire ainsi que celles des examens officiels.&hellip;<\/p>\n","protected":false},"author":1,"featured_media":1929,"comment_status":"closed","ping_status":"closed","sticky":false,"template":"","format":"standard","meta":{"footnotes":""},"categories":[1,29,33],"tags":[109,110],"class_list":["post-1928","post","type-post","status-publish","format-standard","has-post-thumbnail","hentry","category-actu","category-actualites","category-education","tag-education","tag-menfp"],"yoast_head":"<!-- This site is optimized with the Yoast SEO plugin v28.3 - https:\/\/yoast.com\/product\/yoast-seo-wordpress\/ -->\n<title>Ha\u00efti - \u00c9ducation : un nouveau d\u00e9cret fixe les grandes dates de l\u2019ann\u00e9e scolaire et des examens officiels - LA TRIBUNE NEWS<\/title>\n<meta name=\"robots\" content=\"index, follow, max-snippet:-1, max-image-preview:large, max-video-preview:-1\" \/>\n<link rel=\"canonical\" href=\"https:\/\/latribunenews.com\/index.php\/2026\/08\/28\/haiti-education-un-nouveau-decret-fixe-les-grandes-dates-de-lannee-scolaire-et-des-examens-officiels\/\" \/>\n<meta property=\"og:locale\" content=\"en_US\" \/>\n<meta property=\"og:type\" content=\"article\" \/>\n<meta property=\"og:title\" content=\"Ha\u00efti - \u00c9ducation : un nouveau d\u00e9cret fixe les grandes dates de l\u2019ann\u00e9e scolaire et des examens officiels - LA TRIBUNE NEWS\" \/>\n<meta property=\"og:description\" content=\"\u00c0 travers un d\u00e9cret publi\u00e9 le lundi 24 ao\u00fbt 2026, l&#8217;Ex\u00e9cutif ha\u00eftien a officiellement fix\u00e9 les dates d\u2019ouverture et de fermeture de l\u2019ann\u00e9e scolaire ainsi que celles des examens officiels.&hellip;\" \/>\n<meta property=\"og:url\" content=\"https:\/\/latribunenews.com\/index.php\/2026\/08\/28\/haiti-education-un-nouveau-decret-fixe-les-grandes-dates-de-lannee-scolaire-et-des-examens-officiels\/\" \/>\n<meta property=\"og:site_name\" content=\"LA TRIBUNE NEWS\" \/>\n<meta property=\"article:published_time\" content=\"2026-08-28T17:54:23+00:00\" \/>\n<meta property=\"og:image\" content=\"https:\/\/latribunenews.com\/wp-content\/uploads\/2026\/08\/FB_IMG_1787936790571.jpg\" \/>\n\t<meta property=\"og:image:width\" content=\"1170\" \/>\n\t<meta property=\"og:image:height\" content=\"1541\" \/>\n\t<meta property=\"og:image:type\" content=\"image\/jpeg\" \/>\n<meta name=\"author\" content=\"La Tribune News\" \/>\n<meta name=\"twitter:card\" content=\"summary_large_image\" \/>\n<meta name=\"twitter:label1\" content=\"Written by\" \/>\n\t<meta name=\"twitter:data1\" content=\"La Tribune News\" \/>\n\t<meta name=\"twitter:label2\" content=\"Est. reading time\" \/>\n\t<meta name=\"twitter:data2\" content=\"2 minutes\" \/>\n<script type=\"application\/ld+json\" class=\"yoast-schema-graph\">{\"@context\":\"https:\\\/\\\/schema.org\",\"@graph\":[{\"@type\":\"Article\",\"@id\":\"https:\\\/\\\/latribunenews.com\\\/index.php\\\/2026\\\/08\\\/28\\\/haiti-education-un-nouveau-decret-fixe-les-grandes-dates-de-lannee-scolaire-et-des-examens-officiels\\\/#article\",\"isPartOf\":{\"@id\":\"https:\\\/\\\/latribunenews.com\\\/index.php\\\/2026\\\/08\\\/28\\\/haiti-education-un-nouveau-decret-fixe-les-grandes-dates-de-lannee-scolaire-et-des-examens-officiels\\\/\"},\"author\":{\"name\":\"La Tribune News\",\"@id\":\"https:\\\/\\\/latribunenews.com\\\/#\\\/schema\\\/person\\\/80e6390c7f17ddf6d4800d8312efdff9\"},\"headline\":\"Ha\u00efti &#8211; \u00c9ducation : un nouveau d\u00e9cret fixe les grandes dates de l\u2019ann\u00e9e scolaire et des examens officiels\",\"datePublished\":\"2026-08-28T17:54:23+00:00\",\"mainEntityOfPage\":{\"@id\":\"https:\\\/\\\/latribunenews.com\\\/index.php\\\/2026\\\/08\\\/28\\\/haiti-education-un-nouveau-decret-fixe-les-grandes-dates-de-lannee-scolaire-et-des-examens-officiels\\\/\"},\"wordCount\":277,\"publisher\":{\"@id\":\"https:\\\/\\\/latribunenews.com\\\/#organization\"},\"image\":{\"@id\":\"https:\\\/\\\/latribunenews.com\\\/index.php\\\/2026\\\/08\\\/28\\\/haiti-education-un-nouveau-decret-fixe-les-grandes-dates-de-lannee-scolaire-et-des-examens-officiels\\\/#primaryimage\"},\"thumbnailUrl\":\"https:\\\/\\\/latribunenews.com\\\/wp-content\\\/uploads\\\/2026\\\/08\\\/FB_IMG_1787936790571.jpg\",\"keywords\":[\"\u00c9ducation\",\"MENFP\"],\"articleSection\":[\"Actu\",\"Actualit\u00e9s\",\"Education\"],\"inLanguage\":\"en-US\"},{\"@type\":\"WebPage\",\"@id\":\"https:\\\/\\\/latribunenews.com\\\/index.php\\\/2026\\\/08\\\/28\\\/haiti-education-un-nouveau-decret-fixe-les-grandes-dates-de-lannee-scolaire-et-des-examens-officiels\\\/\",\"url\":\"https:\\\/\\\/latribunenews.com\\\/index.php\\\/2026\\\/08\\\/28\\\/haiti-education-un-nouveau-decret-fixe-les-grandes-dates-de-lannee-scolaire-et-des-examens-officiels\\\/\",\"name\":\"Ha\u00efti - \u00c9ducation : un nouveau d\u00e9cret fixe les grandes dates de l\u2019ann\u00e9e scolaire et des examens officiels - LA TRIBUNE NEWS\",\"isPartOf\":{\"@id\":\"https:\\\/\\\/latribunenews.com\\\/#website\"},\"primaryImageOfPage\":{\"@id\":\"https:\\\/\\\/latribunenews.com\\\/index.php\\\/2026\\\/08\\\/28\\\/haiti-education-un-nouveau-decret-fixe-les-grandes-dates-de-lannee-scolaire-et-des-examens-officiels\\\/#primaryimage\"},\"image\":{\"@id\":\"https:\\\/\\\/latribunenews.com\\\/index.php\\\/2026\\\/08\\\/28\\\/haiti-education-un-nouveau-decret-fixe-les-grandes-dates-de-lannee-scolaire-et-des-examens-officiels\\\/#primaryimage\"},\"thumbnailUrl\":\"https:\\\/\\\/latribunenews.com\\\/wp-content\\\/uploads\\\/2026\\\/08\\\/FB_IMG_1787936790571.jpg\",\"datePublished\":\"2026-08-28T17:54:23+00:00\",\"breadcrumb\":{\"@id\":\"https:\\\/\\\/latribunenews.com\\\/index.php\\\/2026\\\/08\\\/28\\\/haiti-education-un-nouveau-decret-fixe-les-grandes-dates-de-lannee-scolaire-et-des-examens-officiels\\\/#breadcrumb\"},\"inLanguage\":\"en-US\",\"potentialAction\":[{\"@type\":\"ReadAction\",\"target\":[\"https:\\\/\\\/latribunenews.com\\\/index.php\\\/2026\\\/08\\\/28\\\/haiti-education-un-nouveau-decret-fixe-les-grandes-dates-de-lannee-scolaire-et-des-examens-officiels\\\/\"]}]},{\"@type\":\"ImageObject\",\"inLanguage\":\"en-US\",\"@id\":\"https:\\\/\\\/latribunenews.com\\\/index.php\\\/2026\\\/08\\\/28\\\/haiti-education-un-nouveau-decret-fixe-les-grandes-dates-de-lannee-scolaire-et-des-examens-officiels\\\/#primaryimage\",\"url\":\"https:\\\/\\\/latribunenews.com\\\/wp-content\\\/uploads\\\/2026\\\/08\\\/FB_IMG_1787936790571.jpg\",\"contentUrl\":\"https:\\\/\\\/latribunenews.com\\\/wp-content\\\/uploads\\\/2026\\\/08\\\/FB_IMG_1787936790571.jpg\",\"width\":1170,\"height\":1541},{\"@type\":\"BreadcrumbList\",\"@id\":\"https:\\\/\\\/latribunenews.com\\\/index.php\\\/2026\\\/08\\\/28\\\/haiti-education-un-nouveau-decret-fixe-les-grandes-dates-de-lannee-scolaire-et-des-examens-officiels\\\/#breadcrumb\",\"itemListElement\":[{\"@type\":\"ListItem\",\"position\":1,\"name\":\"Home\",\"item\":\"https:\\\/\\\/latribunenews.com\\\/\"},{\"@type\":\"ListItem\",\"position\":2,\"name\":\"Ha\u00efti &#8211; \u00c9ducation : un nouveau d\u00e9cret fixe les grandes dates de l\u2019ann\u00e9e scolaire et des examens officiels\"}]},{\"@type\":\"WebSite\",\"@id\":\"https:\\\/\\\/latribunenews.com\\\/#website\",\"url\":\"https:\\\/\\\/latribunenews.com\\\/\",\"name\":\"LA TRIBUNE NEWS\",\"description\":\"L&#039;INFO\",\"publisher\":{\"@id\":\"https:\\\/\\\/latribunenews.com\\\/#organization\"},\"potentialAction\":[{\"@type\":\"SearchAction\",\"target\":{\"@type\":\"EntryPoint\",\"urlTemplate\":\"https:\\\/\\\/latribunenews.com\\\/?s={search_term_string}\"},\"query-input\":{\"@type\":\"PropertyValueSpecification\",\"valueRequired\":true,\"valueName\":\"search_term_string\"}}],\"inLanguage\":\"en-US\"},{\"@type\":\"Organization\",\"@id\":\"https:\\\/\\\/latribunenews.com\\\/#organization\",\"name\":\"LA TRIBUNE NEWS\",\"url\":\"https:\\\/\\\/latribunenews.com\\\/\",\"logo\":{\"@type\":\"ImageObject\",\"inLanguage\":\"en-US\",\"@id\":\"https:\\\/\\\/latribunenews.com\\\/#\\\/schema\\\/logo\\\/image\\\/\",\"url\":\"https:\\\/\\\/latribunenews.com\\\/wp-content\\\/uploads\\\/2026\\\/08\\\/cropped-LOGO-LA-TRITUBE.png\",\"contentUrl\":\"https:\\\/\\\/latribunenews.com\\\/wp-content\\\/uploads\\\/2026\\\/08\\\/cropped-LOGO-LA-TRITUBE.png\",\"width\":1254,\"height\":766,\"caption\":\"LA TRIBUNE NEWS\"},\"image\":{\"@id\":\"https:\\\/\\\/latribunenews.com\\\/#\\\/schema\\\/logo\\\/image\\\/\"}},{\"@type\":\"Person\",\"@id\":\"https:\\\/\\\/latribunenews.com\\\/#\\\/schema\\\/person\\\/80e6390c7f17ddf6d4800d8312efdff9\",\"name\":\"La Tribune News\",\"image\":{\"@type\":\"ImageObject\",\"inLanguage\":\"en-US\",\"@id\":\"https:\\\/\\\/secure.gravatar.com\\\/avatar\\\/3f4acc70b63ca0076cf232c0b3931e57bcf757c06f357d5ebc1b7077f6872e95?s=96&d=mm&r=g\",\"url\":\"https:\\\/\\\/secure.gravatar.com\\\/avatar\\\/3f4acc70b63ca0076cf232c0b3931e57bcf757c06f357d5ebc1b7077f6872e95?s=96&d=mm&r=g\",\"contentUrl\":\"https:\\\/\\\/secure.gravatar.com\\\/avatar\\\/3f4acc70b63ca0076cf232c0b3931e57bcf757c06f357d5ebc1b7077f6872e95?s=96&d=mm&r=g\",\"caption\":\"La Tribune News\"},\"sameAs\":[\"https:\\\/\\\/latribunenews.com\"],\"url\":\"https:\\\/\\\/latribunenews.com\\\/index.php\\\/author\\\/admin\\\/\"}]}<\/script>\n<!-- \/ Yoast SEO plugin. -->","yoast_head_json":{"title":"Ha\u00efti - \u00c9ducation : un nouveau d\u00e9cret fixe les grandes dates de l\u2019ann\u00e9e scolaire et des examens officiels - LA TRIBUNE NEWS","robots":{"index":"index","follow":"follow","max-snippet":"max-snippet:-1","max-image-preview":"max-image-preview:large","max-video-preview":"max-video-preview:-1"},"canonical":"https:\/\/latribunenews.com\/index.php\/2026\/08\/28\/haiti-education-un-nouveau-decret-fixe-les-grandes-dates-de-lannee-scolaire-et-des-examens-officiels\/","og_locale":"en_US","og_type":"article","og_title":"Ha\u00efti - \u00c9ducation : un nouveau d\u00e9cret fixe les grandes dates de l\u2019ann\u00e9e scolaire et des examens officiels - LA TRIBUNE NEWS","og_description":"\u00c0 travers un d\u00e9cret publi\u00e9 le lundi 24 ao\u00fbt 2026, l&#8217;Ex\u00e9cutif ha\u00eftien a officiellement fix\u00e9 les dates d\u2019ouverture et de fermeture de l\u2019ann\u00e9e scolaire ainsi que celles des examens officiels.&hellip;","og_url":"https:\/\/latribunenews.com\/index.php\/2026\/08\/28\/haiti-education-un-nouveau-decret-fixe-les-grandes-dates-de-lannee-scolaire-et-des-examens-officiels\/","og_site_name":"LA TRIBUNE NEWS","article_published_time":"2026-08-28T17:54:23+00:00","og_image":[{"width":1170,"height":1541,"url":"https:\/\/latribunenews.com\/wp-content\/uploads\/2026\/08\/FB_IMG_1787936790571.jpg","type":"image\/jpeg"}],"author":"La Tribune News","twitter_card":"summary_large_image","twitter_misc":{"Written by":"La Tribune News","Est. reading time":"2 minutes"},"schema":{"@context":"https:\/\/schema.org","@graph":[{"@type":"Article","@id":"https:\/\/latribunenews.com\/index.php\/2026\/08\/28\/haiti-education-un-nouveau-decret-fixe-les-grandes-dates-de-lannee-scolaire-et-des-examens-officiels\/#article","isPartOf":{"@id":"https:\/\/latribunenews.com\/index.php\/2026\/08\/28\/haiti-education-un-nouveau-decret-fixe-les-grandes-dates-de-lannee-scolaire-et-des-examens-officiels\/"},"author":{"name":"La Tribune News","@id":"https:\/\/latribunenews.com\/#\/schema\/person\/80e6390c7f17ddf6d4800d8312efdff9"},"headline":"Ha\u00efti &#8211; \u00c9ducation : un nouveau d\u00e9cret fixe les grandes dates de l\u2019ann\u00e9e scolaire et des examens officiels","datePublished":"2026-08-28T17:54:23+00:00","mainEntityOfPage":{"@id":"https:\/\/latribunenews.com\/index.php\/2026\/08\/28\/haiti-education-un-nouveau-decret-fixe-les-grandes-dates-de-lannee-scolaire-et-des-examens-officiels\/"},"wordCount":277,"publisher":{"@id":"https:\/\/latribunenews.com\/#organization"},"image":{"@id":"https:\/\/latribunenews.com\/index.php\/2026\/08\/28\/haiti-education-un-nouveau-decret-fixe-les-grandes-dates-de-lannee-scolaire-et-des-examens-officiels\/#primaryimage"},"thumbnailUrl":"https:\/\/latribunenews.com\/wp-content\/uploads\/2026\/08\/FB_IMG_1787936790571.jpg","keywords":["\u00c9ducation","MENFP"],"articleSection":["Actu","Actualit\u00e9s","Education"],"inLanguage":"en-US"},{"@type":"WebPage","@id":"https:\/\/latribunenews.com\/index.php\/2026\/08\/28\/haiti-education-un-nouveau-decret-fixe-les-grandes-dates-de-lannee-scolaire-et-des-examens-officiels\/","url":"https:\/\/latribunenews.com\/index.php\/2026\/08\/28\/haiti-education-un-nouveau-decret-fixe-les-grandes-dates-de-lannee-scolaire-et-des-examens-officiels\/","name":"Ha\u00efti - \u00c9ducation : un nouveau d\u00e9cret fixe les grandes dates de l\u2019ann\u00e9e scolaire et des examens officiels - LA TRIBUNE NEWS","isPartOf":{"@id":"https:\/\/latribunenews.com\/#website"},"primaryImageOfPage":{"@id":"https:\/\/latribunenews.com\/index.php\/2026\/08\/28\/haiti-education-un-nouveau-decret-fixe-les-grandes-dates-de-lannee-scolaire-et-des-examens-officiels\/#primaryimage"},"image":{"@id":"https:\/\/latribunenews.com\/index.php\/2026\/08\/28\/haiti-education-un-nouveau-decret-fixe-les-grandes-dates-de-lannee-scolaire-et-des-examens-officiels\/#primaryimage"},"thumbnailUrl":"https:\/\/latribunenews.com\/wp-content\/uploads\/2026\/08\/FB_IMG_1787936790571.jpg","datePublished":"2026-08-28T17:54:23+00:00","breadcrumb":{"@id":"https:\/\/latribunenews.com\/index.php\/2026\/08\/28\/haiti-education-un-nouveau-decret-fixe-les-grandes-dates-de-lannee-scolaire-et-des-examens-officiels\/#breadcrumb"},"inLanguage":"en-US","potentialAction":[{"@type":"ReadAction","target":["https:\/\/latribunenews.com\/index.php\/2026\/08\/28\/haiti-education-un-nouveau-decret-fixe-les-grandes-dates-de-lannee-scolaire-et-des-examens-officiels\/"]}]},{"@type":"ImageObject","inLanguage":"en-US","@id":"https:\/\/latribunenews.com\/index.php\/2026\/08\/28\/haiti-education-un-nouveau-decret-fixe-les-grandes-dates-de-lannee-scolaire-et-des-examens-officiels\/#primaryimage","url":"https:\/\/latribunenews.com\/wp-content\/uploads\/2026\/08\/FB_IMG_1787936790571.jpg","contentUrl":"https:\/\/latribunenews.com\/wp-content\/uploads\/2026\/08\/FB_IMG_1787936790571.jpg","width":1170,"height":1541},{"@type":"BreadcrumbList","@id":"https:\/\/latribunenews.com\/index.php\/2026\/08\/28\/haiti-education-un-nouveau-decret-fixe-les-grandes-dates-de-lannee-scolaire-et-des-examens-officiels\/#breadcrumb","itemListElement":[{"@type":"ListItem","position":1,"name":"Home","item":"https:\/\/latribunenews.com\/"},{"@type":"ListItem","position":2,"name":"Ha\u00efti &#8211; \u00c9ducation : un nouveau d\u00e9cret fixe les grandes dates de l\u2019ann\u00e9e scolaire et des examens officiels"}]},{"@type":"WebSite","@id":"https:\/\/latribunenews.com\/#website","url":"https:\/\/latribunenews.com\/","name":"LA TRIBUNE NEWS","description":"L&#039;INFO","publisher":{"@id":"https:\/\/latribunenews.com\/#organization"},"potentialAction":[{"@type":"SearchAction","target":{"@type":"EntryPoint","urlTemplate":"https:\/\/latribunenews.com\/?s={search_term_string}"},"query-input":{"@type":"PropertyValueSpecification","valueRequired":true,"valueName":"search_term_string"}}],"inLanguage":"en-US"},{"@type":"Organization","@id":"https:\/\/latribunenews.com\/#organization","name":"LA TRIBUNE NEWS","url":"https:\/\/latribunenews.com\/","logo":{"@type":"ImageObject","inLanguage":"en-US","@id":"https:\/\/latribunenews.com\/#\/schema\/logo\/image\/","url":"https:\/\/latribunenews.com\/wp-content\/uploads\/2026\/08\/cropped-LOGO-LA-TRITUBE.png","contentUrl":"https:\/\/latribunenews.com\/wp-content\/uploads\/2026\/08\/cropped-LOGO-LA-TRITUBE.png","width":1254,"height":766,"caption":"LA TRIBUNE NEWS"},"image":{"@id":"https:\/\/latribunenews.com\/#\/schema\/logo\/image\/"}},{"@type":"Person","@id":"https:\/\/latribunenews.com\/#\/schema\/person\/80e6390c7f17ddf6d4800d8312efdff9","name":"La Tribune News","image":{"@type":"ImageObject","inLanguage":"en-US","@id":"https:\/\/secure.gravatar.com\/avatar\/3f4acc70b63ca0076cf232c0b3931e57bcf757c06f357d5ebc1b7077f6872e95?s=96&d=mm&r=g","url":"https:\/\/secure.gravatar.com\/avatar\/3f4acc70b63ca0076cf232c0b3931e57bcf757c06f357d5ebc1b7077f6872e95?s=96&d=mm&r=g","contentUrl":"https:\/\/secure.gravatar.com\/avatar\/3f4acc70b63ca0076cf232c0b3931e57bcf757c06f357d5ebc1b7077f6872e95?s=96&d=mm&r=g","caption":"La Tribune News"},"sameAs":["https:\/\/latribunenews.com"],"url":"https:\/\/latribunenews.com\/index.php\/author\/admin\/"}]}},"_links":{"self":[{"href":"https:\/\/latribunenews.com\/index.php\/wp-json\/wp\/v2\/posts\/1928","targetHints":{"allow":["GET"]}}],"collection":[{"href":"https:\/\/latribunenews.com\/index.php\/wp-json\/wp\/v2\/posts"}],"about":[{"href":"https:\/\/latribunenews.com\/index.php\/wp-json\/wp\/v2\/types\/post"}],"author":[{"embeddable":true,"href":"https:\/\/latribunenews.com\/index.php\/wp-json\/wp\/v2\/users\/1"}],"replies":[{"embeddable":true,"href":"https:\/\/latribunenews.com\/index.php\/wp-json\/wp\/v2\/comments?post=1928"}],"version-history":[{"count":1,"href":"https:\/\/latribunenews.com\/index.php\/wp-json\/wp\/v2\/posts\/1928\/revisions"}],"predecessor-version":[{"id":1930,"href":"https:\/\/latribunenews.com\/index.php\/wp-json\/wp\/v2\/posts\/1928\/revisions\/1930"}],"wp:featuredmedia":[{"embeddable":true,"href":"https:\/\/latribunenews.com\/index.php\/wp-json\/wp\/v2\/media\/1929"}],"wp:attachment":[{"href":"https:\/\/latribunenews.com\/index.php\/wp-json\/wp\/v2\/media?parent=1928"}],"wp:term":[{"taxonomy":"category","embeddable":true,"href":"https:\/\/latribunenews.com\/index.php\/wp-json\/wp\/v2\/categories?post=1928"},{"taxonomy":"post_tag","embeddable":true,"href":"https:\/\/latribunenews.com\/index.php\/wp-json\/wp\/v2\/tags?post=1928"}],"curies":[{"name":"wp","href":"https:\/\/api.w.org\/{rel}","templated":true}]}}