{"id":1925,"date":"2026-08-28T00:59:03","date_gmt":"2026-08-27T22:59:03","guid":{"rendered":"https:\/\/latribunenews.com\/?p=1925"},"modified":"2026-08-28T00:59:03","modified_gmt":"2026-08-27T22:59:03","slug":"kenscoff-la-pnh-renforce-son-dispositif-securitaire-avec-un-nouveau-commandement","status":"publish","type":"post","link":"https:\/\/latribunenews.com\/index.php\/2026\/08\/28\/kenscoff-la-pnh-renforce-son-dispositif-securitaire-avec-un-nouveau-commandement\/","title":{"rendered":"Kenscoff : la PNH renforce son dispositif s\u00e9curitaire avec un nouveau commandement"},"content":{"rendered":"<p>Face \u00e0 la col\u00e8re et aux pr\u00e9occupations exprim\u00e9es apr\u00e8s l&#8217;attaque meurtri\u00e8re survenue entre dimanche et lundi \u00e0 Kenscoff, la Police nationale d&#8217;Ha\u00efti a d\u00e9voil\u00e9 un plan de r\u00e9ponse.<\/p>\n<p>Ce jeudi 27 ao\u00fbt 2026, le Haut Commandement de la PNH a d\u00e9cid\u00e9 de mettre en place un nouveau commandement \u00e0 Kenscoff, avec pour mission d&#8217;intensifier la pr\u00e9sence des forces de l&#8217;ordre sur le terrain.<\/p>\n<p>Ainsi, des renforts seront d\u00e9ploy\u00e9s sur plusieurs points strat\u00e9giques qui faisaient d\u00e9j\u00e0 partie du dispositif de s\u00e9curit\u00e9 en place. Ces mesures visent \u00e0 consolider ces positions et \u00e0 am\u00e9liorer la capacit\u00e9 op\u00e9rationnelle des forces de l&#8217;ordre sur le terrain, pr\u00e9cise un communiqu\u00e9 de l&#8217;institution polici\u00e8re.<\/p>\n<p>La Police ha\u00eftienne affirme, par ailleurs, que ses \u00e9quipes restent mobilis\u00e9es et pr\u00eates \u00e0 apporter une r\u00e9ponse ferme aux groupes criminels, afin de prot\u00e9ger la vie et les biens de la population. \u00ab La PNH continuera de traquer tous les bandits criminels, leurs complices ainsi que toute personne qui ferait preuve de n\u00e9gligence dans le cadre de sa mission \u00bb, souligne l&#8217;institution.<\/p>\n<p>Ces dispositions seront mises en oeuvre sous les instructions du Conseil Sup\u00e9rieur de la Police Nationale (CSPN), pr\u00e9sid\u00e9 par le Premier ministre, M. Alix Didier Fils-Aim\u00e9. L&#8217;objectif affich\u00e9 est de renforcer la s\u00e9curit\u00e9, de r\u00e9tablir l&#8217;ordre et d&#8217;assurer la protection de la population de Kenscoff.<\/p>\n","protected":false},"excerpt":{"rendered":"<p>Face \u00e0 la col\u00e8re et aux pr\u00e9occupations exprim\u00e9es apr\u00e8s l&#8217;attaque meurtri\u00e8re survenue entre dimanche et lundi \u00e0 Kenscoff, la Police nationale d&#8217;Ha\u00efti a d\u00e9voil\u00e9 un plan de r\u00e9ponse. Ce jeudi&hellip;<\/p>\n","protected":false},"author":1,"featured_media":1926,"comment_status":"closed","ping_status":"closed","sticky":false,"template":"","format":"standard","meta":{"footnotes":""},"categories":[29,38],"tags":[108],"class_list":["post-1925","post","type-post","status-publish","format-standard","has-post-thumbnail","hentry","category-actualites","category-securite","tag-securite"],"yoast_head":"<!-- This site is optimized with the Yoast SEO plugin v28.3 - https:\/\/yoast.com\/product\/yoast-seo-wordpress\/ -->\n<title>Kenscoff : la PNH renforce son dispositif s\u00e9curitaire avec un nouveau commandement - LA TRIBUNE NEWS<\/title>\n<meta name=\"robots\" content=\"index, follow, max-snippet:-1, max-image-preview:large, max-video-preview:-1\" \/>\n<link rel=\"canonical\" href=\"https:\/\/latribunenews.com\/index.php\/2026\/08\/28\/kenscoff-la-pnh-renforce-son-dispositif-securitaire-avec-un-nouveau-commandement\/\" \/>\n<meta property=\"og:locale\" content=\"en_US\" \/>\n<meta property=\"og:type\" content=\"article\" \/>\n<meta property=\"og:title\" content=\"Kenscoff : la PNH renforce son dispositif s\u00e9curitaire avec un nouveau commandement - LA TRIBUNE NEWS\" \/>\n<meta property=\"og:description\" content=\"Face \u00e0 la col\u00e8re et aux pr\u00e9occupations exprim\u00e9es apr\u00e8s l&#8217;attaque meurtri\u00e8re survenue entre dimanche et lundi \u00e0 Kenscoff, la Police nationale d&#8217;Ha\u00efti a d\u00e9voil\u00e9 un plan de r\u00e9ponse. Ce jeudi&hellip;\" \/>\n<meta property=\"og:url\" content=\"https:\/\/latribunenews.com\/index.php\/2026\/08\/28\/kenscoff-la-pnh-renforce-son-dispositif-securitaire-avec-un-nouveau-commandement\/\" \/>\n<meta property=\"og:site_name\" content=\"LA TRIBUNE NEWS\" \/>\n<meta property=\"article:published_time\" content=\"2026-08-27T22:59:03+00:00\" \/>\n<meta property=\"og:image\" content=\"https:\/\/latribunenews.com\/wp-content\/uploads\/2026\/08\/IMG-20260827-WA0034.jpg\" \/>\n\t<meta property=\"og:image:width\" content=\"736\" \/>\n\t<meta property=\"og:image:height\" content=\"311\" \/>\n\t<meta property=\"og:image:type\" content=\"image\/jpeg\" \/>\n<meta name=\"author\" content=\"La Tribune News\" \/>\n<meta name=\"twitter:card\" content=\"summary_large_image\" \/>\n<meta name=\"twitter:label1\" content=\"Written by\" \/>\n\t<meta name=\"twitter:data1\" content=\"La Tribune News\" \/>\n\t<meta name=\"twitter:label2\" content=\"Est. reading time\" \/>\n\t<meta name=\"twitter:data2\" content=\"2 minutes\" \/>\n<script type=\"application\/ld+json\" class=\"yoast-schema-graph\">{\"@context\":\"https:\\\/\\\/schema.org\",\"@graph\":[{\"@type\":\"Article\",\"@id\":\"https:\\\/\\\/latribunenews.com\\\/index.php\\\/2026\\\/08\\\/28\\\/kenscoff-la-pnh-renforce-son-dispositif-securitaire-avec-un-nouveau-commandement\\\/#article\",\"isPartOf\":{\"@id\":\"https:\\\/\\\/latribunenews.com\\\/index.php\\\/2026\\\/08\\\/28\\\/kenscoff-la-pnh-renforce-son-dispositif-securitaire-avec-un-nouveau-commandement\\\/\"},\"author\":{\"name\":\"La Tribune News\",\"@id\":\"https:\\\/\\\/latribunenews.com\\\/#\\\/schema\\\/person\\\/80e6390c7f17ddf6d4800d8312efdff9\"},\"headline\":\"Kenscoff : la PNH renforce son dispositif s\u00e9curitaire avec un nouveau commandement\",\"datePublished\":\"2026-08-27T22:59:03+00:00\",\"mainEntityOfPage\":{\"@id\":\"https:\\\/\\\/latribunenews.com\\\/index.php\\\/2026\\\/08\\\/28\\\/kenscoff-la-pnh-renforce-son-dispositif-securitaire-avec-un-nouveau-commandement\\\/\"},\"wordCount\":257,\"publisher\":{\"@id\":\"https:\\\/\\\/latribunenews.com\\\/#organization\"},\"image\":{\"@id\":\"https:\\\/\\\/latribunenews.com\\\/index.php\\\/2026\\\/08\\\/28\\\/kenscoff-la-pnh-renforce-son-dispositif-securitaire-avec-un-nouveau-commandement\\\/#primaryimage\"},\"thumbnailUrl\":\"https:\\\/\\\/latribunenews.com\\\/wp-content\\\/uploads\\\/2026\\\/08\\\/IMG-20260827-WA0034.jpg\",\"keywords\":[\"S\u00e9curit\u00e9\"],\"articleSection\":[\"Actualit\u00e9s\",\"Securit\u00e9\"],\"inLanguage\":\"en-US\"},{\"@type\":\"WebPage\",\"@id\":\"https:\\\/\\\/latribunenews.com\\\/index.php\\\/2026\\\/08\\\/28\\\/kenscoff-la-pnh-renforce-son-dispositif-securitaire-avec-un-nouveau-commandement\\\/\",\"url\":\"https:\\\/\\\/latribunenews.com\\\/index.php\\\/2026\\\/08\\\/28\\\/kenscoff-la-pnh-renforce-son-dispositif-securitaire-avec-un-nouveau-commandement\\\/\",\"name\":\"Kenscoff : la PNH renforce son dispositif s\u00e9curitaire avec un nouveau commandement - LA TRIBUNE NEWS\",\"isPartOf\":{\"@id\":\"https:\\\/\\\/latribunenews.com\\\/#website\"},\"primaryImageOfPage\":{\"@id\":\"https:\\\/\\\/latribunenews.com\\\/index.php\\\/2026\\\/08\\\/28\\\/kenscoff-la-pnh-renforce-son-dispositif-securitaire-avec-un-nouveau-commandement\\\/#primaryimage\"},\"image\":{\"@id\":\"https:\\\/\\\/latribunenews.com\\\/index.php\\\/2026\\\/08\\\/28\\\/kenscoff-la-pnh-renforce-son-dispositif-securitaire-avec-un-nouveau-commandement\\\/#primaryimage\"},\"thumbnailUrl\":\"https:\\\/\\\/latribunenews.com\\\/wp-content\\\/uploads\\\/2026\\\/08\\\/IMG-20260827-WA0034.jpg\",\"datePublished\":\"2026-08-27T22:59:03+00:00\",\"breadcrumb\":{\"@id\":\"https:\\\/\\\/latribunenews.com\\\/index.php\\\/2026\\\/08\\\/28\\\/kenscoff-la-pnh-renforce-son-dispositif-securitaire-avec-un-nouveau-commandement\\\/#breadcrumb\"},\"inLanguage\":\"en-US\",\"potentialAction\":[{\"@type\":\"ReadAction\",\"target\":[\"https:\\\/\\\/latribunenews.com\\\/index.php\\\/2026\\\/08\\\/28\\\/kenscoff-la-pnh-renforce-son-dispositif-securitaire-avec-un-nouveau-commandement\\\/\"]}]},{\"@type\":\"ImageObject\",\"inLanguage\":\"en-US\",\"@id\":\"https:\\\/\\\/latribunenews.com\\\/index.php\\\/2026\\\/08\\\/28\\\/kenscoff-la-pnh-renforce-son-dispositif-securitaire-avec-un-nouveau-commandement\\\/#primaryimage\",\"url\":\"https:\\\/\\\/latribunenews.com\\\/wp-content\\\/uploads\\\/2026\\\/08\\\/IMG-20260827-WA0034.jpg\",\"contentUrl\":\"https:\\\/\\\/latribunenews.com\\\/wp-content\\\/uploads\\\/2026\\\/08\\\/IMG-20260827-WA0034.jpg\",\"width\":736,\"height\":311},{\"@type\":\"BreadcrumbList\",\"@id\":\"https:\\\/\\\/latribunenews.com\\\/index.php\\\/2026\\\/08\\\/28\\\/kenscoff-la-pnh-renforce-son-dispositif-securitaire-avec-un-nouveau-commandement\\\/#breadcrumb\",\"itemListElement\":[{\"@type\":\"ListItem\",\"position\":1,\"name\":\"Home\",\"item\":\"https:\\\/\\\/latribunenews.com\\\/\"},{\"@type\":\"ListItem\",\"position\":2,\"name\":\"Kenscoff : la PNH renforce son dispositif s\u00e9curitaire avec un nouveau commandement\"}]},{\"@type\":\"WebSite\",\"@id\":\"https:\\\/\\\/latribunenews.com\\\/#website\",\"url\":\"https:\\\/\\\/latribunenews.com\\\/\",\"name\":\"LA TRIBUNE NEWS\",\"description\":\"L&#039;INFO\",\"publisher\":{\"@id\":\"https:\\\/\\\/latribunenews.com\\\/#organization\"},\"potentialAction\":[{\"@type\":\"SearchAction\",\"target\":{\"@type\":\"EntryPoint\",\"urlTemplate\":\"https:\\\/\\\/latribunenews.com\\\/?s={search_term_string}\"},\"query-input\":{\"@type\":\"PropertyValueSpecification\",\"valueRequired\":true,\"valueName\":\"search_term_string\"}}],\"inLanguage\":\"en-US\"},{\"@type\":\"Organization\",\"@id\":\"https:\\\/\\\/latribunenews.com\\\/#organization\",\"name\":\"LA TRIBUNE NEWS\",\"url\":\"https:\\\/\\\/latribunenews.com\\\/\",\"logo\":{\"@type\":\"ImageObject\",\"inLanguage\":\"en-US\",\"@id\":\"https:\\\/\\\/latribunenews.com\\\/#\\\/schema\\\/logo\\\/image\\\/\",\"url\":\"https:\\\/\\\/latribunenews.com\\\/wp-content\\\/uploads\\\/2026\\\/08\\\/cropped-LOGO-LA-TRITUBE.png\",\"contentUrl\":\"https:\\\/\\\/latribunenews.com\\\/wp-content\\\/uploads\\\/2026\\\/08\\\/cropped-LOGO-LA-TRITUBE.png\",\"width\":1254,\"height\":766,\"caption\":\"LA TRIBUNE NEWS\"},\"image\":{\"@id\":\"https:\\\/\\\/latribunenews.com\\\/#\\\/schema\\\/logo\\\/image\\\/\"}},{\"@type\":\"Person\",\"@id\":\"https:\\\/\\\/latribunenews.com\\\/#\\\/schema\\\/person\\\/80e6390c7f17ddf6d4800d8312efdff9\",\"name\":\"La Tribune News\",\"image\":{\"@type\":\"ImageObject\",\"inLanguage\":\"en-US\",\"@id\":\"https:\\\/\\\/secure.gravatar.com\\\/avatar\\\/3f4acc70b63ca0076cf232c0b3931e57bcf757c06f357d5ebc1b7077f6872e95?s=96&d=mm&r=g\",\"url\":\"https:\\\/\\\/secure.gravatar.com\\\/avatar\\\/3f4acc70b63ca0076cf232c0b3931e57bcf757c06f357d5ebc1b7077f6872e95?s=96&d=mm&r=g\",\"contentUrl\":\"https:\\\/\\\/secure.gravatar.com\\\/avatar\\\/3f4acc70b63ca0076cf232c0b3931e57bcf757c06f357d5ebc1b7077f6872e95?s=96&d=mm&r=g\",\"caption\":\"La Tribune News\"},\"sameAs\":[\"https:\\\/\\\/latribunenews.com\"],\"url\":\"https:\\\/\\\/latribunenews.com\\\/index.php\\\/author\\\/admin\\\/\"}]}<\/script>\n<!-- \/ Yoast SEO plugin. -->","yoast_head_json":{"title":"Kenscoff : la PNH renforce son dispositif s\u00e9curitaire avec un nouveau commandement - LA TRIBUNE NEWS","robots":{"index":"index","follow":"follow","max-snippet":"max-snippet:-1","max-image-preview":"max-image-preview:large","max-video-preview":"max-video-preview:-1"},"canonical":"https:\/\/latribunenews.com\/index.php\/2026\/08\/28\/kenscoff-la-pnh-renforce-son-dispositif-securitaire-avec-un-nouveau-commandement\/","og_locale":"en_US","og_type":"article","og_title":"Kenscoff : la PNH renforce son dispositif s\u00e9curitaire avec un nouveau commandement - LA TRIBUNE NEWS","og_description":"Face \u00e0 la col\u00e8re et aux pr\u00e9occupations exprim\u00e9es apr\u00e8s l&#8217;attaque meurtri\u00e8re survenue entre dimanche et lundi \u00e0 Kenscoff, la Police nationale d&#8217;Ha\u00efti a d\u00e9voil\u00e9 un plan de r\u00e9ponse. Ce jeudi&hellip;","og_url":"https:\/\/latribunenews.com\/index.php\/2026\/08\/28\/kenscoff-la-pnh-renforce-son-dispositif-securitaire-avec-un-nouveau-commandement\/","og_site_name":"LA TRIBUNE NEWS","article_published_time":"2026-08-27T22:59:03+00:00","og_image":[{"width":736,"height":311,"url":"https:\/\/latribunenews.com\/wp-content\/uploads\/2026\/08\/IMG-20260827-WA0034.jpg","type":"image\/jpeg"}],"author":"La Tribune News","twitter_card":"summary_large_image","twitter_misc":{"Written by":"La Tribune News","Est. reading time":"2 minutes"},"schema":{"@context":"https:\/\/schema.org","@graph":[{"@type":"Article","@id":"https:\/\/latribunenews.com\/index.php\/2026\/08\/28\/kenscoff-la-pnh-renforce-son-dispositif-securitaire-avec-un-nouveau-commandement\/#article","isPartOf":{"@id":"https:\/\/latribunenews.com\/index.php\/2026\/08\/28\/kenscoff-la-pnh-renforce-son-dispositif-securitaire-avec-un-nouveau-commandement\/"},"author":{"name":"La Tribune News","@id":"https:\/\/latribunenews.com\/#\/schema\/person\/80e6390c7f17ddf6d4800d8312efdff9"},"headline":"Kenscoff : la PNH renforce son dispositif s\u00e9curitaire avec un nouveau commandement","datePublished":"2026-08-27T22:59:03+00:00","mainEntityOfPage":{"@id":"https:\/\/latribunenews.com\/index.php\/2026\/08\/28\/kenscoff-la-pnh-renforce-son-dispositif-securitaire-avec-un-nouveau-commandement\/"},"wordCount":257,"publisher":{"@id":"https:\/\/latribunenews.com\/#organization"},"image":{"@id":"https:\/\/latribunenews.com\/index.php\/2026\/08\/28\/kenscoff-la-pnh-renforce-son-dispositif-securitaire-avec-un-nouveau-commandement\/#primaryimage"},"thumbnailUrl":"https:\/\/latribunenews.com\/wp-content\/uploads\/2026\/08\/IMG-20260827-WA0034.jpg","keywords":["S\u00e9curit\u00e9"],"articleSection":["Actualit\u00e9s","Securit\u00e9"],"inLanguage":"en-US"},{"@type":"WebPage","@id":"https:\/\/latribunenews.com\/index.php\/2026\/08\/28\/kenscoff-la-pnh-renforce-son-dispositif-securitaire-avec-un-nouveau-commandement\/","url":"https:\/\/latribunenews.com\/index.php\/2026\/08\/28\/kenscoff-la-pnh-renforce-son-dispositif-securitaire-avec-un-nouveau-commandement\/","name":"Kenscoff : la PNH renforce son dispositif s\u00e9curitaire avec un nouveau commandement - LA TRIBUNE NEWS","isPartOf":{"@id":"https:\/\/latribunenews.com\/#website"},"primaryImageOfPage":{"@id":"https:\/\/latribunenews.com\/index.php\/2026\/08\/28\/kenscoff-la-pnh-renforce-son-dispositif-securitaire-avec-un-nouveau-commandement\/#primaryimage"},"image":{"@id":"https:\/\/latribunenews.com\/index.php\/2026\/08\/28\/kenscoff-la-pnh-renforce-son-dispositif-securitaire-avec-un-nouveau-commandement\/#primaryimage"},"thumbnailUrl":"https:\/\/latribunenews.com\/wp-content\/uploads\/2026\/08\/IMG-20260827-WA0034.jpg","datePublished":"2026-08-27T22:59:03+00:00","breadcrumb":{"@id":"https:\/\/latribunenews.com\/index.php\/2026\/08\/28\/kenscoff-la-pnh-renforce-son-dispositif-securitaire-avec-un-nouveau-commandement\/#breadcrumb"},"inLanguage":"en-US","potentialAction":[{"@type":"ReadAction","target":["https:\/\/latribunenews.com\/index.php\/2026\/08\/28\/kenscoff-la-pnh-renforce-son-dispositif-securitaire-avec-un-nouveau-commandement\/"]}]},{"@type":"ImageObject","inLanguage":"en-US","@id":"https:\/\/latribunenews.com\/index.php\/2026\/08\/28\/kenscoff-la-pnh-renforce-son-dispositif-securitaire-avec-un-nouveau-commandement\/#primaryimage","url":"https:\/\/latribunenews.com\/wp-content\/uploads\/2026\/08\/IMG-20260827-WA0034.jpg","contentUrl":"https:\/\/latribunenews.com\/wp-content\/uploads\/2026\/08\/IMG-20260827-WA0034.jpg","width":736,"height":311},{"@type":"BreadcrumbList","@id":"https:\/\/latribunenews.com\/index.php\/2026\/08\/28\/kenscoff-la-pnh-renforce-son-dispositif-securitaire-avec-un-nouveau-commandement\/#breadcrumb","itemListElement":[{"@type":"ListItem","position":1,"name":"Home","item":"https:\/\/latribunenews.com\/"},{"@type":"ListItem","position":2,"name":"Kenscoff : la PNH renforce son dispositif s\u00e9curitaire avec un nouveau commandement"}]},{"@type":"WebSite","@id":"https:\/\/latribunenews.com\/#website","url":"https:\/\/latribunenews.com\/","name":"LA TRIBUNE NEWS","description":"L&#039;INFO","publisher":{"@id":"https:\/\/latribunenews.com\/#organization"},"potentialAction":[{"@type":"SearchAction","target":{"@type":"EntryPoint","urlTemplate":"https:\/\/latribunenews.com\/?s={search_term_string}"},"query-input":{"@type":"PropertyValueSpecification","valueRequired":true,"valueName":"search_term_string"}}],"inLanguage":"en-US"},{"@type":"Organization","@id":"https:\/\/latribunenews.com\/#organization","name":"LA TRIBUNE NEWS","url":"https:\/\/latribunenews.com\/","logo":{"@type":"ImageObject","inLanguage":"en-US","@id":"https:\/\/latribunenews.com\/#\/schema\/logo\/image\/","url":"https:\/\/latribunenews.com\/wp-content\/uploads\/2026\/08\/cropped-LOGO-LA-TRITUBE.png","contentUrl":"https:\/\/latribunenews.com\/wp-content\/uploads\/2026\/08\/cropped-LOGO-LA-TRITUBE.png","width":1254,"height":766,"caption":"LA TRIBUNE NEWS"},"image":{"@id":"https:\/\/latribunenews.com\/#\/schema\/logo\/image\/"}},{"@type":"Person","@id":"https:\/\/latribunenews.com\/#\/schema\/person\/80e6390c7f17ddf6d4800d8312efdff9","name":"La Tribune News","image":{"@type":"ImageObject","inLanguage":"en-US","@id":"https:\/\/secure.gravatar.com\/avatar\/3f4acc70b63ca0076cf232c0b3931e57bcf757c06f357d5ebc1b7077f6872e95?s=96&d=mm&r=g","url":"https:\/\/secure.gravatar.com\/avatar\/3f4acc70b63ca0076cf232c0b3931e57bcf757c06f357d5ebc1b7077f6872e95?s=96&d=mm&r=g","contentUrl":"https:\/\/secure.gravatar.com\/avatar\/3f4acc70b63ca0076cf232c0b3931e57bcf757c06f357d5ebc1b7077f6872e95?s=96&d=mm&r=g","caption":"La Tribune News"},"sameAs":["https:\/\/latribunenews.com"],"url":"https:\/\/latribunenews.com\/index.php\/author\/admin\/"}]}},"_links":{"self":[{"href":"https:\/\/latribunenews.com\/index.php\/wp-json\/wp\/v2\/posts\/1925","targetHints":{"allow":["GET"]}}],"collection":[{"href":"https:\/\/latribunenews.com\/index.php\/wp-json\/wp\/v2\/posts"}],"about":[{"href":"https:\/\/latribunenews.com\/index.php\/wp-json\/wp\/v2\/types\/post"}],"author":[{"embeddable":true,"href":"https:\/\/latribunenews.com\/index.php\/wp-json\/wp\/v2\/users\/1"}],"replies":[{"embeddable":true,"href":"https:\/\/latribunenews.com\/index.php\/wp-json\/wp\/v2\/comments?post=1925"}],"version-history":[{"count":1,"href":"https:\/\/latribunenews.com\/index.php\/wp-json\/wp\/v2\/posts\/1925\/revisions"}],"predecessor-version":[{"id":1927,"href":"https:\/\/latribunenews.com\/index.php\/wp-json\/wp\/v2\/posts\/1925\/revisions\/1927"}],"wp:featuredmedia":[{"embeddable":true,"href":"https:\/\/latribunenews.com\/index.php\/wp-json\/wp\/v2\/media\/1926"}],"wp:attachment":[{"href":"https:\/\/latribunenews.com\/index.php\/wp-json\/wp\/v2\/media?parent=1925"}],"wp:term":[{"taxonomy":"category","embeddable":true,"href":"https:\/\/latribunenews.com\/index.php\/wp-json\/wp\/v2\/categories?post=1925"},{"taxonomy":"post_tag","embeddable":true,"href":"https:\/\/latribunenews.com\/index.php\/wp-json\/wp\/v2\/tags?post=1925"}],"curies":[{"name":"wp","href":"https:\/\/api.w.org\/{rel}","templated":true}]}}