{"id":1922,"date":"2026-08-27T22:30:48","date_gmt":"2026-08-27T20:30:48","guid":{"rendered":"https:\/\/latribunenews.com\/?p=1922"},"modified":"2026-08-27T22:30:48","modified_gmt":"2026-08-27T20:30:48","slug":"haiti-debloke-rencontre-le-premier-ministre-sur-les-conditions-de-participation-au-processus-electoral","status":"publish","type":"post","link":"https:\/\/latribunenews.com\/index.php\/2026\/08\/27\/haiti-debloke-rencontre-le-premier-ministre-sur-les-conditions-de-participation-au-processus-electoral\/","title":{"rendered":"Ha\u00efti : DEBLOKE rencontre le Premier ministre sur les conditions de participation au processus \u00e9lectoral"},"content":{"rendered":"<p><span dir=\"auto\" style=\"vertical-align: inherit;\"><span dir=\"auto\" style=\"vertical-align: inherit;\">Dans un communiqu\u00e9 publi\u00e9 ce jour, le groupement politique DEBLOKE informe avoir rencontr\u00e9, le mercredi 26 ao\u00fbt 2026, le Premier ministre Alix Didier Fils-Aim\u00e9 autour de plusieurs pr\u00e9occupations li\u00e9es au processus \u00e9lectoral. Lors de cette rencontre, qui faisait suite \u00e0 une correspondance adress\u00e9e au chef du gouvernement le 18 ao\u00fbt, les cinq repr\u00e9sentants de DEBLOKE ont notamment attir\u00e9 l&#8217;attention sur certaines exigences pr\u00e9vues par le d\u00e9cret \u00e9lectoral du 2 juin 2026, particuli\u00e8rement celles relatives \u00e0 la constitution des dossiers de candidature, pr\u00e9vues \u00e0 l&#8217;article 153.<\/span><\/span><\/p>\n<p><span dir=\"auto\" style=\"vertical-align: inherit;\"><span dir=\"auto\" style=\"vertical-align: inherit;\">La structure estime que certaines exigences administratives et documentaires pourraient constituer un obstacle pour de nombreux candidats, notamment en raison des in\u00e9galit\u00e9s d&#8217;acc\u00e8s aux services administratifs et des contraintes financi\u00e8res. Le groupement demande ainsi le r\u00e9examen de l&#8217;article 153 et des dispositions pertinentes du d\u00e9cret \u00e9lectoral, afin de garantir des conditions de candidature \u00e0 la fois rigoureuses, \u00e9quitables et accessibles.<\/span><\/span><\/p>\n<p><span dir=\"auto\" style=\"vertical-align: inherit;\"><span dir=\"auto\" style=\"vertical-align: inherit;\">La situation s\u00e9curitaire, ainsi que la n\u00e9cessit\u00e9 de garantir la transparence, l&#8217;\u00e9galit\u00e9 de traitement et la pr\u00e9visibilit\u00e9 du processus \u00e9lectoral, ont \u00e9galement \u00e9t\u00e9 au c\u0153ur des \u00e9changes.<\/span><\/span><\/p>\n<p><span dir=\"auto\" style=\"vertical-align: inherit;\"><span dir=\"auto\" style=\"vertical-align: inherit;\">Le Premier ministre, accompagn\u00e9 de ses conseillers, a pris note de ces pr\u00e9occupations et a indiqu\u00e9 que le gouvernement poursuivait ses consultations avec les diff\u00e9rents acteurs politiques. De son c\u00f4t\u00e9, DEBLOKE devrait transmettre au chef du gouvernement un aide-m\u00e9moire d\u00e9taillant ses principales propositions.<\/span><\/span><\/p>\n","protected":false},"excerpt":{"rendered":"<p>Dans un communiqu\u00e9 publi\u00e9 ce jour, le groupement politique DEBLOKE informe avoir rencontr\u00e9, le mercredi 26 ao\u00fbt 2026, le Premier ministre Alix Didier Fils-Aim\u00e9 autour de plusieurs pr\u00e9occupations li\u00e9es au&hellip;<\/p>\n","protected":false},"author":1,"featured_media":1923,"comment_status":"closed","ping_status":"closed","sticky":false,"template":"","format":"standard","meta":{"footnotes":""},"categories":[29,30,38],"tags":[105,104,106],"class_list":["post-1922","post","type-post","status-publish","format-standard","has-post-thumbnail","hentry","category-actualites","category-politique","category-securite","tag-debloke","tag-elections","tag-haiti"],"yoast_head":"<!-- This site is optimized with the Yoast SEO plugin v28.3 - https:\/\/yoast.com\/product\/yoast-seo-wordpress\/ -->\n<title>Ha\u00efti : DEBLOKE rencontre le Premier ministre sur les conditions de participation au processus \u00e9lectoral - LA TRIBUNE NEWS<\/title>\n<meta name=\"robots\" content=\"index, follow, max-snippet:-1, max-image-preview:large, max-video-preview:-1\" \/>\n<link rel=\"canonical\" href=\"https:\/\/latribunenews.com\/index.php\/2026\/08\/27\/haiti-debloke-rencontre-le-premier-ministre-sur-les-conditions-de-participation-au-processus-electoral\/\" \/>\n<meta property=\"og:locale\" content=\"en_US\" \/>\n<meta property=\"og:type\" content=\"article\" \/>\n<meta property=\"og:title\" content=\"Ha\u00efti : DEBLOKE rencontre le Premier ministre sur les conditions de participation au processus \u00e9lectoral - LA TRIBUNE NEWS\" \/>\n<meta property=\"og:description\" content=\"Dans un communiqu\u00e9 publi\u00e9 ce jour, le groupement politique DEBLOKE informe avoir rencontr\u00e9, le mercredi 26 ao\u00fbt 2026, le Premier ministre Alix Didier Fils-Aim\u00e9 autour de plusieurs pr\u00e9occupations li\u00e9es au&hellip;\" \/>\n<meta property=\"og:url\" content=\"https:\/\/latribunenews.com\/index.php\/2026\/08\/27\/haiti-debloke-rencontre-le-premier-ministre-sur-les-conditions-de-participation-au-processus-electoral\/\" \/>\n<meta property=\"og:site_name\" content=\"LA TRIBUNE NEWS\" \/>\n<meta property=\"article:published_time\" content=\"2026-08-27T20:30:48+00:00\" \/>\n<meta property=\"og:image\" content=\"https:\/\/latribunenews.com\/wp-content\/uploads\/2026\/08\/IMG-20260819-WA0058.jpg\" \/>\n\t<meta property=\"og:image:width\" content=\"552\" \/>\n\t<meta property=\"og:image:height\" content=\"555\" \/>\n\t<meta property=\"og:image:type\" content=\"image\/jpeg\" \/>\n<meta name=\"author\" content=\"La Tribune News\" \/>\n<meta name=\"twitter:card\" content=\"summary_large_image\" \/>\n<meta name=\"twitter:label1\" content=\"Written by\" \/>\n\t<meta name=\"twitter:data1\" content=\"La Tribune News\" \/>\n\t<meta name=\"twitter:label2\" content=\"Est. reading time\" \/>\n\t<meta name=\"twitter:data2\" content=\"2 minutes\" \/>\n<script type=\"application\/ld+json\" class=\"yoast-schema-graph\">{\"@context\":\"https:\\\/\\\/schema.org\",\"@graph\":[{\"@type\":\"Article\",\"@id\":\"https:\\\/\\\/latribunenews.com\\\/index.php\\\/2026\\\/08\\\/27\\\/haiti-debloke-rencontre-le-premier-ministre-sur-les-conditions-de-participation-au-processus-electoral\\\/#article\",\"isPartOf\":{\"@id\":\"https:\\\/\\\/latribunenews.com\\\/index.php\\\/2026\\\/08\\\/27\\\/haiti-debloke-rencontre-le-premier-ministre-sur-les-conditions-de-participation-au-processus-electoral\\\/\"},\"author\":{\"name\":\"La Tribune News\",\"@id\":\"https:\\\/\\\/latribunenews.com\\\/#\\\/schema\\\/person\\\/80e6390c7f17ddf6d4800d8312efdff9\"},\"headline\":\"Ha\u00efti : DEBLOKE rencontre le Premier ministre sur les conditions de participation au processus \u00e9lectoral\",\"datePublished\":\"2026-08-27T20:30:48+00:00\",\"mainEntityOfPage\":{\"@id\":\"https:\\\/\\\/latribunenews.com\\\/index.php\\\/2026\\\/08\\\/27\\\/haiti-debloke-rencontre-le-premier-ministre-sur-les-conditions-de-participation-au-processus-electoral\\\/\"},\"wordCount\":249,\"publisher\":{\"@id\":\"https:\\\/\\\/latribunenews.com\\\/#organization\"},\"image\":{\"@id\":\"https:\\\/\\\/latribunenews.com\\\/index.php\\\/2026\\\/08\\\/27\\\/haiti-debloke-rencontre-le-premier-ministre-sur-les-conditions-de-participation-au-processus-electoral\\\/#primaryimage\"},\"thumbnailUrl\":\"https:\\\/\\\/latribunenews.com\\\/wp-content\\\/uploads\\\/2026\\\/08\\\/IMG-20260819-WA0058.jpg\",\"keywords\":[\"DEBLOKE\",\"\u00c9lections\",\"Ha\u00efti\"],\"articleSection\":[\"Actualit\u00e9s\",\"Politique\",\"Securit\u00e9\"],\"inLanguage\":\"en-US\"},{\"@type\":\"WebPage\",\"@id\":\"https:\\\/\\\/latribunenews.com\\\/index.php\\\/2026\\\/08\\\/27\\\/haiti-debloke-rencontre-le-premier-ministre-sur-les-conditions-de-participation-au-processus-electoral\\\/\",\"url\":\"https:\\\/\\\/latribunenews.com\\\/index.php\\\/2026\\\/08\\\/27\\\/haiti-debloke-rencontre-le-premier-ministre-sur-les-conditions-de-participation-au-processus-electoral\\\/\",\"name\":\"Ha\u00efti : DEBLOKE rencontre le Premier ministre sur les conditions de participation au processus \u00e9lectoral - LA TRIBUNE NEWS\",\"isPartOf\":{\"@id\":\"https:\\\/\\\/latribunenews.com\\\/#website\"},\"primaryImageOfPage\":{\"@id\":\"https:\\\/\\\/latribunenews.com\\\/index.php\\\/2026\\\/08\\\/27\\\/haiti-debloke-rencontre-le-premier-ministre-sur-les-conditions-de-participation-au-processus-electoral\\\/#primaryimage\"},\"image\":{\"@id\":\"https:\\\/\\\/latribunenews.com\\\/index.php\\\/2026\\\/08\\\/27\\\/haiti-debloke-rencontre-le-premier-ministre-sur-les-conditions-de-participation-au-processus-electoral\\\/#primaryimage\"},\"thumbnailUrl\":\"https:\\\/\\\/latribunenews.com\\\/wp-content\\\/uploads\\\/2026\\\/08\\\/IMG-20260819-WA0058.jpg\",\"datePublished\":\"2026-08-27T20:30:48+00:00\",\"breadcrumb\":{\"@id\":\"https:\\\/\\\/latribunenews.com\\\/index.php\\\/2026\\\/08\\\/27\\\/haiti-debloke-rencontre-le-premier-ministre-sur-les-conditions-de-participation-au-processus-electoral\\\/#breadcrumb\"},\"inLanguage\":\"en-US\",\"potentialAction\":[{\"@type\":\"ReadAction\",\"target\":[\"https:\\\/\\\/latribunenews.com\\\/index.php\\\/2026\\\/08\\\/27\\\/haiti-debloke-rencontre-le-premier-ministre-sur-les-conditions-de-participation-au-processus-electoral\\\/\"]}]},{\"@type\":\"ImageObject\",\"inLanguage\":\"en-US\",\"@id\":\"https:\\\/\\\/latribunenews.com\\\/index.php\\\/2026\\\/08\\\/27\\\/haiti-debloke-rencontre-le-premier-ministre-sur-les-conditions-de-participation-au-processus-electoral\\\/#primaryimage\",\"url\":\"https:\\\/\\\/latribunenews.com\\\/wp-content\\\/uploads\\\/2026\\\/08\\\/IMG-20260819-WA0058.jpg\",\"contentUrl\":\"https:\\\/\\\/latribunenews.com\\\/wp-content\\\/uploads\\\/2026\\\/08\\\/IMG-20260819-WA0058.jpg\",\"width\":552,\"height\":555},{\"@type\":\"BreadcrumbList\",\"@id\":\"https:\\\/\\\/latribunenews.com\\\/index.php\\\/2026\\\/08\\\/27\\\/haiti-debloke-rencontre-le-premier-ministre-sur-les-conditions-de-participation-au-processus-electoral\\\/#breadcrumb\",\"itemListElement\":[{\"@type\":\"ListItem\",\"position\":1,\"name\":\"Home\",\"item\":\"https:\\\/\\\/latribunenews.com\\\/\"},{\"@type\":\"ListItem\",\"position\":2,\"name\":\"Ha\u00efti : DEBLOKE rencontre le Premier ministre sur les conditions de participation au processus \u00e9lectoral\"}]},{\"@type\":\"WebSite\",\"@id\":\"https:\\\/\\\/latribunenews.com\\\/#website\",\"url\":\"https:\\\/\\\/latribunenews.com\\\/\",\"name\":\"LA TRIBUNE NEWS\",\"description\":\"L&#039;INFO\",\"publisher\":{\"@id\":\"https:\\\/\\\/latribunenews.com\\\/#organization\"},\"potentialAction\":[{\"@type\":\"SearchAction\",\"target\":{\"@type\":\"EntryPoint\",\"urlTemplate\":\"https:\\\/\\\/latribunenews.com\\\/?s={search_term_string}\"},\"query-input\":{\"@type\":\"PropertyValueSpecification\",\"valueRequired\":true,\"valueName\":\"search_term_string\"}}],\"inLanguage\":\"en-US\"},{\"@type\":\"Organization\",\"@id\":\"https:\\\/\\\/latribunenews.com\\\/#organization\",\"name\":\"LA TRIBUNE NEWS\",\"url\":\"https:\\\/\\\/latribunenews.com\\\/\",\"logo\":{\"@type\":\"ImageObject\",\"inLanguage\":\"en-US\",\"@id\":\"https:\\\/\\\/latribunenews.com\\\/#\\\/schema\\\/logo\\\/image\\\/\",\"url\":\"https:\\\/\\\/latribunenews.com\\\/wp-content\\\/uploads\\\/2026\\\/08\\\/cropped-LOGO-LA-TRITUBE.png\",\"contentUrl\":\"https:\\\/\\\/latribunenews.com\\\/wp-content\\\/uploads\\\/2026\\\/08\\\/cropped-LOGO-LA-TRITUBE.png\",\"width\":1254,\"height\":766,\"caption\":\"LA TRIBUNE NEWS\"},\"image\":{\"@id\":\"https:\\\/\\\/latribunenews.com\\\/#\\\/schema\\\/logo\\\/image\\\/\"}},{\"@type\":\"Person\",\"@id\":\"https:\\\/\\\/latribunenews.com\\\/#\\\/schema\\\/person\\\/80e6390c7f17ddf6d4800d8312efdff9\",\"name\":\"La Tribune News\",\"image\":{\"@type\":\"ImageObject\",\"inLanguage\":\"en-US\",\"@id\":\"https:\\\/\\\/secure.gravatar.com\\\/avatar\\\/3f4acc70b63ca0076cf232c0b3931e57bcf757c06f357d5ebc1b7077f6872e95?s=96&d=mm&r=g\",\"url\":\"https:\\\/\\\/secure.gravatar.com\\\/avatar\\\/3f4acc70b63ca0076cf232c0b3931e57bcf757c06f357d5ebc1b7077f6872e95?s=96&d=mm&r=g\",\"contentUrl\":\"https:\\\/\\\/secure.gravatar.com\\\/avatar\\\/3f4acc70b63ca0076cf232c0b3931e57bcf757c06f357d5ebc1b7077f6872e95?s=96&d=mm&r=g\",\"caption\":\"La Tribune News\"},\"sameAs\":[\"https:\\\/\\\/latribunenews.com\"],\"url\":\"https:\\\/\\\/latribunenews.com\\\/index.php\\\/author\\\/admin\\\/\"}]}<\/script>\n<!-- \/ Yoast SEO plugin. -->","yoast_head_json":{"title":"Ha\u00efti : DEBLOKE rencontre le Premier ministre sur les conditions de participation au processus \u00e9lectoral - LA TRIBUNE NEWS","robots":{"index":"index","follow":"follow","max-snippet":"max-snippet:-1","max-image-preview":"max-image-preview:large","max-video-preview":"max-video-preview:-1"},"canonical":"https:\/\/latribunenews.com\/index.php\/2026\/08\/27\/haiti-debloke-rencontre-le-premier-ministre-sur-les-conditions-de-participation-au-processus-electoral\/","og_locale":"en_US","og_type":"article","og_title":"Ha\u00efti : DEBLOKE rencontre le Premier ministre sur les conditions de participation au processus \u00e9lectoral - LA TRIBUNE NEWS","og_description":"Dans un communiqu\u00e9 publi\u00e9 ce jour, le groupement politique DEBLOKE informe avoir rencontr\u00e9, le mercredi 26 ao\u00fbt 2026, le Premier ministre Alix Didier Fils-Aim\u00e9 autour de plusieurs pr\u00e9occupations li\u00e9es au&hellip;","og_url":"https:\/\/latribunenews.com\/index.php\/2026\/08\/27\/haiti-debloke-rencontre-le-premier-ministre-sur-les-conditions-de-participation-au-processus-electoral\/","og_site_name":"LA TRIBUNE NEWS","article_published_time":"2026-08-27T20:30:48+00:00","og_image":[{"width":552,"height":555,"url":"https:\/\/latribunenews.com\/wp-content\/uploads\/2026\/08\/IMG-20260819-WA0058.jpg","type":"image\/jpeg"}],"author":"La Tribune News","twitter_card":"summary_large_image","twitter_misc":{"Written by":"La Tribune News","Est. reading time":"2 minutes"},"schema":{"@context":"https:\/\/schema.org","@graph":[{"@type":"Article","@id":"https:\/\/latribunenews.com\/index.php\/2026\/08\/27\/haiti-debloke-rencontre-le-premier-ministre-sur-les-conditions-de-participation-au-processus-electoral\/#article","isPartOf":{"@id":"https:\/\/latribunenews.com\/index.php\/2026\/08\/27\/haiti-debloke-rencontre-le-premier-ministre-sur-les-conditions-de-participation-au-processus-electoral\/"},"author":{"name":"La Tribune News","@id":"https:\/\/latribunenews.com\/#\/schema\/person\/80e6390c7f17ddf6d4800d8312efdff9"},"headline":"Ha\u00efti : DEBLOKE rencontre le Premier ministre sur les conditions de participation au processus \u00e9lectoral","datePublished":"2026-08-27T20:30:48+00:00","mainEntityOfPage":{"@id":"https:\/\/latribunenews.com\/index.php\/2026\/08\/27\/haiti-debloke-rencontre-le-premier-ministre-sur-les-conditions-de-participation-au-processus-electoral\/"},"wordCount":249,"publisher":{"@id":"https:\/\/latribunenews.com\/#organization"},"image":{"@id":"https:\/\/latribunenews.com\/index.php\/2026\/08\/27\/haiti-debloke-rencontre-le-premier-ministre-sur-les-conditions-de-participation-au-processus-electoral\/#primaryimage"},"thumbnailUrl":"https:\/\/latribunenews.com\/wp-content\/uploads\/2026\/08\/IMG-20260819-WA0058.jpg","keywords":["DEBLOKE","\u00c9lections","Ha\u00efti"],"articleSection":["Actualit\u00e9s","Politique","Securit\u00e9"],"inLanguage":"en-US"},{"@type":"WebPage","@id":"https:\/\/latribunenews.com\/index.php\/2026\/08\/27\/haiti-debloke-rencontre-le-premier-ministre-sur-les-conditions-de-participation-au-processus-electoral\/","url":"https:\/\/latribunenews.com\/index.php\/2026\/08\/27\/haiti-debloke-rencontre-le-premier-ministre-sur-les-conditions-de-participation-au-processus-electoral\/","name":"Ha\u00efti : DEBLOKE rencontre le Premier ministre sur les conditions de participation au processus \u00e9lectoral - LA TRIBUNE NEWS","isPartOf":{"@id":"https:\/\/latribunenews.com\/#website"},"primaryImageOfPage":{"@id":"https:\/\/latribunenews.com\/index.php\/2026\/08\/27\/haiti-debloke-rencontre-le-premier-ministre-sur-les-conditions-de-participation-au-processus-electoral\/#primaryimage"},"image":{"@id":"https:\/\/latribunenews.com\/index.php\/2026\/08\/27\/haiti-debloke-rencontre-le-premier-ministre-sur-les-conditions-de-participation-au-processus-electoral\/#primaryimage"},"thumbnailUrl":"https:\/\/latribunenews.com\/wp-content\/uploads\/2026\/08\/IMG-20260819-WA0058.jpg","datePublished":"2026-08-27T20:30:48+00:00","breadcrumb":{"@id":"https:\/\/latribunenews.com\/index.php\/2026\/08\/27\/haiti-debloke-rencontre-le-premier-ministre-sur-les-conditions-de-participation-au-processus-electoral\/#breadcrumb"},"inLanguage":"en-US","potentialAction":[{"@type":"ReadAction","target":["https:\/\/latribunenews.com\/index.php\/2026\/08\/27\/haiti-debloke-rencontre-le-premier-ministre-sur-les-conditions-de-participation-au-processus-electoral\/"]}]},{"@type":"ImageObject","inLanguage":"en-US","@id":"https:\/\/latribunenews.com\/index.php\/2026\/08\/27\/haiti-debloke-rencontre-le-premier-ministre-sur-les-conditions-de-participation-au-processus-electoral\/#primaryimage","url":"https:\/\/latribunenews.com\/wp-content\/uploads\/2026\/08\/IMG-20260819-WA0058.jpg","contentUrl":"https:\/\/latribunenews.com\/wp-content\/uploads\/2026\/08\/IMG-20260819-WA0058.jpg","width":552,"height":555},{"@type":"BreadcrumbList","@id":"https:\/\/latribunenews.com\/index.php\/2026\/08\/27\/haiti-debloke-rencontre-le-premier-ministre-sur-les-conditions-de-participation-au-processus-electoral\/#breadcrumb","itemListElement":[{"@type":"ListItem","position":1,"name":"Home","item":"https:\/\/latribunenews.com\/"},{"@type":"ListItem","position":2,"name":"Ha\u00efti : DEBLOKE rencontre le Premier ministre sur les conditions de participation au processus \u00e9lectoral"}]},{"@type":"WebSite","@id":"https:\/\/latribunenews.com\/#website","url":"https:\/\/latribunenews.com\/","name":"LA TRIBUNE NEWS","description":"L&#039;INFO","publisher":{"@id":"https:\/\/latribunenews.com\/#organization"},"potentialAction":[{"@type":"SearchAction","target":{"@type":"EntryPoint","urlTemplate":"https:\/\/latribunenews.com\/?s={search_term_string}"},"query-input":{"@type":"PropertyValueSpecification","valueRequired":true,"valueName":"search_term_string"}}],"inLanguage":"en-US"},{"@type":"Organization","@id":"https:\/\/latribunenews.com\/#organization","name":"LA TRIBUNE NEWS","url":"https:\/\/latribunenews.com\/","logo":{"@type":"ImageObject","inLanguage":"en-US","@id":"https:\/\/latribunenews.com\/#\/schema\/logo\/image\/","url":"https:\/\/latribunenews.com\/wp-content\/uploads\/2026\/08\/cropped-LOGO-LA-TRITUBE.png","contentUrl":"https:\/\/latribunenews.com\/wp-content\/uploads\/2026\/08\/cropped-LOGO-LA-TRITUBE.png","width":1254,"height":766,"caption":"LA TRIBUNE NEWS"},"image":{"@id":"https:\/\/latribunenews.com\/#\/schema\/logo\/image\/"}},{"@type":"Person","@id":"https:\/\/latribunenews.com\/#\/schema\/person\/80e6390c7f17ddf6d4800d8312efdff9","name":"La Tribune News","image":{"@type":"ImageObject","inLanguage":"en-US","@id":"https:\/\/secure.gravatar.com\/avatar\/3f4acc70b63ca0076cf232c0b3931e57bcf757c06f357d5ebc1b7077f6872e95?s=96&d=mm&r=g","url":"https:\/\/secure.gravatar.com\/avatar\/3f4acc70b63ca0076cf232c0b3931e57bcf757c06f357d5ebc1b7077f6872e95?s=96&d=mm&r=g","contentUrl":"https:\/\/secure.gravatar.com\/avatar\/3f4acc70b63ca0076cf232c0b3931e57bcf757c06f357d5ebc1b7077f6872e95?s=96&d=mm&r=g","caption":"La Tribune News"},"sameAs":["https:\/\/latribunenews.com"],"url":"https:\/\/latribunenews.com\/index.php\/author\/admin\/"}]}},"_links":{"self":[{"href":"https:\/\/latribunenews.com\/index.php\/wp-json\/wp\/v2\/posts\/1922","targetHints":{"allow":["GET"]}}],"collection":[{"href":"https:\/\/latribunenews.com\/index.php\/wp-json\/wp\/v2\/posts"}],"about":[{"href":"https:\/\/latribunenews.com\/index.php\/wp-json\/wp\/v2\/types\/post"}],"author":[{"embeddable":true,"href":"https:\/\/latribunenews.com\/index.php\/wp-json\/wp\/v2\/users\/1"}],"replies":[{"embeddable":true,"href":"https:\/\/latribunenews.com\/index.php\/wp-json\/wp\/v2\/comments?post=1922"}],"version-history":[{"count":1,"href":"https:\/\/latribunenews.com\/index.php\/wp-json\/wp\/v2\/posts\/1922\/revisions"}],"predecessor-version":[{"id":1924,"href":"https:\/\/latribunenews.com\/index.php\/wp-json\/wp\/v2\/posts\/1922\/revisions\/1924"}],"wp:featuredmedia":[{"embeddable":true,"href":"https:\/\/latribunenews.com\/index.php\/wp-json\/wp\/v2\/media\/1923"}],"wp:attachment":[{"href":"https:\/\/latribunenews.com\/index.php\/wp-json\/wp\/v2\/media?parent=1922"}],"wp:term":[{"taxonomy":"category","embeddable":true,"href":"https:\/\/latribunenews.com\/index.php\/wp-json\/wp\/v2\/categories?post=1922"},{"taxonomy":"post_tag","embeddable":true,"href":"https:\/\/latribunenews.com\/index.php\/wp-json\/wp\/v2\/tags?post=1922"}],"curies":[{"name":"wp","href":"https:\/\/api.w.org\/{rel}","templated":true}]}}