{"id":1911,"date":"2026-08-27T20:58:47","date_gmt":"2026-08-27T18:58:47","guid":{"rendered":"https:\/\/latribunenews.com\/?p=1911"},"modified":"2026-08-27T20:58:47","modified_gmt":"2026-08-27T18:58:47","slug":"retraite-en-haiti-lona-lance-un-grand-debat-pour-moderniser-le-systeme","status":"publish","type":"post","link":"https:\/\/latribunenews.com\/index.php\/2026\/08\/27\/retraite-en-haiti-lona-lance-un-grand-debat-pour-moderniser-le-systeme\/","title":{"rendered":"Retraite en Ha\u00efti : l\u2019ONA lance un grand d\u00e9bat pour moderniser le syst\u00e8me"},"content":{"rendered":"<p>L&#8217;Office National d\u2019Assurance-Vieillesse (ONA), sous la direction g\u00e9n\u00e9rale de Lovely Fran\u00e7ois, annonce l\u2019organisation, les 16, 17 et 18 septembre 2026, au Karibe Convention Center, d\u2019un Forum national sur la modernisation et la consolidation du r\u00e9gime g\u00e9n\u00e9ral de retraite en Ha\u00efti. Cet \u00e9v\u00e9nement r\u00e9unira pendant trois jours, des acteurs nationaux et internationaux autour des principaux d\u00e9fis auxquels est confront\u00e9 le syst\u00e8me de retraite.<\/p>\n<p>Il s\u2019agira notamment de \u00ab r\u00e9fl\u00e9chir aux transformations n\u00e9cessaires du r\u00e9gime g\u00e9n\u00e9ral de retraite afin de mieux r\u00e9pondre aux r\u00e9alit\u00e9s \u00e9conomiques, sociales et d\u00e9mographiques d\u2019Ha\u00efti \u00bb.<\/p>\n<p>\u00ab Face aux transformations du march\u00e9 du travail, au poids consid\u00e9rable de l\u2019emploi informel, \u00e0 la vuln\u00e9rabilit\u00e9 des revenus et aux d\u00e9fis li\u00e9s \u00e0 l\u2019\u00e9volution d\u00e9mographique\u00bb, l\u2019ONA entend cr\u00e9er un espace de r\u00e9flexion, de dialogue et de concertation sur l\u2019avenir de la protection sociale. Des experts, des partenaires sociaux, des repr\u00e9sentants du secteur priv\u00e9, des organisations syndicales et des institutions publiques sont notamment attendus pour partager leurs exp\u00e9riences et formuler des pistes adapt\u00e9es aux r\u00e9alit\u00e9s \u00e9conomiques, sociales et institutionnelles du pays.<\/p>\n<p>Les discussions porteront notamment sur l\u2019\u00e9largissement de la couverture sociale, l\u2019int\u00e9gration progressive des travailleurs du secteur informel, la soutenabilit\u00e9 financi\u00e8re du r\u00e9gime, l\u2019am\u00e9lioration de la qualit\u00e9 des services et la modernisation de la gestion. Des exp\u00e9riences issues de plusieurs pays d\u2019Am\u00e9rique latine et de la Cara\u00efbe seront \u00e9galement examin\u00e9es afin d\u2019identifier des pratiques susceptibles d\u2019\u00eatre adapt\u00e9es au contexte ha\u00eftien.<\/p>\n<p>Pour la directrice g\u00e9n\u00e9rale de l\u2019ONA, Lovely Fran\u00e7ois, la retraite constitue un engagement de solidarit\u00e9 envers les g\u00e9n\u00e9rations pr\u00e9sentes et futures. \u00c0 travers ce forum, l\u2019ONA entend favoriser l\u2019\u00e9mergence de recommandations concr\u00e8tes susceptibles d\u2019alimenter les futures d\u00e9cisions en mati\u00e8re de protection sociale. L\u2019initiative s\u2019inscrit dans une perspective \u00e0 long terme visant \u00e0 renforcer la solidarit\u00e9 interg\u00e9n\u00e9rationnelle, \u00e0 \u00e9largir la couverture sociale et \u00e0 am\u00e9liorer la s\u00e9curit\u00e9 des revenus \u00e0 la retraite.<\/p>\n","protected":false},"excerpt":{"rendered":"<p>L&#8217;Office National d\u2019Assurance-Vieillesse (ONA), sous la direction g\u00e9n\u00e9rale de Lovely Fran\u00e7ois, annonce l\u2019organisation, les 16, 17 et 18 septembre 2026, au Karibe Convention Center, d\u2019un Forum national sur la modernisation&hellip;<\/p>\n","protected":false},"author":1,"featured_media":1913,"comment_status":"closed","ping_status":"closed","sticky":false,"template":"","format":"standard","meta":{"footnotes":""},"categories":[29],"tags":[],"class_list":["post-1911","post","type-post","status-publish","format-standard","has-post-thumbnail","hentry","category-actualites"],"yoast_head":"<!-- This site is optimized with the Yoast SEO plugin v28.3 - https:\/\/yoast.com\/product\/yoast-seo-wordpress\/ -->\n<title>Retraite en Ha\u00efti : l\u2019ONA lance un grand d\u00e9bat pour moderniser le syst\u00e8me - LA TRIBUNE NEWS<\/title>\n<meta name=\"robots\" content=\"index, follow, max-snippet:-1, max-image-preview:large, max-video-preview:-1\" \/>\n<link rel=\"canonical\" href=\"https:\/\/latribunenews.com\/index.php\/2026\/08\/27\/retraite-en-haiti-lona-lance-un-grand-debat-pour-moderniser-le-systeme\/\" \/>\n<meta property=\"og:locale\" content=\"en_US\" \/>\n<meta property=\"og:type\" content=\"article\" \/>\n<meta property=\"og:title\" content=\"Retraite en Ha\u00efti : l\u2019ONA lance un grand d\u00e9bat pour moderniser le syst\u00e8me - LA TRIBUNE NEWS\" \/>\n<meta property=\"og:description\" content=\"L&#8217;Office National d\u2019Assurance-Vieillesse (ONA), sous la direction g\u00e9n\u00e9rale de Lovely Fran\u00e7ois, annonce l\u2019organisation, les 16, 17 et 18 septembre 2026, au Karibe Convention Center, d\u2019un Forum national sur la modernisation&hellip;\" \/>\n<meta property=\"og:url\" content=\"https:\/\/latribunenews.com\/index.php\/2026\/08\/27\/retraite-en-haiti-lona-lance-un-grand-debat-pour-moderniser-le-systeme\/\" \/>\n<meta property=\"og:site_name\" content=\"LA TRIBUNE NEWS\" \/>\n<meta property=\"article:published_time\" content=\"2026-08-27T18:58:47+00:00\" \/>\n<meta property=\"og:image\" content=\"https:\/\/latribunenews.com\/wp-content\/uploads\/2026\/08\/FB_IMG_1787852397215.jpg\" \/>\n\t<meta property=\"og:image:width\" content=\"1140\" \/>\n\t<meta property=\"og:image:height\" content=\"1600\" \/>\n\t<meta property=\"og:image:type\" content=\"image\/jpeg\" \/>\n<meta name=\"author\" content=\"La Tribune News\" \/>\n<meta name=\"twitter:card\" content=\"summary_large_image\" \/>\n<meta name=\"twitter:label1\" content=\"Written by\" \/>\n\t<meta name=\"twitter:data1\" content=\"La Tribune News\" \/>\n\t<meta name=\"twitter:label2\" content=\"Est. reading time\" \/>\n\t<meta name=\"twitter:data2\" content=\"2 minutes\" \/>\n<script type=\"application\/ld+json\" class=\"yoast-schema-graph\">{\"@context\":\"https:\\\/\\\/schema.org\",\"@graph\":[{\"@type\":\"Article\",\"@id\":\"https:\\\/\\\/latribunenews.com\\\/index.php\\\/2026\\\/08\\\/27\\\/retraite-en-haiti-lona-lance-un-grand-debat-pour-moderniser-le-systeme\\\/#article\",\"isPartOf\":{\"@id\":\"https:\\\/\\\/latribunenews.com\\\/index.php\\\/2026\\\/08\\\/27\\\/retraite-en-haiti-lona-lance-un-grand-debat-pour-moderniser-le-systeme\\\/\"},\"author\":{\"name\":\"La Tribune News\",\"@id\":\"https:\\\/\\\/latribunenews.com\\\/#\\\/schema\\\/person\\\/80e6390c7f17ddf6d4800d8312efdff9\"},\"headline\":\"Retraite en Ha\u00efti : l\u2019ONA lance un grand d\u00e9bat pour moderniser le syst\u00e8me\",\"datePublished\":\"2026-08-27T18:58:47+00:00\",\"mainEntityOfPage\":{\"@id\":\"https:\\\/\\\/latribunenews.com\\\/index.php\\\/2026\\\/08\\\/27\\\/retraite-en-haiti-lona-lance-un-grand-debat-pour-moderniser-le-systeme\\\/\"},\"wordCount\":379,\"publisher\":{\"@id\":\"https:\\\/\\\/latribunenews.com\\\/#organization\"},\"image\":{\"@id\":\"https:\\\/\\\/latribunenews.com\\\/index.php\\\/2026\\\/08\\\/27\\\/retraite-en-haiti-lona-lance-un-grand-debat-pour-moderniser-le-systeme\\\/#primaryimage\"},\"thumbnailUrl\":\"https:\\\/\\\/latribunenews.com\\\/wp-content\\\/uploads\\\/2026\\\/08\\\/FB_IMG_1787852397215.jpg\",\"articleSection\":[\"Actualit\u00e9s\"],\"inLanguage\":\"en-US\"},{\"@type\":\"WebPage\",\"@id\":\"https:\\\/\\\/latribunenews.com\\\/index.php\\\/2026\\\/08\\\/27\\\/retraite-en-haiti-lona-lance-un-grand-debat-pour-moderniser-le-systeme\\\/\",\"url\":\"https:\\\/\\\/latribunenews.com\\\/index.php\\\/2026\\\/08\\\/27\\\/retraite-en-haiti-lona-lance-un-grand-debat-pour-moderniser-le-systeme\\\/\",\"name\":\"Retraite en Ha\u00efti : l\u2019ONA lance un grand d\u00e9bat pour moderniser le syst\u00e8me - LA TRIBUNE NEWS\",\"isPartOf\":{\"@id\":\"https:\\\/\\\/latribunenews.com\\\/#website\"},\"primaryImageOfPage\":{\"@id\":\"https:\\\/\\\/latribunenews.com\\\/index.php\\\/2026\\\/08\\\/27\\\/retraite-en-haiti-lona-lance-un-grand-debat-pour-moderniser-le-systeme\\\/#primaryimage\"},\"image\":{\"@id\":\"https:\\\/\\\/latribunenews.com\\\/index.php\\\/2026\\\/08\\\/27\\\/retraite-en-haiti-lona-lance-un-grand-debat-pour-moderniser-le-systeme\\\/#primaryimage\"},\"thumbnailUrl\":\"https:\\\/\\\/latribunenews.com\\\/wp-content\\\/uploads\\\/2026\\\/08\\\/FB_IMG_1787852397215.jpg\",\"datePublished\":\"2026-08-27T18:58:47+00:00\",\"breadcrumb\":{\"@id\":\"https:\\\/\\\/latribunenews.com\\\/index.php\\\/2026\\\/08\\\/27\\\/retraite-en-haiti-lona-lance-un-grand-debat-pour-moderniser-le-systeme\\\/#breadcrumb\"},\"inLanguage\":\"en-US\",\"potentialAction\":[{\"@type\":\"ReadAction\",\"target\":[\"https:\\\/\\\/latribunenews.com\\\/index.php\\\/2026\\\/08\\\/27\\\/retraite-en-haiti-lona-lance-un-grand-debat-pour-moderniser-le-systeme\\\/\"]}]},{\"@type\":\"ImageObject\",\"inLanguage\":\"en-US\",\"@id\":\"https:\\\/\\\/latribunenews.com\\\/index.php\\\/2026\\\/08\\\/27\\\/retraite-en-haiti-lona-lance-un-grand-debat-pour-moderniser-le-systeme\\\/#primaryimage\",\"url\":\"https:\\\/\\\/latribunenews.com\\\/wp-content\\\/uploads\\\/2026\\\/08\\\/FB_IMG_1787852397215.jpg\",\"contentUrl\":\"https:\\\/\\\/latribunenews.com\\\/wp-content\\\/uploads\\\/2026\\\/08\\\/FB_IMG_1787852397215.jpg\",\"width\":1140,\"height\":1600},{\"@type\":\"BreadcrumbList\",\"@id\":\"https:\\\/\\\/latribunenews.com\\\/index.php\\\/2026\\\/08\\\/27\\\/retraite-en-haiti-lona-lance-un-grand-debat-pour-moderniser-le-systeme\\\/#breadcrumb\",\"itemListElement\":[{\"@type\":\"ListItem\",\"position\":1,\"name\":\"Home\",\"item\":\"https:\\\/\\\/latribunenews.com\\\/\"},{\"@type\":\"ListItem\",\"position\":2,\"name\":\"Retraite en Ha\u00efti : l\u2019ONA lance un grand d\u00e9bat pour moderniser le syst\u00e8me\"}]},{\"@type\":\"WebSite\",\"@id\":\"https:\\\/\\\/latribunenews.com\\\/#website\",\"url\":\"https:\\\/\\\/latribunenews.com\\\/\",\"name\":\"LA TRIBUNE NEWS\",\"description\":\"L&#039;INFO\",\"publisher\":{\"@id\":\"https:\\\/\\\/latribunenews.com\\\/#organization\"},\"potentialAction\":[{\"@type\":\"SearchAction\",\"target\":{\"@type\":\"EntryPoint\",\"urlTemplate\":\"https:\\\/\\\/latribunenews.com\\\/?s={search_term_string}\"},\"query-input\":{\"@type\":\"PropertyValueSpecification\",\"valueRequired\":true,\"valueName\":\"search_term_string\"}}],\"inLanguage\":\"en-US\"},{\"@type\":\"Organization\",\"@id\":\"https:\\\/\\\/latribunenews.com\\\/#organization\",\"name\":\"LA TRIBUNE NEWS\",\"url\":\"https:\\\/\\\/latribunenews.com\\\/\",\"logo\":{\"@type\":\"ImageObject\",\"inLanguage\":\"en-US\",\"@id\":\"https:\\\/\\\/latribunenews.com\\\/#\\\/schema\\\/logo\\\/image\\\/\",\"url\":\"https:\\\/\\\/latribunenews.com\\\/wp-content\\\/uploads\\\/2026\\\/08\\\/cropped-LOGO-LA-TRITUBE.png\",\"contentUrl\":\"https:\\\/\\\/latribunenews.com\\\/wp-content\\\/uploads\\\/2026\\\/08\\\/cropped-LOGO-LA-TRITUBE.png\",\"width\":1254,\"height\":766,\"caption\":\"LA TRIBUNE NEWS\"},\"image\":{\"@id\":\"https:\\\/\\\/latribunenews.com\\\/#\\\/schema\\\/logo\\\/image\\\/\"}},{\"@type\":\"Person\",\"@id\":\"https:\\\/\\\/latribunenews.com\\\/#\\\/schema\\\/person\\\/80e6390c7f17ddf6d4800d8312efdff9\",\"name\":\"La Tribune News\",\"image\":{\"@type\":\"ImageObject\",\"inLanguage\":\"en-US\",\"@id\":\"https:\\\/\\\/secure.gravatar.com\\\/avatar\\\/3f4acc70b63ca0076cf232c0b3931e57bcf757c06f357d5ebc1b7077f6872e95?s=96&d=mm&r=g\",\"url\":\"https:\\\/\\\/secure.gravatar.com\\\/avatar\\\/3f4acc70b63ca0076cf232c0b3931e57bcf757c06f357d5ebc1b7077f6872e95?s=96&d=mm&r=g\",\"contentUrl\":\"https:\\\/\\\/secure.gravatar.com\\\/avatar\\\/3f4acc70b63ca0076cf232c0b3931e57bcf757c06f357d5ebc1b7077f6872e95?s=96&d=mm&r=g\",\"caption\":\"La Tribune News\"},\"sameAs\":[\"https:\\\/\\\/latribunenews.com\"],\"url\":\"https:\\\/\\\/latribunenews.com\\\/index.php\\\/author\\\/admin\\\/\"}]}<\/script>\n<!-- \/ Yoast SEO plugin. -->","yoast_head_json":{"title":"Retraite en Ha\u00efti : l\u2019ONA lance un grand d\u00e9bat pour moderniser le syst\u00e8me - LA TRIBUNE NEWS","robots":{"index":"index","follow":"follow","max-snippet":"max-snippet:-1","max-image-preview":"max-image-preview:large","max-video-preview":"max-video-preview:-1"},"canonical":"https:\/\/latribunenews.com\/index.php\/2026\/08\/27\/retraite-en-haiti-lona-lance-un-grand-debat-pour-moderniser-le-systeme\/","og_locale":"en_US","og_type":"article","og_title":"Retraite en Ha\u00efti : l\u2019ONA lance un grand d\u00e9bat pour moderniser le syst\u00e8me - LA TRIBUNE NEWS","og_description":"L&#8217;Office National d\u2019Assurance-Vieillesse (ONA), sous la direction g\u00e9n\u00e9rale de Lovely Fran\u00e7ois, annonce l\u2019organisation, les 16, 17 et 18 septembre 2026, au Karibe Convention Center, d\u2019un Forum national sur la modernisation&hellip;","og_url":"https:\/\/latribunenews.com\/index.php\/2026\/08\/27\/retraite-en-haiti-lona-lance-un-grand-debat-pour-moderniser-le-systeme\/","og_site_name":"LA TRIBUNE NEWS","article_published_time":"2026-08-27T18:58:47+00:00","og_image":[{"width":1140,"height":1600,"url":"https:\/\/latribunenews.com\/wp-content\/uploads\/2026\/08\/FB_IMG_1787852397215.jpg","type":"image\/jpeg"}],"author":"La Tribune News","twitter_card":"summary_large_image","twitter_misc":{"Written by":"La Tribune News","Est. reading time":"2 minutes"},"schema":{"@context":"https:\/\/schema.org","@graph":[{"@type":"Article","@id":"https:\/\/latribunenews.com\/index.php\/2026\/08\/27\/retraite-en-haiti-lona-lance-un-grand-debat-pour-moderniser-le-systeme\/#article","isPartOf":{"@id":"https:\/\/latribunenews.com\/index.php\/2026\/08\/27\/retraite-en-haiti-lona-lance-un-grand-debat-pour-moderniser-le-systeme\/"},"author":{"name":"La Tribune News","@id":"https:\/\/latribunenews.com\/#\/schema\/person\/80e6390c7f17ddf6d4800d8312efdff9"},"headline":"Retraite en Ha\u00efti : l\u2019ONA lance un grand d\u00e9bat pour moderniser le syst\u00e8me","datePublished":"2026-08-27T18:58:47+00:00","mainEntityOfPage":{"@id":"https:\/\/latribunenews.com\/index.php\/2026\/08\/27\/retraite-en-haiti-lona-lance-un-grand-debat-pour-moderniser-le-systeme\/"},"wordCount":379,"publisher":{"@id":"https:\/\/latribunenews.com\/#organization"},"image":{"@id":"https:\/\/latribunenews.com\/index.php\/2026\/08\/27\/retraite-en-haiti-lona-lance-un-grand-debat-pour-moderniser-le-systeme\/#primaryimage"},"thumbnailUrl":"https:\/\/latribunenews.com\/wp-content\/uploads\/2026\/08\/FB_IMG_1787852397215.jpg","articleSection":["Actualit\u00e9s"],"inLanguage":"en-US"},{"@type":"WebPage","@id":"https:\/\/latribunenews.com\/index.php\/2026\/08\/27\/retraite-en-haiti-lona-lance-un-grand-debat-pour-moderniser-le-systeme\/","url":"https:\/\/latribunenews.com\/index.php\/2026\/08\/27\/retraite-en-haiti-lona-lance-un-grand-debat-pour-moderniser-le-systeme\/","name":"Retraite en Ha\u00efti : l\u2019ONA lance un grand d\u00e9bat pour moderniser le syst\u00e8me - LA TRIBUNE NEWS","isPartOf":{"@id":"https:\/\/latribunenews.com\/#website"},"primaryImageOfPage":{"@id":"https:\/\/latribunenews.com\/index.php\/2026\/08\/27\/retraite-en-haiti-lona-lance-un-grand-debat-pour-moderniser-le-systeme\/#primaryimage"},"image":{"@id":"https:\/\/latribunenews.com\/index.php\/2026\/08\/27\/retraite-en-haiti-lona-lance-un-grand-debat-pour-moderniser-le-systeme\/#primaryimage"},"thumbnailUrl":"https:\/\/latribunenews.com\/wp-content\/uploads\/2026\/08\/FB_IMG_1787852397215.jpg","datePublished":"2026-08-27T18:58:47+00:00","breadcrumb":{"@id":"https:\/\/latribunenews.com\/index.php\/2026\/08\/27\/retraite-en-haiti-lona-lance-un-grand-debat-pour-moderniser-le-systeme\/#breadcrumb"},"inLanguage":"en-US","potentialAction":[{"@type":"ReadAction","target":["https:\/\/latribunenews.com\/index.php\/2026\/08\/27\/retraite-en-haiti-lona-lance-un-grand-debat-pour-moderniser-le-systeme\/"]}]},{"@type":"ImageObject","inLanguage":"en-US","@id":"https:\/\/latribunenews.com\/index.php\/2026\/08\/27\/retraite-en-haiti-lona-lance-un-grand-debat-pour-moderniser-le-systeme\/#primaryimage","url":"https:\/\/latribunenews.com\/wp-content\/uploads\/2026\/08\/FB_IMG_1787852397215.jpg","contentUrl":"https:\/\/latribunenews.com\/wp-content\/uploads\/2026\/08\/FB_IMG_1787852397215.jpg","width":1140,"height":1600},{"@type":"BreadcrumbList","@id":"https:\/\/latribunenews.com\/index.php\/2026\/08\/27\/retraite-en-haiti-lona-lance-un-grand-debat-pour-moderniser-le-systeme\/#breadcrumb","itemListElement":[{"@type":"ListItem","position":1,"name":"Home","item":"https:\/\/latribunenews.com\/"},{"@type":"ListItem","position":2,"name":"Retraite en Ha\u00efti : l\u2019ONA lance un grand d\u00e9bat pour moderniser le syst\u00e8me"}]},{"@type":"WebSite","@id":"https:\/\/latribunenews.com\/#website","url":"https:\/\/latribunenews.com\/","name":"LA TRIBUNE NEWS","description":"L&#039;INFO","publisher":{"@id":"https:\/\/latribunenews.com\/#organization"},"potentialAction":[{"@type":"SearchAction","target":{"@type":"EntryPoint","urlTemplate":"https:\/\/latribunenews.com\/?s={search_term_string}"},"query-input":{"@type":"PropertyValueSpecification","valueRequired":true,"valueName":"search_term_string"}}],"inLanguage":"en-US"},{"@type":"Organization","@id":"https:\/\/latribunenews.com\/#organization","name":"LA TRIBUNE NEWS","url":"https:\/\/latribunenews.com\/","logo":{"@type":"ImageObject","inLanguage":"en-US","@id":"https:\/\/latribunenews.com\/#\/schema\/logo\/image\/","url":"https:\/\/latribunenews.com\/wp-content\/uploads\/2026\/08\/cropped-LOGO-LA-TRITUBE.png","contentUrl":"https:\/\/latribunenews.com\/wp-content\/uploads\/2026\/08\/cropped-LOGO-LA-TRITUBE.png","width":1254,"height":766,"caption":"LA TRIBUNE NEWS"},"image":{"@id":"https:\/\/latribunenews.com\/#\/schema\/logo\/image\/"}},{"@type":"Person","@id":"https:\/\/latribunenews.com\/#\/schema\/person\/80e6390c7f17ddf6d4800d8312efdff9","name":"La Tribune News","image":{"@type":"ImageObject","inLanguage":"en-US","@id":"https:\/\/secure.gravatar.com\/avatar\/3f4acc70b63ca0076cf232c0b3931e57bcf757c06f357d5ebc1b7077f6872e95?s=96&d=mm&r=g","url":"https:\/\/secure.gravatar.com\/avatar\/3f4acc70b63ca0076cf232c0b3931e57bcf757c06f357d5ebc1b7077f6872e95?s=96&d=mm&r=g","contentUrl":"https:\/\/secure.gravatar.com\/avatar\/3f4acc70b63ca0076cf232c0b3931e57bcf757c06f357d5ebc1b7077f6872e95?s=96&d=mm&r=g","caption":"La Tribune News"},"sameAs":["https:\/\/latribunenews.com"],"url":"https:\/\/latribunenews.com\/index.php\/author\/admin\/"}]}},"_links":{"self":[{"href":"https:\/\/latribunenews.com\/index.php\/wp-json\/wp\/v2\/posts\/1911","targetHints":{"allow":["GET"]}}],"collection":[{"href":"https:\/\/latribunenews.com\/index.php\/wp-json\/wp\/v2\/posts"}],"about":[{"href":"https:\/\/latribunenews.com\/index.php\/wp-json\/wp\/v2\/types\/post"}],"author":[{"embeddable":true,"href":"https:\/\/latribunenews.com\/index.php\/wp-json\/wp\/v2\/users\/1"}],"replies":[{"embeddable":true,"href":"https:\/\/latribunenews.com\/index.php\/wp-json\/wp\/v2\/comments?post=1911"}],"version-history":[{"count":1,"href":"https:\/\/latribunenews.com\/index.php\/wp-json\/wp\/v2\/posts\/1911\/revisions"}],"predecessor-version":[{"id":1914,"href":"https:\/\/latribunenews.com\/index.php\/wp-json\/wp\/v2\/posts\/1911\/revisions\/1914"}],"wp:featuredmedia":[{"embeddable":true,"href":"https:\/\/latribunenews.com\/index.php\/wp-json\/wp\/v2\/media\/1913"}],"wp:attachment":[{"href":"https:\/\/latribunenews.com\/index.php\/wp-json\/wp\/v2\/media?parent=1911"}],"wp:term":[{"taxonomy":"category","embeddable":true,"href":"https:\/\/latribunenews.com\/index.php\/wp-json\/wp\/v2\/categories?post=1911"},{"taxonomy":"post_tag","embeddable":true,"href":"https:\/\/latribunenews.com\/index.php\/wp-json\/wp\/v2\/tags?post=1911"}],"curies":[{"name":"wp","href":"https:\/\/api.w.org\/{rel}","templated":true}]}}