{"id":1905,"date":"2026-08-27T19:26:05","date_gmt":"2026-08-27T17:26:05","guid":{"rendered":"https:\/\/latribunenews.com\/?p=1905"},"modified":"2026-08-27T19:26:05","modified_gmt":"2026-08-27T17:26:05","slug":"neuf-groupements-politiques-interpellent-le-cep-sur-le-processus-electoral","status":"publish","type":"post","link":"https:\/\/latribunenews.com\/index.php\/2026\/08\/27\/neuf-groupements-politiques-interpellent-le-cep-sur-le-processus-electoral\/","title":{"rendered":"Neuf groupements politiques interpellent le CEP sur le processus \u00e9lectoral"},"content":{"rendered":"<p>\u00c0 la demande de neuf formations politiques r\u00e9unies sous l\u2019appellation \u00ab Forum des neuf groupements politiques \u00bb, le Conseil \u00e9lectoral provisoire (CEP) a tenu, le mercredi 26 ao\u00fbt 2026, une s\u00e9rie de rencontres consacr\u00e9es \u00e0 diff\u00e9rents aspects de l\u2019organisation des prochaines \u00e9lections.<\/p>\n<p>Il s\u2019agit de Delivrans, Anf\u00f2s pou Sove L\u00f2n\u00e8, Debout Citoyen, Debout Patriotes, Grand, COPPOS-Ha\u00efti et alli\u00e9s, My\u00e8l, Platf\u00f2m Rekonsilye et Sol Ayiti. Des \u00e9changes ont \u00e9galement eu lieu avec les repr\u00e9sentants de Viktwa et de Sol\u00e8y. Ces structures ont exprim\u00e9 des r\u00e9serves concernant certaines dispositions du d\u00e9cret \u00e9lectoral ainsi que la mise en \u0153uvre du calendrier \u00e9lectoral. En r\u00e9ponse, le CEP les a invit\u00e9s \u00e0 formaliser leurs dol\u00e9ances, propositions et attentes dans un m\u00e9moire, afin de permettre au Conseil d\u2019en tenir compte dans ses d\u00e9cisions futures.<\/p>\n<p>Le pr\u00e9sident du CEP, Jacques Desrosiers, accompagn\u00e9 des conseill\u00e8res \u00e9lectorales Yves Marie \u00c9douard et Rose Th\u00e9r\u00e8se Magalie Georges, s\u2019est entretenu avec les diff\u00e9rents repr\u00e9sentants politiques. Ces discussions ont permis au Conseil de prendre connaissance de leurs remarques et revendications, tout en apportant des \u00e9claircissements sur certains points et en dissipant plusieurs pr\u00e9occupations li\u00e9es \u00e0 la mise en \u0153uvre du processus \u00e9lectoral.<\/p>\n<p>L\u2019institution affirme par ailleurs vouloir poursuivre le dialogue avec d\u2019autres acteurs politiques afin d\u2019am\u00e9liorer et de renforcer le processus \u00e9lectoral, avec l\u2019objectif d\u2019organiser des \u00e9lections libres, transparentes, cr\u00e9dibles et d\u00e9mocratiques.<\/p>\n<p>Ces \u00e9changes interviennent dans un contexte politique et s\u00e9curitaire particuli\u00e8rement difficile en Ha\u00efti, marqu\u00e9 par la persistance de l\u2019ins\u00e9curit\u00e9 et les incertitudes qui entourent la tenue des prochaines \u00e9lections. Alors que le CEP poursuit les pr\u00e9paratifs en vue du scrutin, pr\u00e9vu selon le calendrier \u00e9lectoral en d\u00e9cembre 2026 et f\u00e9vrier 2027, les pr\u00e9occupations exprim\u00e9es par les acteurs politiques illustrent les nombreux d\u00e9fis auxquels reste confront\u00e9 le processus \u00e9lectoral.<\/p>\n","protected":false},"excerpt":{"rendered":"<p>\u00c0 la demande de neuf formations politiques r\u00e9unies sous l\u2019appellation \u00ab Forum des neuf groupements politiques \u00bb, le Conseil \u00e9lectoral provisoire (CEP) a tenu, le mercredi 26 ao\u00fbt 2026, une&hellip;<\/p>\n","protected":false},"author":1,"featured_media":382,"comment_status":"closed","ping_status":"closed","sticky":false,"template":"","format":"standard","meta":{"footnotes":""},"categories":[29],"tags":[],"class_list":["post-1905","post","type-post","status-publish","format-standard","has-post-thumbnail","hentry","category-actualites"],"yoast_head":"<!-- This site is optimized with the Yoast SEO plugin v28.3 - https:\/\/yoast.com\/product\/yoast-seo-wordpress\/ -->\n<title>Neuf groupements politiques interpellent le CEP sur le processus \u00e9lectoral - LA TRIBUNE NEWS<\/title>\n<meta name=\"robots\" content=\"index, follow, max-snippet:-1, max-image-preview:large, max-video-preview:-1\" \/>\n<link rel=\"canonical\" href=\"https:\/\/latribunenews.com\/index.php\/2026\/08\/27\/neuf-groupements-politiques-interpellent-le-cep-sur-le-processus-electoral\/\" \/>\n<meta property=\"og:locale\" content=\"en_US\" \/>\n<meta property=\"og:type\" content=\"article\" \/>\n<meta property=\"og:title\" content=\"Neuf groupements politiques interpellent le CEP sur le processus \u00e9lectoral - LA TRIBUNE NEWS\" \/>\n<meta property=\"og:description\" content=\"\u00c0 la demande de neuf formations politiques r\u00e9unies sous l\u2019appellation \u00ab Forum des neuf groupements politiques \u00bb, le Conseil \u00e9lectoral provisoire (CEP) a tenu, le mercredi 26 ao\u00fbt 2026, une&hellip;\" \/>\n<meta property=\"og:url\" content=\"https:\/\/latribunenews.com\/index.php\/2026\/08\/27\/neuf-groupements-politiques-interpellent-le-cep-sur-le-processus-electoral\/\" \/>\n<meta property=\"og:site_name\" content=\"LA TRIBUNE NEWS\" \/>\n<meta property=\"article:published_time\" content=\"2026-08-27T17:26:05+00:00\" \/>\n<meta property=\"og:image\" content=\"https:\/\/latribunenews.com\/wp-content\/uploads\/2026\/08\/IMG_5114-3.jpeg\" \/>\n\t<meta property=\"og:image:width\" content=\"282\" \/>\n\t<meta property=\"og:image:height\" content=\"283\" \/>\n\t<meta property=\"og:image:type\" content=\"image\/jpeg\" \/>\n<meta name=\"author\" content=\"La Tribune News\" \/>\n<meta name=\"twitter:card\" content=\"summary_large_image\" \/>\n<meta name=\"twitter:label1\" content=\"Written by\" \/>\n\t<meta name=\"twitter:data1\" content=\"La Tribune News\" \/>\n\t<meta name=\"twitter:label2\" content=\"Est. reading time\" \/>\n\t<meta name=\"twitter:data2\" content=\"2 minutes\" \/>\n<script type=\"application\/ld+json\" class=\"yoast-schema-graph\">{\"@context\":\"https:\\\/\\\/schema.org\",\"@graph\":[{\"@type\":\"Article\",\"@id\":\"https:\\\/\\\/latribunenews.com\\\/index.php\\\/2026\\\/08\\\/27\\\/neuf-groupements-politiques-interpellent-le-cep-sur-le-processus-electoral\\\/#article\",\"isPartOf\":{\"@id\":\"https:\\\/\\\/latribunenews.com\\\/index.php\\\/2026\\\/08\\\/27\\\/neuf-groupements-politiques-interpellent-le-cep-sur-le-processus-electoral\\\/\"},\"author\":{\"name\":\"La Tribune News\",\"@id\":\"https:\\\/\\\/latribunenews.com\\\/#\\\/schema\\\/person\\\/80e6390c7f17ddf6d4800d8312efdff9\"},\"headline\":\"Neuf groupements politiques interpellent le CEP sur le processus \u00e9lectoral\",\"datePublished\":\"2026-08-27T17:26:05+00:00\",\"mainEntityOfPage\":{\"@id\":\"https:\\\/\\\/latribunenews.com\\\/index.php\\\/2026\\\/08\\\/27\\\/neuf-groupements-politiques-interpellent-le-cep-sur-le-processus-electoral\\\/\"},\"wordCount\":340,\"publisher\":{\"@id\":\"https:\\\/\\\/latribunenews.com\\\/#organization\"},\"image\":{\"@id\":\"https:\\\/\\\/latribunenews.com\\\/index.php\\\/2026\\\/08\\\/27\\\/neuf-groupements-politiques-interpellent-le-cep-sur-le-processus-electoral\\\/#primaryimage\"},\"thumbnailUrl\":\"https:\\\/\\\/latribunenews.com\\\/wp-content\\\/uploads\\\/2026\\\/08\\\/IMG_5114-3.jpeg\",\"articleSection\":[\"Actualit\u00e9s\"],\"inLanguage\":\"en-US\"},{\"@type\":\"WebPage\",\"@id\":\"https:\\\/\\\/latribunenews.com\\\/index.php\\\/2026\\\/08\\\/27\\\/neuf-groupements-politiques-interpellent-le-cep-sur-le-processus-electoral\\\/\",\"url\":\"https:\\\/\\\/latribunenews.com\\\/index.php\\\/2026\\\/08\\\/27\\\/neuf-groupements-politiques-interpellent-le-cep-sur-le-processus-electoral\\\/\",\"name\":\"Neuf groupements politiques interpellent le CEP sur le processus \u00e9lectoral - LA TRIBUNE NEWS\",\"isPartOf\":{\"@id\":\"https:\\\/\\\/latribunenews.com\\\/#website\"},\"primaryImageOfPage\":{\"@id\":\"https:\\\/\\\/latribunenews.com\\\/index.php\\\/2026\\\/08\\\/27\\\/neuf-groupements-politiques-interpellent-le-cep-sur-le-processus-electoral\\\/#primaryimage\"},\"image\":{\"@id\":\"https:\\\/\\\/latribunenews.com\\\/index.php\\\/2026\\\/08\\\/27\\\/neuf-groupements-politiques-interpellent-le-cep-sur-le-processus-electoral\\\/#primaryimage\"},\"thumbnailUrl\":\"https:\\\/\\\/latribunenews.com\\\/wp-content\\\/uploads\\\/2026\\\/08\\\/IMG_5114-3.jpeg\",\"datePublished\":\"2026-08-27T17:26:05+00:00\",\"breadcrumb\":{\"@id\":\"https:\\\/\\\/latribunenews.com\\\/index.php\\\/2026\\\/08\\\/27\\\/neuf-groupements-politiques-interpellent-le-cep-sur-le-processus-electoral\\\/#breadcrumb\"},\"inLanguage\":\"en-US\",\"potentialAction\":[{\"@type\":\"ReadAction\",\"target\":[\"https:\\\/\\\/latribunenews.com\\\/index.php\\\/2026\\\/08\\\/27\\\/neuf-groupements-politiques-interpellent-le-cep-sur-le-processus-electoral\\\/\"]}]},{\"@type\":\"ImageObject\",\"inLanguage\":\"en-US\",\"@id\":\"https:\\\/\\\/latribunenews.com\\\/index.php\\\/2026\\\/08\\\/27\\\/neuf-groupements-politiques-interpellent-le-cep-sur-le-processus-electoral\\\/#primaryimage\",\"url\":\"https:\\\/\\\/latribunenews.com\\\/wp-content\\\/uploads\\\/2026\\\/08\\\/IMG_5114-3.jpeg\",\"contentUrl\":\"https:\\\/\\\/latribunenews.com\\\/wp-content\\\/uploads\\\/2026\\\/08\\\/IMG_5114-3.jpeg\",\"width\":282,\"height\":283},{\"@type\":\"BreadcrumbList\",\"@id\":\"https:\\\/\\\/latribunenews.com\\\/index.php\\\/2026\\\/08\\\/27\\\/neuf-groupements-politiques-interpellent-le-cep-sur-le-processus-electoral\\\/#breadcrumb\",\"itemListElement\":[{\"@type\":\"ListItem\",\"position\":1,\"name\":\"Home\",\"item\":\"https:\\\/\\\/latribunenews.com\\\/\"},{\"@type\":\"ListItem\",\"position\":2,\"name\":\"Neuf groupements politiques interpellent le CEP sur le processus \u00e9lectoral\"}]},{\"@type\":\"WebSite\",\"@id\":\"https:\\\/\\\/latribunenews.com\\\/#website\",\"url\":\"https:\\\/\\\/latribunenews.com\\\/\",\"name\":\"LA TRIBUNE NEWS\",\"description\":\"L&#039;INFO\",\"publisher\":{\"@id\":\"https:\\\/\\\/latribunenews.com\\\/#organization\"},\"potentialAction\":[{\"@type\":\"SearchAction\",\"target\":{\"@type\":\"EntryPoint\",\"urlTemplate\":\"https:\\\/\\\/latribunenews.com\\\/?s={search_term_string}\"},\"query-input\":{\"@type\":\"PropertyValueSpecification\",\"valueRequired\":true,\"valueName\":\"search_term_string\"}}],\"inLanguage\":\"en-US\"},{\"@type\":\"Organization\",\"@id\":\"https:\\\/\\\/latribunenews.com\\\/#organization\",\"name\":\"LA TRIBUNE NEWS\",\"url\":\"https:\\\/\\\/latribunenews.com\\\/\",\"logo\":{\"@type\":\"ImageObject\",\"inLanguage\":\"en-US\",\"@id\":\"https:\\\/\\\/latribunenews.com\\\/#\\\/schema\\\/logo\\\/image\\\/\",\"url\":\"https:\\\/\\\/latribunenews.com\\\/wp-content\\\/uploads\\\/2026\\\/08\\\/cropped-LOGO-LA-TRITUBE.png\",\"contentUrl\":\"https:\\\/\\\/latribunenews.com\\\/wp-content\\\/uploads\\\/2026\\\/08\\\/cropped-LOGO-LA-TRITUBE.png\",\"width\":1254,\"height\":766,\"caption\":\"LA TRIBUNE NEWS\"},\"image\":{\"@id\":\"https:\\\/\\\/latribunenews.com\\\/#\\\/schema\\\/logo\\\/image\\\/\"}},{\"@type\":\"Person\",\"@id\":\"https:\\\/\\\/latribunenews.com\\\/#\\\/schema\\\/person\\\/80e6390c7f17ddf6d4800d8312efdff9\",\"name\":\"La Tribune News\",\"image\":{\"@type\":\"ImageObject\",\"inLanguage\":\"en-US\",\"@id\":\"https:\\\/\\\/secure.gravatar.com\\\/avatar\\\/3f4acc70b63ca0076cf232c0b3931e57bcf757c06f357d5ebc1b7077f6872e95?s=96&d=mm&r=g\",\"url\":\"https:\\\/\\\/secure.gravatar.com\\\/avatar\\\/3f4acc70b63ca0076cf232c0b3931e57bcf757c06f357d5ebc1b7077f6872e95?s=96&d=mm&r=g\",\"contentUrl\":\"https:\\\/\\\/secure.gravatar.com\\\/avatar\\\/3f4acc70b63ca0076cf232c0b3931e57bcf757c06f357d5ebc1b7077f6872e95?s=96&d=mm&r=g\",\"caption\":\"La Tribune News\"},\"sameAs\":[\"https:\\\/\\\/latribunenews.com\"],\"url\":\"https:\\\/\\\/latribunenews.com\\\/index.php\\\/author\\\/admin\\\/\"}]}<\/script>\n<!-- \/ Yoast SEO plugin. -->","yoast_head_json":{"title":"Neuf groupements politiques interpellent le CEP sur le processus \u00e9lectoral - LA TRIBUNE NEWS","robots":{"index":"index","follow":"follow","max-snippet":"max-snippet:-1","max-image-preview":"max-image-preview:large","max-video-preview":"max-video-preview:-1"},"canonical":"https:\/\/latribunenews.com\/index.php\/2026\/08\/27\/neuf-groupements-politiques-interpellent-le-cep-sur-le-processus-electoral\/","og_locale":"en_US","og_type":"article","og_title":"Neuf groupements politiques interpellent le CEP sur le processus \u00e9lectoral - LA TRIBUNE NEWS","og_description":"\u00c0 la demande de neuf formations politiques r\u00e9unies sous l\u2019appellation \u00ab Forum des neuf groupements politiques \u00bb, le Conseil \u00e9lectoral provisoire (CEP) a tenu, le mercredi 26 ao\u00fbt 2026, une&hellip;","og_url":"https:\/\/latribunenews.com\/index.php\/2026\/08\/27\/neuf-groupements-politiques-interpellent-le-cep-sur-le-processus-electoral\/","og_site_name":"LA TRIBUNE NEWS","article_published_time":"2026-08-27T17:26:05+00:00","og_image":[{"width":282,"height":283,"url":"https:\/\/latribunenews.com\/wp-content\/uploads\/2026\/08\/IMG_5114-3.jpeg","type":"image\/jpeg"}],"author":"La Tribune News","twitter_card":"summary_large_image","twitter_misc":{"Written by":"La Tribune News","Est. reading time":"2 minutes"},"schema":{"@context":"https:\/\/schema.org","@graph":[{"@type":"Article","@id":"https:\/\/latribunenews.com\/index.php\/2026\/08\/27\/neuf-groupements-politiques-interpellent-le-cep-sur-le-processus-electoral\/#article","isPartOf":{"@id":"https:\/\/latribunenews.com\/index.php\/2026\/08\/27\/neuf-groupements-politiques-interpellent-le-cep-sur-le-processus-electoral\/"},"author":{"name":"La Tribune News","@id":"https:\/\/latribunenews.com\/#\/schema\/person\/80e6390c7f17ddf6d4800d8312efdff9"},"headline":"Neuf groupements politiques interpellent le CEP sur le processus \u00e9lectoral","datePublished":"2026-08-27T17:26:05+00:00","mainEntityOfPage":{"@id":"https:\/\/latribunenews.com\/index.php\/2026\/08\/27\/neuf-groupements-politiques-interpellent-le-cep-sur-le-processus-electoral\/"},"wordCount":340,"publisher":{"@id":"https:\/\/latribunenews.com\/#organization"},"image":{"@id":"https:\/\/latribunenews.com\/index.php\/2026\/08\/27\/neuf-groupements-politiques-interpellent-le-cep-sur-le-processus-electoral\/#primaryimage"},"thumbnailUrl":"https:\/\/latribunenews.com\/wp-content\/uploads\/2026\/08\/IMG_5114-3.jpeg","articleSection":["Actualit\u00e9s"],"inLanguage":"en-US"},{"@type":"WebPage","@id":"https:\/\/latribunenews.com\/index.php\/2026\/08\/27\/neuf-groupements-politiques-interpellent-le-cep-sur-le-processus-electoral\/","url":"https:\/\/latribunenews.com\/index.php\/2026\/08\/27\/neuf-groupements-politiques-interpellent-le-cep-sur-le-processus-electoral\/","name":"Neuf groupements politiques interpellent le CEP sur le processus \u00e9lectoral - LA TRIBUNE NEWS","isPartOf":{"@id":"https:\/\/latribunenews.com\/#website"},"primaryImageOfPage":{"@id":"https:\/\/latribunenews.com\/index.php\/2026\/08\/27\/neuf-groupements-politiques-interpellent-le-cep-sur-le-processus-electoral\/#primaryimage"},"image":{"@id":"https:\/\/latribunenews.com\/index.php\/2026\/08\/27\/neuf-groupements-politiques-interpellent-le-cep-sur-le-processus-electoral\/#primaryimage"},"thumbnailUrl":"https:\/\/latribunenews.com\/wp-content\/uploads\/2026\/08\/IMG_5114-3.jpeg","datePublished":"2026-08-27T17:26:05+00:00","breadcrumb":{"@id":"https:\/\/latribunenews.com\/index.php\/2026\/08\/27\/neuf-groupements-politiques-interpellent-le-cep-sur-le-processus-electoral\/#breadcrumb"},"inLanguage":"en-US","potentialAction":[{"@type":"ReadAction","target":["https:\/\/latribunenews.com\/index.php\/2026\/08\/27\/neuf-groupements-politiques-interpellent-le-cep-sur-le-processus-electoral\/"]}]},{"@type":"ImageObject","inLanguage":"en-US","@id":"https:\/\/latribunenews.com\/index.php\/2026\/08\/27\/neuf-groupements-politiques-interpellent-le-cep-sur-le-processus-electoral\/#primaryimage","url":"https:\/\/latribunenews.com\/wp-content\/uploads\/2026\/08\/IMG_5114-3.jpeg","contentUrl":"https:\/\/latribunenews.com\/wp-content\/uploads\/2026\/08\/IMG_5114-3.jpeg","width":282,"height":283},{"@type":"BreadcrumbList","@id":"https:\/\/latribunenews.com\/index.php\/2026\/08\/27\/neuf-groupements-politiques-interpellent-le-cep-sur-le-processus-electoral\/#breadcrumb","itemListElement":[{"@type":"ListItem","position":1,"name":"Home","item":"https:\/\/latribunenews.com\/"},{"@type":"ListItem","position":2,"name":"Neuf groupements politiques interpellent le CEP sur le processus \u00e9lectoral"}]},{"@type":"WebSite","@id":"https:\/\/latribunenews.com\/#website","url":"https:\/\/latribunenews.com\/","name":"LA TRIBUNE NEWS","description":"L&#039;INFO","publisher":{"@id":"https:\/\/latribunenews.com\/#organization"},"potentialAction":[{"@type":"SearchAction","target":{"@type":"EntryPoint","urlTemplate":"https:\/\/latribunenews.com\/?s={search_term_string}"},"query-input":{"@type":"PropertyValueSpecification","valueRequired":true,"valueName":"search_term_string"}}],"inLanguage":"en-US"},{"@type":"Organization","@id":"https:\/\/latribunenews.com\/#organization","name":"LA TRIBUNE NEWS","url":"https:\/\/latribunenews.com\/","logo":{"@type":"ImageObject","inLanguage":"en-US","@id":"https:\/\/latribunenews.com\/#\/schema\/logo\/image\/","url":"https:\/\/latribunenews.com\/wp-content\/uploads\/2026\/08\/cropped-LOGO-LA-TRITUBE.png","contentUrl":"https:\/\/latribunenews.com\/wp-content\/uploads\/2026\/08\/cropped-LOGO-LA-TRITUBE.png","width":1254,"height":766,"caption":"LA TRIBUNE NEWS"},"image":{"@id":"https:\/\/latribunenews.com\/#\/schema\/logo\/image\/"}},{"@type":"Person","@id":"https:\/\/latribunenews.com\/#\/schema\/person\/80e6390c7f17ddf6d4800d8312efdff9","name":"La Tribune News","image":{"@type":"ImageObject","inLanguage":"en-US","@id":"https:\/\/secure.gravatar.com\/avatar\/3f4acc70b63ca0076cf232c0b3931e57bcf757c06f357d5ebc1b7077f6872e95?s=96&d=mm&r=g","url":"https:\/\/secure.gravatar.com\/avatar\/3f4acc70b63ca0076cf232c0b3931e57bcf757c06f357d5ebc1b7077f6872e95?s=96&d=mm&r=g","contentUrl":"https:\/\/secure.gravatar.com\/avatar\/3f4acc70b63ca0076cf232c0b3931e57bcf757c06f357d5ebc1b7077f6872e95?s=96&d=mm&r=g","caption":"La Tribune News"},"sameAs":["https:\/\/latribunenews.com"],"url":"https:\/\/latribunenews.com\/index.php\/author\/admin\/"}]}},"_links":{"self":[{"href":"https:\/\/latribunenews.com\/index.php\/wp-json\/wp\/v2\/posts\/1905","targetHints":{"allow":["GET"]}}],"collection":[{"href":"https:\/\/latribunenews.com\/index.php\/wp-json\/wp\/v2\/posts"}],"about":[{"href":"https:\/\/latribunenews.com\/index.php\/wp-json\/wp\/v2\/types\/post"}],"author":[{"embeddable":true,"href":"https:\/\/latribunenews.com\/index.php\/wp-json\/wp\/v2\/users\/1"}],"replies":[{"embeddable":true,"href":"https:\/\/latribunenews.com\/index.php\/wp-json\/wp\/v2\/comments?post=1905"}],"version-history":[{"count":1,"href":"https:\/\/latribunenews.com\/index.php\/wp-json\/wp\/v2\/posts\/1905\/revisions"}],"predecessor-version":[{"id":1906,"href":"https:\/\/latribunenews.com\/index.php\/wp-json\/wp\/v2\/posts\/1905\/revisions\/1906"}],"wp:featuredmedia":[{"embeddable":true,"href":"https:\/\/latribunenews.com\/index.php\/wp-json\/wp\/v2\/media\/382"}],"wp:attachment":[{"href":"https:\/\/latribunenews.com\/index.php\/wp-json\/wp\/v2\/media?parent=1905"}],"wp:term":[{"taxonomy":"category","embeddable":true,"href":"https:\/\/latribunenews.com\/index.php\/wp-json\/wp\/v2\/categories?post=1905"},{"taxonomy":"post_tag","embeddable":true,"href":"https:\/\/latribunenews.com\/index.php\/wp-json\/wp\/v2\/tags?post=1905"}],"curies":[{"name":"wp","href":"https:\/\/api.w.org\/{rel}","templated":true}]}}