{"id":1886,"date":"2026-08-25T14:37:47","date_gmt":"2026-08-25T12:37:47","guid":{"rendered":"https:\/\/latribunenews.com\/?p=1886"},"modified":"2026-08-25T14:37:47","modified_gmt":"2026-08-25T12:37:47","slug":"certificat-de-police-des-dispositions-speciales-pour-les-candidats-aux-prochaines-elections","status":"publish","type":"post","link":"https:\/\/latribunenews.com\/index.php\/2026\/08\/25\/certificat-de-police-des-dispositions-speciales-pour-les-candidats-aux-prochaines-elections\/","title":{"rendered":"Certificat de police : des dispositions sp\u00e9ciales pour les candidats aux prochaines \u00e9lections"},"content":{"rendered":"<p class=\"p1\">Le Minist\u00e8re de la Justice et de la S\u00e9curit\u00e9 Publique (MJSP) annonce la mise en place de dispositions sp\u00e9ciales destin\u00e9es \u00e0 faciliter les d\u00e9marches administratives des candidates et candidats aux prochaines \u00e9lections.<\/p>\n<p class=\"p1\"><span class=\"s2\">Selon le minist\u00e8re, les Services D\u00e9partementaux de la Police Judiciaire (SDPJ) sont d\u00e9sormais dispos\u00e9s \u00e0 d\u00e9livrer aux candidats des certificats de police sous un format sp\u00e9cial intitul\u00e9 <\/span><span class=\"s1\">\u00ab \u00c9lections \u00bb<\/span><span class=\"s2\">.<\/span><\/p>\n<p class=\"p1\"><span class=\"s2\">Cette mesure vise notamment \u00e0 acc\u00e9l\u00e9rer l\u2019accomplissement des formalit\u00e9s requises dans le cadre du processus \u00e9lectoral. Les candidats pourront b\u00e9n\u00e9ficier de ce service <\/span><span class=\"s1\">sept jours sur sept<\/span><span class=\"s2\">, dans les diff\u00e9rents d\u00e9partements du pays.<\/span><\/p>\n<p class=\"p1\"><span class=\"s2\">\u00c0 cette occasion, le Minist\u00e8re de la Justice et de la S\u00e9curit\u00e9 Publique indique \u00e9galement avoir publi\u00e9 <\/span><span class=\"s1\">la liste des notaires reconnus par la loi<\/span><span class=\"s2\">. Cette publication doit permettre aux candidates et candidats de faciliter leurs diff\u00e9rentes d\u00e9marches administratives li\u00e9es au processus \u00e9lectoral.<\/span><\/p>\n<p class=\"p1\"><span class=\"s2\">Dans son message, le minist\u00e8re encourage les personnes concern\u00e9es \u00e0 prendre les dispositions n\u00e9cessaires en vue de respecter les exigences administratives li\u00e9es aux prochaines \u00e9ch\u00e9ances \u00e9lectorales.<\/span><\/p>\n<p class=\"p1\"><span class=\"s2\">Le ministre de la Justice et de la S\u00e9curit\u00e9 Publique, <\/span><span class=\"s1\">Patrick P\u00e9lissier<\/span><span class=\"s2\">, adresse enfin ses v\u0153ux de bonne pr\u00e9paration \u00e0 l\u2019ensemble des candidates et candidats.<\/span><\/p>\n","protected":false},"excerpt":{"rendered":"<p>Le Minist\u00e8re de la Justice et de la S\u00e9curit\u00e9 Publique (MJSP) annonce la mise en place de dispositions sp\u00e9ciales destin\u00e9es \u00e0 faciliter les d\u00e9marches administratives des candidates et candidats aux&hellip;<\/p>\n","protected":false},"author":4,"featured_media":1887,"comment_status":"closed","ping_status":"closed","sticky":false,"template":"","format":"standard","meta":{"footnotes":""},"categories":[1,29,37,30],"tags":[],"class_list":["post-1886","post","type-post","status-publish","format-standard","has-post-thumbnail","hentry","category-actu","category-actualites","category-justice","category-politique"],"yoast_head":"<!-- This site is optimized with the Yoast SEO plugin v28.3 - https:\/\/yoast.com\/product\/yoast-seo-wordpress\/ -->\n<title>Certificat de police : des dispositions sp\u00e9ciales pour les candidats aux prochaines \u00e9lections - LA TRIBUNE NEWS<\/title>\n<meta name=\"description\" content=\"Certificat de police : des dispositions sp\u00e9ciales pour les candidats aux prochaines \u00e9lections\" \/>\n<meta name=\"robots\" content=\"index, follow, max-snippet:-1, max-image-preview:large, max-video-preview:-1\" \/>\n<link rel=\"canonical\" href=\"https:\/\/latribunenews.com\/index.php\/2026\/08\/25\/certificat-de-police-des-dispositions-speciales-pour-les-candidats-aux-prochaines-elections\/\" \/>\n<meta property=\"og:locale\" content=\"en_US\" \/>\n<meta property=\"og:type\" content=\"article\" \/>\n<meta property=\"og:title\" content=\"Certificat de police : des dispositions sp\u00e9ciales pour les candidats aux prochaines \u00e9lections - LA TRIBUNE NEWS\" \/>\n<meta property=\"og:description\" content=\"Certificat de police : des dispositions sp\u00e9ciales pour les candidats aux prochaines \u00e9lections\" \/>\n<meta property=\"og:url\" content=\"https:\/\/latribunenews.com\/index.php\/2026\/08\/25\/certificat-de-police-des-dispositions-speciales-pour-les-candidats-aux-prochaines-elections\/\" \/>\n<meta property=\"og:site_name\" content=\"LA TRIBUNE NEWS\" \/>\n<meta property=\"article:published_time\" content=\"2026-08-25T12:37:47+00:00\" \/>\n<meta property=\"og:image\" content=\"https:\/\/latribunenews.com\/wp-content\/uploads\/2026\/08\/IMG_5407.jpeg\" \/>\n\t<meta property=\"og:image:width\" content=\"1280\" \/>\n\t<meta property=\"og:image:height\" content=\"1280\" \/>\n\t<meta property=\"og:image:type\" content=\"image\/jpeg\" \/>\n<meta name=\"author\" content=\"lotymanasse7@gmail.com\" \/>\n<meta name=\"twitter:card\" content=\"summary_large_image\" \/>\n<meta name=\"twitter:label1\" content=\"Written by\" \/>\n\t<meta name=\"twitter:data1\" content=\"lotymanasse7@gmail.com\" \/>\n\t<meta name=\"twitter:label2\" content=\"Est. reading time\" \/>\n\t<meta name=\"twitter:data2\" content=\"2 minutes\" \/>\n<script type=\"application\/ld+json\" class=\"yoast-schema-graph\">{\"@context\":\"https:\\\/\\\/schema.org\",\"@graph\":[{\"@type\":\"Article\",\"@id\":\"https:\\\/\\\/latribunenews.com\\\/index.php\\\/2026\\\/08\\\/25\\\/certificat-de-police-des-dispositions-speciales-pour-les-candidats-aux-prochaines-elections\\\/#article\",\"isPartOf\":{\"@id\":\"https:\\\/\\\/latribunenews.com\\\/index.php\\\/2026\\\/08\\\/25\\\/certificat-de-police-des-dispositions-speciales-pour-les-candidats-aux-prochaines-elections\\\/\"},\"author\":{\"name\":\"lotymanasse7@gmail.com\",\"@id\":\"https:\\\/\\\/latribunenews.com\\\/#\\\/schema\\\/person\\\/72f79c064601728f0abdfe2bb5ed64cc\"},\"headline\":\"Certificat de police : des dispositions sp\u00e9ciales pour les candidats aux prochaines \u00e9lections\",\"datePublished\":\"2026-08-25T12:37:47+00:00\",\"mainEntityOfPage\":{\"@id\":\"https:\\\/\\\/latribunenews.com\\\/index.php\\\/2026\\\/08\\\/25\\\/certificat-de-police-des-dispositions-speciales-pour-les-candidats-aux-prochaines-elections\\\/\"},\"wordCount\":228,\"publisher\":{\"@id\":\"https:\\\/\\\/latribunenews.com\\\/#organization\"},\"image\":{\"@id\":\"https:\\\/\\\/latribunenews.com\\\/index.php\\\/2026\\\/08\\\/25\\\/certificat-de-police-des-dispositions-speciales-pour-les-candidats-aux-prochaines-elections\\\/#primaryimage\"},\"thumbnailUrl\":\"https:\\\/\\\/latribunenews.com\\\/wp-content\\\/uploads\\\/2026\\\/08\\\/IMG_5407.jpeg\",\"articleSection\":[\"Actu\",\"Actualit\u00e9s\",\"Justice\",\"Politique\"],\"inLanguage\":\"en-US\"},{\"@type\":\"WebPage\",\"@id\":\"https:\\\/\\\/latribunenews.com\\\/index.php\\\/2026\\\/08\\\/25\\\/certificat-de-police-des-dispositions-speciales-pour-les-candidats-aux-prochaines-elections\\\/\",\"url\":\"https:\\\/\\\/latribunenews.com\\\/index.php\\\/2026\\\/08\\\/25\\\/certificat-de-police-des-dispositions-speciales-pour-les-candidats-aux-prochaines-elections\\\/\",\"name\":\"Certificat de police : des dispositions sp\u00e9ciales pour les candidats aux prochaines \u00e9lections - LA TRIBUNE NEWS\",\"isPartOf\":{\"@id\":\"https:\\\/\\\/latribunenews.com\\\/#website\"},\"primaryImageOfPage\":{\"@id\":\"https:\\\/\\\/latribunenews.com\\\/index.php\\\/2026\\\/08\\\/25\\\/certificat-de-police-des-dispositions-speciales-pour-les-candidats-aux-prochaines-elections\\\/#primaryimage\"},\"image\":{\"@id\":\"https:\\\/\\\/latribunenews.com\\\/index.php\\\/2026\\\/08\\\/25\\\/certificat-de-police-des-dispositions-speciales-pour-les-candidats-aux-prochaines-elections\\\/#primaryimage\"},\"thumbnailUrl\":\"https:\\\/\\\/latribunenews.com\\\/wp-content\\\/uploads\\\/2026\\\/08\\\/IMG_5407.jpeg\",\"datePublished\":\"2026-08-25T12:37:47+00:00\",\"description\":\"Certificat de police : des dispositions sp\u00e9ciales pour les candidats aux prochaines \u00e9lections\",\"breadcrumb\":{\"@id\":\"https:\\\/\\\/latribunenews.com\\\/index.php\\\/2026\\\/08\\\/25\\\/certificat-de-police-des-dispositions-speciales-pour-les-candidats-aux-prochaines-elections\\\/#breadcrumb\"},\"inLanguage\":\"en-US\",\"potentialAction\":[{\"@type\":\"ReadAction\",\"target\":[\"https:\\\/\\\/latribunenews.com\\\/index.php\\\/2026\\\/08\\\/25\\\/certificat-de-police-des-dispositions-speciales-pour-les-candidats-aux-prochaines-elections\\\/\"]}]},{\"@type\":\"ImageObject\",\"inLanguage\":\"en-US\",\"@id\":\"https:\\\/\\\/latribunenews.com\\\/index.php\\\/2026\\\/08\\\/25\\\/certificat-de-police-des-dispositions-speciales-pour-les-candidats-aux-prochaines-elections\\\/#primaryimage\",\"url\":\"https:\\\/\\\/latribunenews.com\\\/wp-content\\\/uploads\\\/2026\\\/08\\\/IMG_5407.jpeg\",\"contentUrl\":\"https:\\\/\\\/latribunenews.com\\\/wp-content\\\/uploads\\\/2026\\\/08\\\/IMG_5407.jpeg\",\"width\":1280,\"height\":1280},{\"@type\":\"BreadcrumbList\",\"@id\":\"https:\\\/\\\/latribunenews.com\\\/index.php\\\/2026\\\/08\\\/25\\\/certificat-de-police-des-dispositions-speciales-pour-les-candidats-aux-prochaines-elections\\\/#breadcrumb\",\"itemListElement\":[{\"@type\":\"ListItem\",\"position\":1,\"name\":\"Home\",\"item\":\"https:\\\/\\\/latribunenews.com\\\/\"},{\"@type\":\"ListItem\",\"position\":2,\"name\":\"Certificat de police : des dispositions sp\u00e9ciales pour les candidats aux prochaines \u00e9lections\"}]},{\"@type\":\"WebSite\",\"@id\":\"https:\\\/\\\/latribunenews.com\\\/#website\",\"url\":\"https:\\\/\\\/latribunenews.com\\\/\",\"name\":\"LA TRIBUNE NEWS\",\"description\":\"L&#039;INFO\",\"publisher\":{\"@id\":\"https:\\\/\\\/latribunenews.com\\\/#organization\"},\"potentialAction\":[{\"@type\":\"SearchAction\",\"target\":{\"@type\":\"EntryPoint\",\"urlTemplate\":\"https:\\\/\\\/latribunenews.com\\\/?s={search_term_string}\"},\"query-input\":{\"@type\":\"PropertyValueSpecification\",\"valueRequired\":true,\"valueName\":\"search_term_string\"}}],\"inLanguage\":\"en-US\"},{\"@type\":\"Organization\",\"@id\":\"https:\\\/\\\/latribunenews.com\\\/#organization\",\"name\":\"LA TRIBUNE NEWS\",\"url\":\"https:\\\/\\\/latribunenews.com\\\/\",\"logo\":{\"@type\":\"ImageObject\",\"inLanguage\":\"en-US\",\"@id\":\"https:\\\/\\\/latribunenews.com\\\/#\\\/schema\\\/logo\\\/image\\\/\",\"url\":\"https:\\\/\\\/latribunenews.com\\\/wp-content\\\/uploads\\\/2026\\\/08\\\/cropped-LOGO-LA-TRITUBE.png\",\"contentUrl\":\"https:\\\/\\\/latribunenews.com\\\/wp-content\\\/uploads\\\/2026\\\/08\\\/cropped-LOGO-LA-TRITUBE.png\",\"width\":1254,\"height\":766,\"caption\":\"LA TRIBUNE NEWS\"},\"image\":{\"@id\":\"https:\\\/\\\/latribunenews.com\\\/#\\\/schema\\\/logo\\\/image\\\/\"}},{\"@type\":\"Person\",\"@id\":\"https:\\\/\\\/latribunenews.com\\\/#\\\/schema\\\/person\\\/72f79c064601728f0abdfe2bb5ed64cc\",\"name\":\"lotymanasse7@gmail.com\",\"image\":{\"@type\":\"ImageObject\",\"inLanguage\":\"en-US\",\"@id\":\"https:\\\/\\\/secure.gravatar.com\\\/avatar\\\/a0b45707c4c5e719a0e82a05650c433a085f54bd87a6cd5b76f430c870e857f0?s=96&d=mm&r=g\",\"url\":\"https:\\\/\\\/secure.gravatar.com\\\/avatar\\\/a0b45707c4c5e719a0e82a05650c433a085f54bd87a6cd5b76f430c870e857f0?s=96&d=mm&r=g\",\"contentUrl\":\"https:\\\/\\\/secure.gravatar.com\\\/avatar\\\/a0b45707c4c5e719a0e82a05650c433a085f54bd87a6cd5b76f430c870e857f0?s=96&d=mm&r=g\",\"caption\":\"lotymanasse7@gmail.com\"},\"url\":\"https:\\\/\\\/latribunenews.com\\\/index.php\\\/author\\\/lotymanasse7gmail-com\\\/\"}]}<\/script>\n<!-- \/ Yoast SEO plugin. -->","yoast_head_json":{"title":"Certificat de police : des dispositions sp\u00e9ciales pour les candidats aux prochaines \u00e9lections - LA TRIBUNE NEWS","description":"Certificat de police : des dispositions sp\u00e9ciales pour les candidats aux prochaines \u00e9lections","robots":{"index":"index","follow":"follow","max-snippet":"max-snippet:-1","max-image-preview":"max-image-preview:large","max-video-preview":"max-video-preview:-1"},"canonical":"https:\/\/latribunenews.com\/index.php\/2026\/08\/25\/certificat-de-police-des-dispositions-speciales-pour-les-candidats-aux-prochaines-elections\/","og_locale":"en_US","og_type":"article","og_title":"Certificat de police : des dispositions sp\u00e9ciales pour les candidats aux prochaines \u00e9lections - LA TRIBUNE NEWS","og_description":"Certificat de police : des dispositions sp\u00e9ciales pour les candidats aux prochaines \u00e9lections","og_url":"https:\/\/latribunenews.com\/index.php\/2026\/08\/25\/certificat-de-police-des-dispositions-speciales-pour-les-candidats-aux-prochaines-elections\/","og_site_name":"LA TRIBUNE NEWS","article_published_time":"2026-08-25T12:37:47+00:00","og_image":[{"width":1280,"height":1280,"url":"https:\/\/latribunenews.com\/wp-content\/uploads\/2026\/08\/IMG_5407.jpeg","type":"image\/jpeg"}],"author":"lotymanasse7@gmail.com","twitter_card":"summary_large_image","twitter_misc":{"Written by":"lotymanasse7@gmail.com","Est. reading time":"2 minutes"},"schema":{"@context":"https:\/\/schema.org","@graph":[{"@type":"Article","@id":"https:\/\/latribunenews.com\/index.php\/2026\/08\/25\/certificat-de-police-des-dispositions-speciales-pour-les-candidats-aux-prochaines-elections\/#article","isPartOf":{"@id":"https:\/\/latribunenews.com\/index.php\/2026\/08\/25\/certificat-de-police-des-dispositions-speciales-pour-les-candidats-aux-prochaines-elections\/"},"author":{"name":"lotymanasse7@gmail.com","@id":"https:\/\/latribunenews.com\/#\/schema\/person\/72f79c064601728f0abdfe2bb5ed64cc"},"headline":"Certificat de police : des dispositions sp\u00e9ciales pour les candidats aux prochaines \u00e9lections","datePublished":"2026-08-25T12:37:47+00:00","mainEntityOfPage":{"@id":"https:\/\/latribunenews.com\/index.php\/2026\/08\/25\/certificat-de-police-des-dispositions-speciales-pour-les-candidats-aux-prochaines-elections\/"},"wordCount":228,"publisher":{"@id":"https:\/\/latribunenews.com\/#organization"},"image":{"@id":"https:\/\/latribunenews.com\/index.php\/2026\/08\/25\/certificat-de-police-des-dispositions-speciales-pour-les-candidats-aux-prochaines-elections\/#primaryimage"},"thumbnailUrl":"https:\/\/latribunenews.com\/wp-content\/uploads\/2026\/08\/IMG_5407.jpeg","articleSection":["Actu","Actualit\u00e9s","Justice","Politique"],"inLanguage":"en-US"},{"@type":"WebPage","@id":"https:\/\/latribunenews.com\/index.php\/2026\/08\/25\/certificat-de-police-des-dispositions-speciales-pour-les-candidats-aux-prochaines-elections\/","url":"https:\/\/latribunenews.com\/index.php\/2026\/08\/25\/certificat-de-police-des-dispositions-speciales-pour-les-candidats-aux-prochaines-elections\/","name":"Certificat de police : des dispositions sp\u00e9ciales pour les candidats aux prochaines \u00e9lections - LA TRIBUNE NEWS","isPartOf":{"@id":"https:\/\/latribunenews.com\/#website"},"primaryImageOfPage":{"@id":"https:\/\/latribunenews.com\/index.php\/2026\/08\/25\/certificat-de-police-des-dispositions-speciales-pour-les-candidats-aux-prochaines-elections\/#primaryimage"},"image":{"@id":"https:\/\/latribunenews.com\/index.php\/2026\/08\/25\/certificat-de-police-des-dispositions-speciales-pour-les-candidats-aux-prochaines-elections\/#primaryimage"},"thumbnailUrl":"https:\/\/latribunenews.com\/wp-content\/uploads\/2026\/08\/IMG_5407.jpeg","datePublished":"2026-08-25T12:37:47+00:00","description":"Certificat de police : des dispositions sp\u00e9ciales pour les candidats aux prochaines \u00e9lections","breadcrumb":{"@id":"https:\/\/latribunenews.com\/index.php\/2026\/08\/25\/certificat-de-police-des-dispositions-speciales-pour-les-candidats-aux-prochaines-elections\/#breadcrumb"},"inLanguage":"en-US","potentialAction":[{"@type":"ReadAction","target":["https:\/\/latribunenews.com\/index.php\/2026\/08\/25\/certificat-de-police-des-dispositions-speciales-pour-les-candidats-aux-prochaines-elections\/"]}]},{"@type":"ImageObject","inLanguage":"en-US","@id":"https:\/\/latribunenews.com\/index.php\/2026\/08\/25\/certificat-de-police-des-dispositions-speciales-pour-les-candidats-aux-prochaines-elections\/#primaryimage","url":"https:\/\/latribunenews.com\/wp-content\/uploads\/2026\/08\/IMG_5407.jpeg","contentUrl":"https:\/\/latribunenews.com\/wp-content\/uploads\/2026\/08\/IMG_5407.jpeg","width":1280,"height":1280},{"@type":"BreadcrumbList","@id":"https:\/\/latribunenews.com\/index.php\/2026\/08\/25\/certificat-de-police-des-dispositions-speciales-pour-les-candidats-aux-prochaines-elections\/#breadcrumb","itemListElement":[{"@type":"ListItem","position":1,"name":"Home","item":"https:\/\/latribunenews.com\/"},{"@type":"ListItem","position":2,"name":"Certificat de police : des dispositions sp\u00e9ciales pour les candidats aux prochaines \u00e9lections"}]},{"@type":"WebSite","@id":"https:\/\/latribunenews.com\/#website","url":"https:\/\/latribunenews.com\/","name":"LA TRIBUNE NEWS","description":"L&#039;INFO","publisher":{"@id":"https:\/\/latribunenews.com\/#organization"},"potentialAction":[{"@type":"SearchAction","target":{"@type":"EntryPoint","urlTemplate":"https:\/\/latribunenews.com\/?s={search_term_string}"},"query-input":{"@type":"PropertyValueSpecification","valueRequired":true,"valueName":"search_term_string"}}],"inLanguage":"en-US"},{"@type":"Organization","@id":"https:\/\/latribunenews.com\/#organization","name":"LA TRIBUNE NEWS","url":"https:\/\/latribunenews.com\/","logo":{"@type":"ImageObject","inLanguage":"en-US","@id":"https:\/\/latribunenews.com\/#\/schema\/logo\/image\/","url":"https:\/\/latribunenews.com\/wp-content\/uploads\/2026\/08\/cropped-LOGO-LA-TRITUBE.png","contentUrl":"https:\/\/latribunenews.com\/wp-content\/uploads\/2026\/08\/cropped-LOGO-LA-TRITUBE.png","width":1254,"height":766,"caption":"LA TRIBUNE NEWS"},"image":{"@id":"https:\/\/latribunenews.com\/#\/schema\/logo\/image\/"}},{"@type":"Person","@id":"https:\/\/latribunenews.com\/#\/schema\/person\/72f79c064601728f0abdfe2bb5ed64cc","name":"lotymanasse7@gmail.com","image":{"@type":"ImageObject","inLanguage":"en-US","@id":"https:\/\/secure.gravatar.com\/avatar\/a0b45707c4c5e719a0e82a05650c433a085f54bd87a6cd5b76f430c870e857f0?s=96&d=mm&r=g","url":"https:\/\/secure.gravatar.com\/avatar\/a0b45707c4c5e719a0e82a05650c433a085f54bd87a6cd5b76f430c870e857f0?s=96&d=mm&r=g","contentUrl":"https:\/\/secure.gravatar.com\/avatar\/a0b45707c4c5e719a0e82a05650c433a085f54bd87a6cd5b76f430c870e857f0?s=96&d=mm&r=g","caption":"lotymanasse7@gmail.com"},"url":"https:\/\/latribunenews.com\/index.php\/author\/lotymanasse7gmail-com\/"}]}},"_links":{"self":[{"href":"https:\/\/latribunenews.com\/index.php\/wp-json\/wp\/v2\/posts\/1886","targetHints":{"allow":["GET"]}}],"collection":[{"href":"https:\/\/latribunenews.com\/index.php\/wp-json\/wp\/v2\/posts"}],"about":[{"href":"https:\/\/latribunenews.com\/index.php\/wp-json\/wp\/v2\/types\/post"}],"author":[{"embeddable":true,"href":"https:\/\/latribunenews.com\/index.php\/wp-json\/wp\/v2\/users\/4"}],"replies":[{"embeddable":true,"href":"https:\/\/latribunenews.com\/index.php\/wp-json\/wp\/v2\/comments?post=1886"}],"version-history":[{"count":1,"href":"https:\/\/latribunenews.com\/index.php\/wp-json\/wp\/v2\/posts\/1886\/revisions"}],"predecessor-version":[{"id":1888,"href":"https:\/\/latribunenews.com\/index.php\/wp-json\/wp\/v2\/posts\/1886\/revisions\/1888"}],"wp:featuredmedia":[{"embeddable":true,"href":"https:\/\/latribunenews.com\/index.php\/wp-json\/wp\/v2\/media\/1887"}],"wp:attachment":[{"href":"https:\/\/latribunenews.com\/index.php\/wp-json\/wp\/v2\/media?parent=1886"}],"wp:term":[{"taxonomy":"category","embeddable":true,"href":"https:\/\/latribunenews.com\/index.php\/wp-json\/wp\/v2\/categories?post=1886"},{"taxonomy":"post_tag","embeddable":true,"href":"https:\/\/latribunenews.com\/index.php\/wp-json\/wp\/v2\/tags?post=1886"}],"curies":[{"name":"wp","href":"https:\/\/api.w.org\/{rel}","templated":true}]}}