{"id":1883,"date":"2026-08-24T02:17:19","date_gmt":"2026-08-24T00:17:19","guid":{"rendered":"https:\/\/latribunenews.com\/?p=1883"},"modified":"2026-08-24T02:17:19","modified_gmt":"2026-08-24T00:17:19","slug":"claude-joseph-denonce-un-traitement-inequitable-du-parti-ede-par-le-cep","status":"publish","type":"post","link":"https:\/\/latribunenews.com\/index.php\/2026\/08\/24\/claude-joseph-denonce-un-traitement-inequitable-du-parti-ede-par-le-cep\/","title":{"rendered":"Claude Joseph d\u00e9nonce un traitement in\u00e9quitable du Parti EDE par le CEP"},"content":{"rendered":"<p class=\"p1\">L\u2019ancien Premier ministre Claude Joseph d\u00e9nonce ce qu\u2019il consid\u00e8re comme une in\u00e9galit\u00e9 de traitement de la part du Conseil \u00e9lectoral provisoire (CEP) dans la gestion du processus d\u2019enregistrement des membres des structures politiques engag\u00e9es dans le processus \u00e9lectoral.<\/p>\n<p class=\"p1\"><span class=\"s2\">Selon M. Joseph, certains partis politiques ont d\u00e9j\u00e0 obtenu l\u2019acc\u00e8s \u00e0 la plateforme en ligne destin\u00e9e \u00e0 l\u2019enregistrement de leurs membres, tandis que d\u2019autres, dont le parti Les Engag\u00e9s pour le D\u00e9veloppement (EDE), attendent toujours de pouvoir y acc\u00e9der. Une situation qui, selon lui, compromet le principe d\u2019\u00e9galit\u00e9 des chances entre les formations politiques.<\/span><\/p>\n<p class=\"p1\"><span class=\"s2\">Le Parti EDE affirme notamment ne pas parvenir \u00e0 acc\u00e9der \u00e0 la plateforme \u00e9lectorale afin d\u2019enregistrer ses quelque <\/span><span class=\"s1\">30 000 membres<\/span><span class=\"s2\">. Pour Claude Joseph, cette situation est d\u2019autant plus pr\u00e9occupante que le parti figure parmi les formations politiques les plus populaires et les plus actives sur le terrain en Ha\u00efti.<\/span><\/p>\n<p class=\"p1\"><span class=\"s2\">L\u2019ancien Premier ministre estime que le traitement r\u00e9serv\u00e9 \u00e0 EDE soul\u00e8ve de s\u00e9rieuses interrogations sur la capacit\u00e9 du CEP \u00e0 garantir un processus \u00e9lectoral \u00e9quitable, transparent et inclusif.<\/span><\/p>\n<p class=\"p1\"><span class=\"s2\">\u00ab Il est difficile de parler d\u2019\u00e9galit\u00e9 des chances lorsque certaines structures disposent d\u00e9j\u00e0 des moyens techniques pour enregistrer leurs membres alors que d\u2019autres en sont encore priv\u00e9es \u00bb, d\u00e9nonce en substance Claude Joseph, qui appelle le CEP \u00e0 r\u00e9tablir rapidement l\u2019\u00e9quit\u00e9 entre les diff\u00e9rents acteurs politiques.<\/span><\/p>\n<p class=\"p1\"><span class=\"s2\">Pour le dirigeant politique, les difficult\u00e9s rencontr\u00e9es par EDE pourraient \u00eatre le r\u00e9sultat d\u2019une mauvaise gestion du processus ou, plus gravement, d\u2019une volont\u00e9 de mettre des obstacles sur le chemin du parti. Il demande ainsi des explications claires et des mesures imm\u00e9diates afin que toutes les formations politiques disposent des m\u00eames conditions pour participer au processus \u00e9lectoral.<\/span><\/p>\n<p class=\"p1\"><span class=\"s2\">Cette controverse intervient alors que le CEP maintient un calendrier \u00e9lectoral que plusieurs acteurs politiques jugent difficilement r\u00e9alisable. Claude Joseph consid\u00e8re que cette situation renforce les inqui\u00e9tudes concernant la capacit\u00e9 de l\u2019institution \u00e9lectorale \u00e0 organiser, dans les d\u00e9lais annonc\u00e9s, des \u00e9lections v\u00e9ritablement inclusives, cr\u00e9dibles et transparentes.<\/span><\/p>\n<p class=\"p1\"><span class=\"s2\">\u00c0 travers cette d\u00e9nonciation, l\u2019ancien Premier ministre entend attirer l\u2019attention sur ce qu\u2019il pr\u00e9sente comme un risque s\u00e9rieux pour la cr\u00e9dibilit\u00e9 du processus \u00e9lectoral. Il r\u00e9clame du CEP qu\u2019il garantisse \u00e0 toutes les formations politiques, sans distinction, un acc\u00e8s \u00e9quitable aux outils et aux proc\u00e9dures n\u00e9cessaires \u00e0 leur participation.<\/span><\/p>\n<p class=\"p1\"><span class=\"s2\">Pour Claude Joseph, aucune formation ne devrait \u00eatre emp\u00each\u00e9e, directement ou indirectement, de participer aux m\u00eames conditions que les autres.<\/span><\/p>\n","protected":false},"excerpt":{"rendered":"<p>L\u2019ancien Premier ministre Claude Joseph d\u00e9nonce ce qu\u2019il consid\u00e8re comme une in\u00e9galit\u00e9 de traitement de la part du Conseil \u00e9lectoral provisoire (CEP) dans la gestion du processus d\u2019enregistrement des membres&hellip;<\/p>\n","protected":false},"author":2,"featured_media":1884,"comment_status":"closed","ping_status":"closed","sticky":false,"template":"","format":"standard","meta":{"footnotes":""},"categories":[1,29,30],"tags":[],"class_list":["post-1883","post","type-post","status-publish","format-standard","has-post-thumbnail","hentry","category-actu","category-actualites","category-politique"],"yoast_head":"<!-- This site is optimized with the Yoast SEO plugin v28.3 - https:\/\/yoast.com\/product\/yoast-seo-wordpress\/ -->\n<title>Claude Joseph d\u00e9nonce un traitement in\u00e9quitable du Parti EDE par le CEP - LA TRIBUNE NEWS<\/title>\n<meta name=\"description\" content=\"Claude Joseph d\u00e9nonce un traitement in\u00e9quitable du Parti EDE par le CEP\" \/>\n<meta name=\"robots\" content=\"index, follow, max-snippet:-1, max-image-preview:large, max-video-preview:-1\" \/>\n<link rel=\"canonical\" href=\"https:\/\/latribunenews.com\/index.php\/2026\/08\/24\/claude-joseph-denonce-un-traitement-inequitable-du-parti-ede-par-le-cep\/\" \/>\n<meta property=\"og:locale\" content=\"en_US\" \/>\n<meta property=\"og:type\" content=\"article\" \/>\n<meta property=\"og:title\" content=\"Claude Joseph d\u00e9nonce un traitement in\u00e9quitable du Parti EDE par le CEP - LA TRIBUNE NEWS\" \/>\n<meta property=\"og:description\" content=\"Claude Joseph d\u00e9nonce un traitement in\u00e9quitable du Parti EDE par le CEP\" \/>\n<meta property=\"og:url\" content=\"https:\/\/latribunenews.com\/index.php\/2026\/08\/24\/claude-joseph-denonce-un-traitement-inequitable-du-parti-ede-par-le-cep\/\" \/>\n<meta property=\"og:site_name\" content=\"LA TRIBUNE NEWS\" \/>\n<meta property=\"article:published_time\" content=\"2026-08-24T00:17:19+00:00\" \/>\n<meta property=\"og:image\" content=\"https:\/\/latribunenews.com\/wp-content\/uploads\/2026\/08\/IMG_5384.jpeg\" \/>\n\t<meta property=\"og:image:width\" content=\"1290\" \/>\n\t<meta property=\"og:image:height\" content=\"1046\" \/>\n\t<meta property=\"og:image:type\" content=\"image\/jpeg\" \/>\n<meta name=\"author\" content=\"DT\" \/>\n<meta name=\"twitter:card\" content=\"summary_large_image\" \/>\n<meta name=\"twitter:label1\" content=\"Written by\" \/>\n\t<meta name=\"twitter:data1\" content=\"DT\" \/>\n\t<meta name=\"twitter:label2\" content=\"Est. reading time\" \/>\n\t<meta name=\"twitter:data2\" content=\"2 minutes\" \/>\n<script type=\"application\/ld+json\" class=\"yoast-schema-graph\">{\"@context\":\"https:\\\/\\\/schema.org\",\"@graph\":[{\"@type\":\"Article\",\"@id\":\"https:\\\/\\\/latribunenews.com\\\/index.php\\\/2026\\\/08\\\/24\\\/claude-joseph-denonce-un-traitement-inequitable-du-parti-ede-par-le-cep\\\/#article\",\"isPartOf\":{\"@id\":\"https:\\\/\\\/latribunenews.com\\\/index.php\\\/2026\\\/08\\\/24\\\/claude-joseph-denonce-un-traitement-inequitable-du-parti-ede-par-le-cep\\\/\"},\"author\":{\"name\":\"DT\",\"@id\":\"https:\\\/\\\/latribunenews.com\\\/#\\\/schema\\\/person\\\/92da0f69229960b75a722568f71e196b\"},\"headline\":\"Claude Joseph d\u00e9nonce un traitement in\u00e9quitable du Parti EDE par le CEP\",\"datePublished\":\"2026-08-24T00:17:19+00:00\",\"mainEntityOfPage\":{\"@id\":\"https:\\\/\\\/latribunenews.com\\\/index.php\\\/2026\\\/08\\\/24\\\/claude-joseph-denonce-un-traitement-inequitable-du-parti-ede-par-le-cep\\\/\"},\"wordCount\":452,\"publisher\":{\"@id\":\"https:\\\/\\\/latribunenews.com\\\/#organization\"},\"image\":{\"@id\":\"https:\\\/\\\/latribunenews.com\\\/index.php\\\/2026\\\/08\\\/24\\\/claude-joseph-denonce-un-traitement-inequitable-du-parti-ede-par-le-cep\\\/#primaryimage\"},\"thumbnailUrl\":\"https:\\\/\\\/latribunenews.com\\\/wp-content\\\/uploads\\\/2026\\\/08\\\/IMG_5384.jpeg\",\"articleSection\":[\"Actu\",\"Actualit\u00e9s\",\"Politique\"],\"inLanguage\":\"en-US\"},{\"@type\":\"WebPage\",\"@id\":\"https:\\\/\\\/latribunenews.com\\\/index.php\\\/2026\\\/08\\\/24\\\/claude-joseph-denonce-un-traitement-inequitable-du-parti-ede-par-le-cep\\\/\",\"url\":\"https:\\\/\\\/latribunenews.com\\\/index.php\\\/2026\\\/08\\\/24\\\/claude-joseph-denonce-un-traitement-inequitable-du-parti-ede-par-le-cep\\\/\",\"name\":\"Claude Joseph d\u00e9nonce un traitement in\u00e9quitable du Parti EDE par le CEP - LA TRIBUNE NEWS\",\"isPartOf\":{\"@id\":\"https:\\\/\\\/latribunenews.com\\\/#website\"},\"primaryImageOfPage\":{\"@id\":\"https:\\\/\\\/latribunenews.com\\\/index.php\\\/2026\\\/08\\\/24\\\/claude-joseph-denonce-un-traitement-inequitable-du-parti-ede-par-le-cep\\\/#primaryimage\"},\"image\":{\"@id\":\"https:\\\/\\\/latribunenews.com\\\/index.php\\\/2026\\\/08\\\/24\\\/claude-joseph-denonce-un-traitement-inequitable-du-parti-ede-par-le-cep\\\/#primaryimage\"},\"thumbnailUrl\":\"https:\\\/\\\/latribunenews.com\\\/wp-content\\\/uploads\\\/2026\\\/08\\\/IMG_5384.jpeg\",\"datePublished\":\"2026-08-24T00:17:19+00:00\",\"description\":\"Claude Joseph d\u00e9nonce un traitement in\u00e9quitable du Parti EDE par le CEP\",\"breadcrumb\":{\"@id\":\"https:\\\/\\\/latribunenews.com\\\/index.php\\\/2026\\\/08\\\/24\\\/claude-joseph-denonce-un-traitement-inequitable-du-parti-ede-par-le-cep\\\/#breadcrumb\"},\"inLanguage\":\"en-US\",\"potentialAction\":[{\"@type\":\"ReadAction\",\"target\":[\"https:\\\/\\\/latribunenews.com\\\/index.php\\\/2026\\\/08\\\/24\\\/claude-joseph-denonce-un-traitement-inequitable-du-parti-ede-par-le-cep\\\/\"]}]},{\"@type\":\"ImageObject\",\"inLanguage\":\"en-US\",\"@id\":\"https:\\\/\\\/latribunenews.com\\\/index.php\\\/2026\\\/08\\\/24\\\/claude-joseph-denonce-un-traitement-inequitable-du-parti-ede-par-le-cep\\\/#primaryimage\",\"url\":\"https:\\\/\\\/latribunenews.com\\\/wp-content\\\/uploads\\\/2026\\\/08\\\/IMG_5384.jpeg\",\"contentUrl\":\"https:\\\/\\\/latribunenews.com\\\/wp-content\\\/uploads\\\/2026\\\/08\\\/IMG_5384.jpeg\",\"width\":1290,\"height\":1046,\"caption\":\"Screenshot\"},{\"@type\":\"BreadcrumbList\",\"@id\":\"https:\\\/\\\/latribunenews.com\\\/index.php\\\/2026\\\/08\\\/24\\\/claude-joseph-denonce-un-traitement-inequitable-du-parti-ede-par-le-cep\\\/#breadcrumb\",\"itemListElement\":[{\"@type\":\"ListItem\",\"position\":1,\"name\":\"Home\",\"item\":\"https:\\\/\\\/latribunenews.com\\\/\"},{\"@type\":\"ListItem\",\"position\":2,\"name\":\"Claude Joseph d\u00e9nonce un traitement in\u00e9quitable du Parti EDE par le CEP\"}]},{\"@type\":\"WebSite\",\"@id\":\"https:\\\/\\\/latribunenews.com\\\/#website\",\"url\":\"https:\\\/\\\/latribunenews.com\\\/\",\"name\":\"LA TRIBUNE NEWS\",\"description\":\"L&#039;INFO\",\"publisher\":{\"@id\":\"https:\\\/\\\/latribunenews.com\\\/#organization\"},\"potentialAction\":[{\"@type\":\"SearchAction\",\"target\":{\"@type\":\"EntryPoint\",\"urlTemplate\":\"https:\\\/\\\/latribunenews.com\\\/?s={search_term_string}\"},\"query-input\":{\"@type\":\"PropertyValueSpecification\",\"valueRequired\":true,\"valueName\":\"search_term_string\"}}],\"inLanguage\":\"en-US\"},{\"@type\":\"Organization\",\"@id\":\"https:\\\/\\\/latribunenews.com\\\/#organization\",\"name\":\"LA TRIBUNE NEWS\",\"url\":\"https:\\\/\\\/latribunenews.com\\\/\",\"logo\":{\"@type\":\"ImageObject\",\"inLanguage\":\"en-US\",\"@id\":\"https:\\\/\\\/latribunenews.com\\\/#\\\/schema\\\/logo\\\/image\\\/\",\"url\":\"https:\\\/\\\/latribunenews.com\\\/wp-content\\\/uploads\\\/2026\\\/08\\\/cropped-LOGO-LA-TRITUBE.png\",\"contentUrl\":\"https:\\\/\\\/latribunenews.com\\\/wp-content\\\/uploads\\\/2026\\\/08\\\/cropped-LOGO-LA-TRITUBE.png\",\"width\":1254,\"height\":766,\"caption\":\"LA TRIBUNE NEWS\"},\"image\":{\"@id\":\"https:\\\/\\\/latribunenews.com\\\/#\\\/schema\\\/logo\\\/image\\\/\"}},{\"@type\":\"Person\",\"@id\":\"https:\\\/\\\/latribunenews.com\\\/#\\\/schema\\\/person\\\/92da0f69229960b75a722568f71e196b\",\"name\":\"DT\",\"image\":{\"@type\":\"ImageObject\",\"inLanguage\":\"en-US\",\"@id\":\"https:\\\/\\\/secure.gravatar.com\\\/avatar\\\/564304bd5e2461c6598e4998264c8ebdbc06ec8740659b7ad2a983641db37a03?s=96&d=mm&r=g\",\"url\":\"https:\\\/\\\/secure.gravatar.com\\\/avatar\\\/564304bd5e2461c6598e4998264c8ebdbc06ec8740659b7ad2a983641db37a03?s=96&d=mm&r=g\",\"contentUrl\":\"https:\\\/\\\/secure.gravatar.com\\\/avatar\\\/564304bd5e2461c6598e4998264c8ebdbc06ec8740659b7ad2a983641db37a03?s=96&d=mm&r=g\",\"caption\":\"DT\"},\"url\":\"https:\\\/\\\/latribunenews.com\\\/index.php\\\/author\\\/thelusmond\\\/\"}]}<\/script>\n<!-- \/ Yoast SEO plugin. -->","yoast_head_json":{"title":"Claude Joseph d\u00e9nonce un traitement in\u00e9quitable du Parti EDE par le CEP - LA TRIBUNE NEWS","description":"Claude Joseph d\u00e9nonce un traitement in\u00e9quitable du Parti EDE par le CEP","robots":{"index":"index","follow":"follow","max-snippet":"max-snippet:-1","max-image-preview":"max-image-preview:large","max-video-preview":"max-video-preview:-1"},"canonical":"https:\/\/latribunenews.com\/index.php\/2026\/08\/24\/claude-joseph-denonce-un-traitement-inequitable-du-parti-ede-par-le-cep\/","og_locale":"en_US","og_type":"article","og_title":"Claude Joseph d\u00e9nonce un traitement in\u00e9quitable du Parti EDE par le CEP - LA TRIBUNE NEWS","og_description":"Claude Joseph d\u00e9nonce un traitement in\u00e9quitable du Parti EDE par le CEP","og_url":"https:\/\/latribunenews.com\/index.php\/2026\/08\/24\/claude-joseph-denonce-un-traitement-inequitable-du-parti-ede-par-le-cep\/","og_site_name":"LA TRIBUNE NEWS","article_published_time":"2026-08-24T00:17:19+00:00","og_image":[{"width":1290,"height":1046,"url":"https:\/\/latribunenews.com\/wp-content\/uploads\/2026\/08\/IMG_5384.jpeg","type":"image\/jpeg"}],"author":"DT","twitter_card":"summary_large_image","twitter_misc":{"Written by":"DT","Est. reading time":"2 minutes"},"schema":{"@context":"https:\/\/schema.org","@graph":[{"@type":"Article","@id":"https:\/\/latribunenews.com\/index.php\/2026\/08\/24\/claude-joseph-denonce-un-traitement-inequitable-du-parti-ede-par-le-cep\/#article","isPartOf":{"@id":"https:\/\/latribunenews.com\/index.php\/2026\/08\/24\/claude-joseph-denonce-un-traitement-inequitable-du-parti-ede-par-le-cep\/"},"author":{"name":"DT","@id":"https:\/\/latribunenews.com\/#\/schema\/person\/92da0f69229960b75a722568f71e196b"},"headline":"Claude Joseph d\u00e9nonce un traitement in\u00e9quitable du Parti EDE par le CEP","datePublished":"2026-08-24T00:17:19+00:00","mainEntityOfPage":{"@id":"https:\/\/latribunenews.com\/index.php\/2026\/08\/24\/claude-joseph-denonce-un-traitement-inequitable-du-parti-ede-par-le-cep\/"},"wordCount":452,"publisher":{"@id":"https:\/\/latribunenews.com\/#organization"},"image":{"@id":"https:\/\/latribunenews.com\/index.php\/2026\/08\/24\/claude-joseph-denonce-un-traitement-inequitable-du-parti-ede-par-le-cep\/#primaryimage"},"thumbnailUrl":"https:\/\/latribunenews.com\/wp-content\/uploads\/2026\/08\/IMG_5384.jpeg","articleSection":["Actu","Actualit\u00e9s","Politique"],"inLanguage":"en-US"},{"@type":"WebPage","@id":"https:\/\/latribunenews.com\/index.php\/2026\/08\/24\/claude-joseph-denonce-un-traitement-inequitable-du-parti-ede-par-le-cep\/","url":"https:\/\/latribunenews.com\/index.php\/2026\/08\/24\/claude-joseph-denonce-un-traitement-inequitable-du-parti-ede-par-le-cep\/","name":"Claude Joseph d\u00e9nonce un traitement in\u00e9quitable du Parti EDE par le CEP - LA TRIBUNE NEWS","isPartOf":{"@id":"https:\/\/latribunenews.com\/#website"},"primaryImageOfPage":{"@id":"https:\/\/latribunenews.com\/index.php\/2026\/08\/24\/claude-joseph-denonce-un-traitement-inequitable-du-parti-ede-par-le-cep\/#primaryimage"},"image":{"@id":"https:\/\/latribunenews.com\/index.php\/2026\/08\/24\/claude-joseph-denonce-un-traitement-inequitable-du-parti-ede-par-le-cep\/#primaryimage"},"thumbnailUrl":"https:\/\/latribunenews.com\/wp-content\/uploads\/2026\/08\/IMG_5384.jpeg","datePublished":"2026-08-24T00:17:19+00:00","description":"Claude Joseph d\u00e9nonce un traitement in\u00e9quitable du Parti EDE par le CEP","breadcrumb":{"@id":"https:\/\/latribunenews.com\/index.php\/2026\/08\/24\/claude-joseph-denonce-un-traitement-inequitable-du-parti-ede-par-le-cep\/#breadcrumb"},"inLanguage":"en-US","potentialAction":[{"@type":"ReadAction","target":["https:\/\/latribunenews.com\/index.php\/2026\/08\/24\/claude-joseph-denonce-un-traitement-inequitable-du-parti-ede-par-le-cep\/"]}]},{"@type":"ImageObject","inLanguage":"en-US","@id":"https:\/\/latribunenews.com\/index.php\/2026\/08\/24\/claude-joseph-denonce-un-traitement-inequitable-du-parti-ede-par-le-cep\/#primaryimage","url":"https:\/\/latribunenews.com\/wp-content\/uploads\/2026\/08\/IMG_5384.jpeg","contentUrl":"https:\/\/latribunenews.com\/wp-content\/uploads\/2026\/08\/IMG_5384.jpeg","width":1290,"height":1046,"caption":"Screenshot"},{"@type":"BreadcrumbList","@id":"https:\/\/latribunenews.com\/index.php\/2026\/08\/24\/claude-joseph-denonce-un-traitement-inequitable-du-parti-ede-par-le-cep\/#breadcrumb","itemListElement":[{"@type":"ListItem","position":1,"name":"Home","item":"https:\/\/latribunenews.com\/"},{"@type":"ListItem","position":2,"name":"Claude Joseph d\u00e9nonce un traitement in\u00e9quitable du Parti EDE par le CEP"}]},{"@type":"WebSite","@id":"https:\/\/latribunenews.com\/#website","url":"https:\/\/latribunenews.com\/","name":"LA TRIBUNE NEWS","description":"L&#039;INFO","publisher":{"@id":"https:\/\/latribunenews.com\/#organization"},"potentialAction":[{"@type":"SearchAction","target":{"@type":"EntryPoint","urlTemplate":"https:\/\/latribunenews.com\/?s={search_term_string}"},"query-input":{"@type":"PropertyValueSpecification","valueRequired":true,"valueName":"search_term_string"}}],"inLanguage":"en-US"},{"@type":"Organization","@id":"https:\/\/latribunenews.com\/#organization","name":"LA TRIBUNE NEWS","url":"https:\/\/latribunenews.com\/","logo":{"@type":"ImageObject","inLanguage":"en-US","@id":"https:\/\/latribunenews.com\/#\/schema\/logo\/image\/","url":"https:\/\/latribunenews.com\/wp-content\/uploads\/2026\/08\/cropped-LOGO-LA-TRITUBE.png","contentUrl":"https:\/\/latribunenews.com\/wp-content\/uploads\/2026\/08\/cropped-LOGO-LA-TRITUBE.png","width":1254,"height":766,"caption":"LA TRIBUNE NEWS"},"image":{"@id":"https:\/\/latribunenews.com\/#\/schema\/logo\/image\/"}},{"@type":"Person","@id":"https:\/\/latribunenews.com\/#\/schema\/person\/92da0f69229960b75a722568f71e196b","name":"DT","image":{"@type":"ImageObject","inLanguage":"en-US","@id":"https:\/\/secure.gravatar.com\/avatar\/564304bd5e2461c6598e4998264c8ebdbc06ec8740659b7ad2a983641db37a03?s=96&d=mm&r=g","url":"https:\/\/secure.gravatar.com\/avatar\/564304bd5e2461c6598e4998264c8ebdbc06ec8740659b7ad2a983641db37a03?s=96&d=mm&r=g","contentUrl":"https:\/\/secure.gravatar.com\/avatar\/564304bd5e2461c6598e4998264c8ebdbc06ec8740659b7ad2a983641db37a03?s=96&d=mm&r=g","caption":"DT"},"url":"https:\/\/latribunenews.com\/index.php\/author\/thelusmond\/"}]}},"_links":{"self":[{"href":"https:\/\/latribunenews.com\/index.php\/wp-json\/wp\/v2\/posts\/1883","targetHints":{"allow":["GET"]}}],"collection":[{"href":"https:\/\/latribunenews.com\/index.php\/wp-json\/wp\/v2\/posts"}],"about":[{"href":"https:\/\/latribunenews.com\/index.php\/wp-json\/wp\/v2\/types\/post"}],"author":[{"embeddable":true,"href":"https:\/\/latribunenews.com\/index.php\/wp-json\/wp\/v2\/users\/2"}],"replies":[{"embeddable":true,"href":"https:\/\/latribunenews.com\/index.php\/wp-json\/wp\/v2\/comments?post=1883"}],"version-history":[{"count":1,"href":"https:\/\/latribunenews.com\/index.php\/wp-json\/wp\/v2\/posts\/1883\/revisions"}],"predecessor-version":[{"id":1885,"href":"https:\/\/latribunenews.com\/index.php\/wp-json\/wp\/v2\/posts\/1883\/revisions\/1885"}],"wp:featuredmedia":[{"embeddable":true,"href":"https:\/\/latribunenews.com\/index.php\/wp-json\/wp\/v2\/media\/1884"}],"wp:attachment":[{"href":"https:\/\/latribunenews.com\/index.php\/wp-json\/wp\/v2\/media?parent=1883"}],"wp:term":[{"taxonomy":"category","embeddable":true,"href":"https:\/\/latribunenews.com\/index.php\/wp-json\/wp\/v2\/categories?post=1883"},{"taxonomy":"post_tag","embeddable":true,"href":"https:\/\/latribunenews.com\/index.php\/wp-json\/wp\/v2\/tags?post=1883"}],"curies":[{"name":"wp","href":"https:\/\/api.w.org\/{rel}","templated":true}]}}