{"id":1880,"date":"2026-08-22T12:13:14","date_gmt":"2026-08-22T10:13:14","guid":{"rendered":"https:\/\/latribunenews.com\/?p=1880"},"modified":"2026-08-22T12:13:14","modified_gmt":"2026-08-22T10:13:14","slug":"haiti-rend-hommage-a-lambassadeur-du-canada-andre-francois-giroux-a-lissue-de-sa-mission-diplomatique","status":"publish","type":"post","link":"https:\/\/latribunenews.com\/index.php\/2026\/08\/22\/haiti-rend-hommage-a-lambassadeur-du-canada-andre-francois-giroux-a-lissue-de-sa-mission-diplomatique\/","title":{"rendered":"Ha\u00efti rend hommage \u00e0 l\u2019ambassadeur du Canada Andr\u00e9 Fran\u00e7ois Giroux \u00e0 l\u2019issue de sa mission diplomatique"},"content":{"rendered":"<p>\u00c0 l\u2019occasion de la fin de mission diplomatique de l\u2019ambassadeur du Canada en Ha\u00efti, Son Excellence Andr\u00e9 Fran\u00e7ois Giroux, le Gouvernement ha\u00eftien a organis\u00e9, ce vendredi, au minist\u00e8re des Affaires \u00e9trang\u00e8res et des Cultes (MAEC), une c\u00e9r\u00e9monie solennelle destin\u00e9e \u00e0 marquer son d\u00e9part et \u00e0 c\u00e9l\u00e9brer l\u2019amiti\u00e9 qui unit Ha\u00efti et le Canada depuis plusieurs d\u00e9cennies.<\/p>\n<p>Au-del\u00e0 des interventions du Premier ministre, Son Excellence Monsieur Alix Didier FILS-AIM\u00c9, et de l\u2019ambassadeur Andr\u00e9 Fran\u00e7ois GIROUX, consacr\u00e9es \u00e0 la solidit\u00e9 et \u00e0 la profondeur des relations ha\u00eftiano-canadiennes dans plusieurs domaines strat\u00e9giques, cette c\u00e9r\u00e9monie a constitu\u00e9 un moment privil\u00e9gi\u00e9 pour saluer le travail accompli par le diplomate canadien au cours de sa mission en Ha\u00efti.<\/p>\n<p>En pr\u00e9sence de membres du Gouvernement, du Nonce apostolique ainsi que de repr\u00e9sentants du Corps diplomatique et consulaire, la Ministre des Affaires \u00e9trang\u00e8res et des Cultes, Son Excellence Raina FORBIN, a exprim\u00e9 la gratitude d\u2019Ha\u00efti pour l\u2019appui constant du Canada, notamment dans les domaines de la s\u00e9curit\u00e9, du renforcement de la cha\u00eene p\u00e9nale, du processus \u00e9lectoral et de la stabilit\u00e9 institutionnelle. La chanceli\u00e8re a \u00e9galement soulign\u00e9 la constance de l\u2019amiti\u00e9 entre les deux pays, r\u00e9affirmant l\u2019importance de poursuivre et de consolider ce partenariat au b\u00e9n\u00e9fice des deux peuples.<\/p>\n","protected":false},"excerpt":{"rendered":"<p>\u00c0 l\u2019occasion de la fin de mission diplomatique de l\u2019ambassadeur du Canada en Ha\u00efti, Son Excellence Andr\u00e9 Fran\u00e7ois Giroux, le Gouvernement ha\u00eftien a organis\u00e9, ce vendredi, au minist\u00e8re des Affaires&hellip;<\/p>\n","protected":false},"author":4,"featured_media":1881,"comment_status":"closed","ping_status":"closed","sticky":false,"template":"","format":"standard","meta":{"footnotes":""},"categories":[28],"tags":[],"class_list":["post-1880","post","type-post","status-publish","format-standard","has-post-thumbnail","hentry","category-diplomatie"],"yoast_head":"<!-- This site is optimized with the Yoast SEO plugin v28.3 - https:\/\/yoast.com\/product\/yoast-seo-wordpress\/ -->\n<title>Ha\u00efti rend hommage \u00e0 l\u2019ambassadeur du Canada Andr\u00e9 Fran\u00e7ois Giroux \u00e0 l\u2019issue de sa mission diplomatique - LA TRIBUNE NEWS<\/title>\n<meta name=\"description\" content=\"Ha\u00efti rend hommage \u00e0 l\u2019ambassadeur du Canada Andr\u00e9 Fran\u00e7ois Giroux \u00e0 l\u2019issue de sa mission diplomatique\" \/>\n<meta name=\"robots\" content=\"index, follow, max-snippet:-1, max-image-preview:large, max-video-preview:-1\" \/>\n<link rel=\"canonical\" href=\"https:\/\/latribunenews.com\/index.php\/2026\/08\/22\/haiti-rend-hommage-a-lambassadeur-du-canada-andre-francois-giroux-a-lissue-de-sa-mission-diplomatique\/\" \/>\n<meta property=\"og:locale\" content=\"en_US\" \/>\n<meta property=\"og:type\" content=\"article\" \/>\n<meta property=\"og:title\" content=\"Ha\u00efti rend hommage \u00e0 l\u2019ambassadeur du Canada Andr\u00e9 Fran\u00e7ois Giroux \u00e0 l\u2019issue de sa mission diplomatique - LA TRIBUNE NEWS\" \/>\n<meta property=\"og:description\" content=\"Ha\u00efti rend hommage \u00e0 l\u2019ambassadeur du Canada Andr\u00e9 Fran\u00e7ois Giroux \u00e0 l\u2019issue de sa mission diplomatique\" \/>\n<meta property=\"og:url\" content=\"https:\/\/latribunenews.com\/index.php\/2026\/08\/22\/haiti-rend-hommage-a-lambassadeur-du-canada-andre-francois-giroux-a-lissue-de-sa-mission-diplomatique\/\" \/>\n<meta property=\"og:site_name\" content=\"LA TRIBUNE NEWS\" \/>\n<meta property=\"article:published_time\" content=\"2026-08-22T10:13:14+00:00\" \/>\n<meta property=\"og:image\" content=\"https:\/\/latribunenews.com\/wp-content\/uploads\/2026\/08\/IMG_5364.jpeg\" \/>\n\t<meta property=\"og:image:width\" content=\"1290\" \/>\n\t<meta property=\"og:image:height\" content=\"871\" \/>\n\t<meta property=\"og:image:type\" content=\"image\/jpeg\" \/>\n<meta name=\"author\" content=\"lotymanasse7@gmail.com\" \/>\n<meta name=\"twitter:card\" content=\"summary_large_image\" \/>\n<meta name=\"twitter:label1\" content=\"Written by\" \/>\n\t<meta name=\"twitter:data1\" content=\"lotymanasse7@gmail.com\" \/>\n\t<meta name=\"twitter:label2\" content=\"Est. reading time\" \/>\n\t<meta name=\"twitter:data2\" content=\"2 minutes\" \/>\n<script type=\"application\/ld+json\" class=\"yoast-schema-graph\">{\"@context\":\"https:\\\/\\\/schema.org\",\"@graph\":[{\"@type\":\"Article\",\"@id\":\"https:\\\/\\\/latribunenews.com\\\/index.php\\\/2026\\\/08\\\/22\\\/haiti-rend-hommage-a-lambassadeur-du-canada-andre-francois-giroux-a-lissue-de-sa-mission-diplomatique\\\/#article\",\"isPartOf\":{\"@id\":\"https:\\\/\\\/latribunenews.com\\\/index.php\\\/2026\\\/08\\\/22\\\/haiti-rend-hommage-a-lambassadeur-du-canada-andre-francois-giroux-a-lissue-de-sa-mission-diplomatique\\\/\"},\"author\":{\"name\":\"lotymanasse7@gmail.com\",\"@id\":\"https:\\\/\\\/latribunenews.com\\\/#\\\/schema\\\/person\\\/72f79c064601728f0abdfe2bb5ed64cc\"},\"headline\":\"Ha\u00efti rend hommage \u00e0 l\u2019ambassadeur du Canada Andr\u00e9 Fran\u00e7ois Giroux \u00e0 l\u2019issue de sa mission diplomatique\",\"datePublished\":\"2026-08-22T10:13:14+00:00\",\"mainEntityOfPage\":{\"@id\":\"https:\\\/\\\/latribunenews.com\\\/index.php\\\/2026\\\/08\\\/22\\\/haiti-rend-hommage-a-lambassadeur-du-canada-andre-francois-giroux-a-lissue-de-sa-mission-diplomatique\\\/\"},\"wordCount\":253,\"publisher\":{\"@id\":\"https:\\\/\\\/latribunenews.com\\\/#organization\"},\"image\":{\"@id\":\"https:\\\/\\\/latribunenews.com\\\/index.php\\\/2026\\\/08\\\/22\\\/haiti-rend-hommage-a-lambassadeur-du-canada-andre-francois-giroux-a-lissue-de-sa-mission-diplomatique\\\/#primaryimage\"},\"thumbnailUrl\":\"https:\\\/\\\/latribunenews.com\\\/wp-content\\\/uploads\\\/2026\\\/08\\\/IMG_5364.jpeg\",\"articleSection\":[\"Diplomatie\"],\"inLanguage\":\"en-US\"},{\"@type\":\"WebPage\",\"@id\":\"https:\\\/\\\/latribunenews.com\\\/index.php\\\/2026\\\/08\\\/22\\\/haiti-rend-hommage-a-lambassadeur-du-canada-andre-francois-giroux-a-lissue-de-sa-mission-diplomatique\\\/\",\"url\":\"https:\\\/\\\/latribunenews.com\\\/index.php\\\/2026\\\/08\\\/22\\\/haiti-rend-hommage-a-lambassadeur-du-canada-andre-francois-giroux-a-lissue-de-sa-mission-diplomatique\\\/\",\"name\":\"Ha\u00efti rend hommage \u00e0 l\u2019ambassadeur du Canada Andr\u00e9 Fran\u00e7ois Giroux \u00e0 l\u2019issue de sa mission diplomatique - LA TRIBUNE NEWS\",\"isPartOf\":{\"@id\":\"https:\\\/\\\/latribunenews.com\\\/#website\"},\"primaryImageOfPage\":{\"@id\":\"https:\\\/\\\/latribunenews.com\\\/index.php\\\/2026\\\/08\\\/22\\\/haiti-rend-hommage-a-lambassadeur-du-canada-andre-francois-giroux-a-lissue-de-sa-mission-diplomatique\\\/#primaryimage\"},\"image\":{\"@id\":\"https:\\\/\\\/latribunenews.com\\\/index.php\\\/2026\\\/08\\\/22\\\/haiti-rend-hommage-a-lambassadeur-du-canada-andre-francois-giroux-a-lissue-de-sa-mission-diplomatique\\\/#primaryimage\"},\"thumbnailUrl\":\"https:\\\/\\\/latribunenews.com\\\/wp-content\\\/uploads\\\/2026\\\/08\\\/IMG_5364.jpeg\",\"datePublished\":\"2026-08-22T10:13:14+00:00\",\"description\":\"Ha\u00efti rend hommage \u00e0 l\u2019ambassadeur du Canada Andr\u00e9 Fran\u00e7ois Giroux \u00e0 l\u2019issue de sa mission diplomatique\",\"breadcrumb\":{\"@id\":\"https:\\\/\\\/latribunenews.com\\\/index.php\\\/2026\\\/08\\\/22\\\/haiti-rend-hommage-a-lambassadeur-du-canada-andre-francois-giroux-a-lissue-de-sa-mission-diplomatique\\\/#breadcrumb\"},\"inLanguage\":\"en-US\",\"potentialAction\":[{\"@type\":\"ReadAction\",\"target\":[\"https:\\\/\\\/latribunenews.com\\\/index.php\\\/2026\\\/08\\\/22\\\/haiti-rend-hommage-a-lambassadeur-du-canada-andre-francois-giroux-a-lissue-de-sa-mission-diplomatique\\\/\"]}]},{\"@type\":\"ImageObject\",\"inLanguage\":\"en-US\",\"@id\":\"https:\\\/\\\/latribunenews.com\\\/index.php\\\/2026\\\/08\\\/22\\\/haiti-rend-hommage-a-lambassadeur-du-canada-andre-francois-giroux-a-lissue-de-sa-mission-diplomatique\\\/#primaryimage\",\"url\":\"https:\\\/\\\/latribunenews.com\\\/wp-content\\\/uploads\\\/2026\\\/08\\\/IMG_5364.jpeg\",\"contentUrl\":\"https:\\\/\\\/latribunenews.com\\\/wp-content\\\/uploads\\\/2026\\\/08\\\/IMG_5364.jpeg\",\"width\":1290,\"height\":871,\"caption\":\"Screenshot\"},{\"@type\":\"BreadcrumbList\",\"@id\":\"https:\\\/\\\/latribunenews.com\\\/index.php\\\/2026\\\/08\\\/22\\\/haiti-rend-hommage-a-lambassadeur-du-canada-andre-francois-giroux-a-lissue-de-sa-mission-diplomatique\\\/#breadcrumb\",\"itemListElement\":[{\"@type\":\"ListItem\",\"position\":1,\"name\":\"Home\",\"item\":\"https:\\\/\\\/latribunenews.com\\\/\"},{\"@type\":\"ListItem\",\"position\":2,\"name\":\"Ha\u00efti rend hommage \u00e0 l\u2019ambassadeur du Canada Andr\u00e9 Fran\u00e7ois Giroux \u00e0 l\u2019issue de sa mission diplomatique\"}]},{\"@type\":\"WebSite\",\"@id\":\"https:\\\/\\\/latribunenews.com\\\/#website\",\"url\":\"https:\\\/\\\/latribunenews.com\\\/\",\"name\":\"LA TRIBUNE NEWS\",\"description\":\"L&#039;INFO\",\"publisher\":{\"@id\":\"https:\\\/\\\/latribunenews.com\\\/#organization\"},\"potentialAction\":[{\"@type\":\"SearchAction\",\"target\":{\"@type\":\"EntryPoint\",\"urlTemplate\":\"https:\\\/\\\/latribunenews.com\\\/?s={search_term_string}\"},\"query-input\":{\"@type\":\"PropertyValueSpecification\",\"valueRequired\":true,\"valueName\":\"search_term_string\"}}],\"inLanguage\":\"en-US\"},{\"@type\":\"Organization\",\"@id\":\"https:\\\/\\\/latribunenews.com\\\/#organization\",\"name\":\"LA TRIBUNE NEWS\",\"url\":\"https:\\\/\\\/latribunenews.com\\\/\",\"logo\":{\"@type\":\"ImageObject\",\"inLanguage\":\"en-US\",\"@id\":\"https:\\\/\\\/latribunenews.com\\\/#\\\/schema\\\/logo\\\/image\\\/\",\"url\":\"https:\\\/\\\/latribunenews.com\\\/wp-content\\\/uploads\\\/2026\\\/08\\\/cropped-LOGO-LA-TRITUBE.png\",\"contentUrl\":\"https:\\\/\\\/latribunenews.com\\\/wp-content\\\/uploads\\\/2026\\\/08\\\/cropped-LOGO-LA-TRITUBE.png\",\"width\":1254,\"height\":766,\"caption\":\"LA TRIBUNE NEWS\"},\"image\":{\"@id\":\"https:\\\/\\\/latribunenews.com\\\/#\\\/schema\\\/logo\\\/image\\\/\"}},{\"@type\":\"Person\",\"@id\":\"https:\\\/\\\/latribunenews.com\\\/#\\\/schema\\\/person\\\/72f79c064601728f0abdfe2bb5ed64cc\",\"name\":\"lotymanasse7@gmail.com\",\"image\":{\"@type\":\"ImageObject\",\"inLanguage\":\"en-US\",\"@id\":\"https:\\\/\\\/secure.gravatar.com\\\/avatar\\\/a0b45707c4c5e719a0e82a05650c433a085f54bd87a6cd5b76f430c870e857f0?s=96&d=mm&r=g\",\"url\":\"https:\\\/\\\/secure.gravatar.com\\\/avatar\\\/a0b45707c4c5e719a0e82a05650c433a085f54bd87a6cd5b76f430c870e857f0?s=96&d=mm&r=g\",\"contentUrl\":\"https:\\\/\\\/secure.gravatar.com\\\/avatar\\\/a0b45707c4c5e719a0e82a05650c433a085f54bd87a6cd5b76f430c870e857f0?s=96&d=mm&r=g\",\"caption\":\"lotymanasse7@gmail.com\"},\"url\":\"https:\\\/\\\/latribunenews.com\\\/index.php\\\/author\\\/lotymanasse7gmail-com\\\/\"}]}<\/script>\n<!-- \/ Yoast SEO plugin. -->","yoast_head_json":{"title":"Ha\u00efti rend hommage \u00e0 l\u2019ambassadeur du Canada Andr\u00e9 Fran\u00e7ois Giroux \u00e0 l\u2019issue de sa mission diplomatique - LA TRIBUNE NEWS","description":"Ha\u00efti rend hommage \u00e0 l\u2019ambassadeur du Canada Andr\u00e9 Fran\u00e7ois Giroux \u00e0 l\u2019issue de sa mission diplomatique","robots":{"index":"index","follow":"follow","max-snippet":"max-snippet:-1","max-image-preview":"max-image-preview:large","max-video-preview":"max-video-preview:-1"},"canonical":"https:\/\/latribunenews.com\/index.php\/2026\/08\/22\/haiti-rend-hommage-a-lambassadeur-du-canada-andre-francois-giroux-a-lissue-de-sa-mission-diplomatique\/","og_locale":"en_US","og_type":"article","og_title":"Ha\u00efti rend hommage \u00e0 l\u2019ambassadeur du Canada Andr\u00e9 Fran\u00e7ois Giroux \u00e0 l\u2019issue de sa mission diplomatique - LA TRIBUNE NEWS","og_description":"Ha\u00efti rend hommage \u00e0 l\u2019ambassadeur du Canada Andr\u00e9 Fran\u00e7ois Giroux \u00e0 l\u2019issue de sa mission diplomatique","og_url":"https:\/\/latribunenews.com\/index.php\/2026\/08\/22\/haiti-rend-hommage-a-lambassadeur-du-canada-andre-francois-giroux-a-lissue-de-sa-mission-diplomatique\/","og_site_name":"LA TRIBUNE NEWS","article_published_time":"2026-08-22T10:13:14+00:00","og_image":[{"width":1290,"height":871,"url":"https:\/\/latribunenews.com\/wp-content\/uploads\/2026\/08\/IMG_5364.jpeg","type":"image\/jpeg"}],"author":"lotymanasse7@gmail.com","twitter_card":"summary_large_image","twitter_misc":{"Written by":"lotymanasse7@gmail.com","Est. reading time":"2 minutes"},"schema":{"@context":"https:\/\/schema.org","@graph":[{"@type":"Article","@id":"https:\/\/latribunenews.com\/index.php\/2026\/08\/22\/haiti-rend-hommage-a-lambassadeur-du-canada-andre-francois-giroux-a-lissue-de-sa-mission-diplomatique\/#article","isPartOf":{"@id":"https:\/\/latribunenews.com\/index.php\/2026\/08\/22\/haiti-rend-hommage-a-lambassadeur-du-canada-andre-francois-giroux-a-lissue-de-sa-mission-diplomatique\/"},"author":{"name":"lotymanasse7@gmail.com","@id":"https:\/\/latribunenews.com\/#\/schema\/person\/72f79c064601728f0abdfe2bb5ed64cc"},"headline":"Ha\u00efti rend hommage \u00e0 l\u2019ambassadeur du Canada Andr\u00e9 Fran\u00e7ois Giroux \u00e0 l\u2019issue de sa mission diplomatique","datePublished":"2026-08-22T10:13:14+00:00","mainEntityOfPage":{"@id":"https:\/\/latribunenews.com\/index.php\/2026\/08\/22\/haiti-rend-hommage-a-lambassadeur-du-canada-andre-francois-giroux-a-lissue-de-sa-mission-diplomatique\/"},"wordCount":253,"publisher":{"@id":"https:\/\/latribunenews.com\/#organization"},"image":{"@id":"https:\/\/latribunenews.com\/index.php\/2026\/08\/22\/haiti-rend-hommage-a-lambassadeur-du-canada-andre-francois-giroux-a-lissue-de-sa-mission-diplomatique\/#primaryimage"},"thumbnailUrl":"https:\/\/latribunenews.com\/wp-content\/uploads\/2026\/08\/IMG_5364.jpeg","articleSection":["Diplomatie"],"inLanguage":"en-US"},{"@type":"WebPage","@id":"https:\/\/latribunenews.com\/index.php\/2026\/08\/22\/haiti-rend-hommage-a-lambassadeur-du-canada-andre-francois-giroux-a-lissue-de-sa-mission-diplomatique\/","url":"https:\/\/latribunenews.com\/index.php\/2026\/08\/22\/haiti-rend-hommage-a-lambassadeur-du-canada-andre-francois-giroux-a-lissue-de-sa-mission-diplomatique\/","name":"Ha\u00efti rend hommage \u00e0 l\u2019ambassadeur du Canada Andr\u00e9 Fran\u00e7ois Giroux \u00e0 l\u2019issue de sa mission diplomatique - LA TRIBUNE NEWS","isPartOf":{"@id":"https:\/\/latribunenews.com\/#website"},"primaryImageOfPage":{"@id":"https:\/\/latribunenews.com\/index.php\/2026\/08\/22\/haiti-rend-hommage-a-lambassadeur-du-canada-andre-francois-giroux-a-lissue-de-sa-mission-diplomatique\/#primaryimage"},"image":{"@id":"https:\/\/latribunenews.com\/index.php\/2026\/08\/22\/haiti-rend-hommage-a-lambassadeur-du-canada-andre-francois-giroux-a-lissue-de-sa-mission-diplomatique\/#primaryimage"},"thumbnailUrl":"https:\/\/latribunenews.com\/wp-content\/uploads\/2026\/08\/IMG_5364.jpeg","datePublished":"2026-08-22T10:13:14+00:00","description":"Ha\u00efti rend hommage \u00e0 l\u2019ambassadeur du Canada Andr\u00e9 Fran\u00e7ois Giroux \u00e0 l\u2019issue de sa mission diplomatique","breadcrumb":{"@id":"https:\/\/latribunenews.com\/index.php\/2026\/08\/22\/haiti-rend-hommage-a-lambassadeur-du-canada-andre-francois-giroux-a-lissue-de-sa-mission-diplomatique\/#breadcrumb"},"inLanguage":"en-US","potentialAction":[{"@type":"ReadAction","target":["https:\/\/latribunenews.com\/index.php\/2026\/08\/22\/haiti-rend-hommage-a-lambassadeur-du-canada-andre-francois-giroux-a-lissue-de-sa-mission-diplomatique\/"]}]},{"@type":"ImageObject","inLanguage":"en-US","@id":"https:\/\/latribunenews.com\/index.php\/2026\/08\/22\/haiti-rend-hommage-a-lambassadeur-du-canada-andre-francois-giroux-a-lissue-de-sa-mission-diplomatique\/#primaryimage","url":"https:\/\/latribunenews.com\/wp-content\/uploads\/2026\/08\/IMG_5364.jpeg","contentUrl":"https:\/\/latribunenews.com\/wp-content\/uploads\/2026\/08\/IMG_5364.jpeg","width":1290,"height":871,"caption":"Screenshot"},{"@type":"BreadcrumbList","@id":"https:\/\/latribunenews.com\/index.php\/2026\/08\/22\/haiti-rend-hommage-a-lambassadeur-du-canada-andre-francois-giroux-a-lissue-de-sa-mission-diplomatique\/#breadcrumb","itemListElement":[{"@type":"ListItem","position":1,"name":"Home","item":"https:\/\/latribunenews.com\/"},{"@type":"ListItem","position":2,"name":"Ha\u00efti rend hommage \u00e0 l\u2019ambassadeur du Canada Andr\u00e9 Fran\u00e7ois Giroux \u00e0 l\u2019issue de sa mission diplomatique"}]},{"@type":"WebSite","@id":"https:\/\/latribunenews.com\/#website","url":"https:\/\/latribunenews.com\/","name":"LA TRIBUNE NEWS","description":"L&#039;INFO","publisher":{"@id":"https:\/\/latribunenews.com\/#organization"},"potentialAction":[{"@type":"SearchAction","target":{"@type":"EntryPoint","urlTemplate":"https:\/\/latribunenews.com\/?s={search_term_string}"},"query-input":{"@type":"PropertyValueSpecification","valueRequired":true,"valueName":"search_term_string"}}],"inLanguage":"en-US"},{"@type":"Organization","@id":"https:\/\/latribunenews.com\/#organization","name":"LA TRIBUNE NEWS","url":"https:\/\/latribunenews.com\/","logo":{"@type":"ImageObject","inLanguage":"en-US","@id":"https:\/\/latribunenews.com\/#\/schema\/logo\/image\/","url":"https:\/\/latribunenews.com\/wp-content\/uploads\/2026\/08\/cropped-LOGO-LA-TRITUBE.png","contentUrl":"https:\/\/latribunenews.com\/wp-content\/uploads\/2026\/08\/cropped-LOGO-LA-TRITUBE.png","width":1254,"height":766,"caption":"LA TRIBUNE NEWS"},"image":{"@id":"https:\/\/latribunenews.com\/#\/schema\/logo\/image\/"}},{"@type":"Person","@id":"https:\/\/latribunenews.com\/#\/schema\/person\/72f79c064601728f0abdfe2bb5ed64cc","name":"lotymanasse7@gmail.com","image":{"@type":"ImageObject","inLanguage":"en-US","@id":"https:\/\/secure.gravatar.com\/avatar\/a0b45707c4c5e719a0e82a05650c433a085f54bd87a6cd5b76f430c870e857f0?s=96&d=mm&r=g","url":"https:\/\/secure.gravatar.com\/avatar\/a0b45707c4c5e719a0e82a05650c433a085f54bd87a6cd5b76f430c870e857f0?s=96&d=mm&r=g","contentUrl":"https:\/\/secure.gravatar.com\/avatar\/a0b45707c4c5e719a0e82a05650c433a085f54bd87a6cd5b76f430c870e857f0?s=96&d=mm&r=g","caption":"lotymanasse7@gmail.com"},"url":"https:\/\/latribunenews.com\/index.php\/author\/lotymanasse7gmail-com\/"}]}},"_links":{"self":[{"href":"https:\/\/latribunenews.com\/index.php\/wp-json\/wp\/v2\/posts\/1880","targetHints":{"allow":["GET"]}}],"collection":[{"href":"https:\/\/latribunenews.com\/index.php\/wp-json\/wp\/v2\/posts"}],"about":[{"href":"https:\/\/latribunenews.com\/index.php\/wp-json\/wp\/v2\/types\/post"}],"author":[{"embeddable":true,"href":"https:\/\/latribunenews.com\/index.php\/wp-json\/wp\/v2\/users\/4"}],"replies":[{"embeddable":true,"href":"https:\/\/latribunenews.com\/index.php\/wp-json\/wp\/v2\/comments?post=1880"}],"version-history":[{"count":1,"href":"https:\/\/latribunenews.com\/index.php\/wp-json\/wp\/v2\/posts\/1880\/revisions"}],"predecessor-version":[{"id":1882,"href":"https:\/\/latribunenews.com\/index.php\/wp-json\/wp\/v2\/posts\/1880\/revisions\/1882"}],"wp:featuredmedia":[{"embeddable":true,"href":"https:\/\/latribunenews.com\/index.php\/wp-json\/wp\/v2\/media\/1881"}],"wp:attachment":[{"href":"https:\/\/latribunenews.com\/index.php\/wp-json\/wp\/v2\/media?parent=1880"}],"wp:term":[{"taxonomy":"category","embeddable":true,"href":"https:\/\/latribunenews.com\/index.php\/wp-json\/wp\/v2\/categories?post=1880"},{"taxonomy":"post_tag","embeddable":true,"href":"https:\/\/latribunenews.com\/index.php\/wp-json\/wp\/v2\/tags?post=1880"}],"curies":[{"name":"wp","href":"https:\/\/api.w.org\/{rel}","templated":true}]}}