{"id":1877,"date":"2026-08-22T12:10:44","date_gmt":"2026-08-22T10:10:44","guid":{"rendered":"https:\/\/latribunenews.com\/?p=1877"},"modified":"2026-08-22T12:10:44","modified_gmt":"2026-08-22T10:10:44","slug":"signature-officielle-dun-protocole-daccord-cadre-de-partenariat-strategique-entre-le-ministere-de-la-defense-les-fadh-et-lueh","status":"publish","type":"post","link":"https:\/\/latribunenews.com\/index.php\/2026\/08\/22\/signature-officielle-dun-protocole-daccord-cadre-de-partenariat-strategique-entre-le-ministere-de-la-defense-les-fadh-et-lueh\/","title":{"rendered":"Signature officielle d&#8217;un protocole d&#8217;accord-cadre de partenariat strat\u00e9gique entre le minist\u00e8re de la D\u00e9fense, les FAd&#8217;H et l&#8217;UEH"},"content":{"rendered":"<p>Le minist\u00e8re de la D\u00e9fense, les Forces arm\u00e9es d\u2019Ha\u00efti et l\u2019Universit\u00e9 d\u2019\u00c9tat d\u2019Ha\u00efti ont sign\u00e9, ce 21 ao\u00fbt, un protocole d\u2019accord-cadre de partenariat strat\u00e9gique \u00e0 l\u2019occasion de l\u2019ouverture du Forum national sur la vision et l\u2019avenir des FAd\u2019H, auquel ont pris part plusieurs autorit\u00e9s, dont le Premier ministre Alix Didier Fils-Aim\u00e9.<\/p>\n<p>&#8221; Cette entente vise \u00e0 renforcer les capacit\u00e9s acad\u00e9miques, scientifiques et professionnelles des cadres des FAd&#8217;H et \u00e0 favoriser une collaboration durable entre l\u2019institution militaire et le monde universitaire &#8220;.<\/p>\n<p>Dans un contexte s\u00e9curitaire particuli\u00e8rement difficile, marqu\u00e9 par la persistance des menaces \u00e0 l\u2019ordre public et \u00e0 la s\u00e9curit\u00e9 des citoyens, le renforcement des capacit\u00e9s des forces nationales constitue un enjeu majeur. Le ministre de la D\u00e9fense, Mario Andr\u00e9sol , a soulign\u00e9 l\u2019importance d\u2019une formation militaire fond\u00e9e non seulement sur les comp\u00e9tences op\u00e9rationnelles, mais \u00e9galement sur l\u2019\u00e9thique, la d\u00e9ontologie et la connaissance, indispensables \u00e0 une arm\u00e9e moderne, professionnelle et attach\u00e9e \u00e0 sa mission de protection de la population.<\/p>\n<p>\u00c0 travers ce partenariat, le minist\u00e8re de la D\u00e9fense entend faire de la formation et de la connaissance des leviers essentiels de la reconstruction des FAd\u2019H, &#8221; tout en renfor\u00e7ant le rapprochement entre l&#8217;arm\u00e9e, l&#8217;universit\u00e9 et la soci\u00e9t\u00e9&#8221;.<\/p>\n","protected":false},"excerpt":{"rendered":"<p>Le minist\u00e8re de la D\u00e9fense, les Forces arm\u00e9es d\u2019Ha\u00efti et l\u2019Universit\u00e9 d\u2019\u00c9tat d\u2019Ha\u00efti ont sign\u00e9, ce 21 ao\u00fbt, un protocole d\u2019accord-cadre de partenariat strat\u00e9gique \u00e0 l\u2019occasion de l\u2019ouverture du Forum&hellip;<\/p>\n","protected":false},"author":4,"featured_media":1878,"comment_status":"closed","ping_status":"closed","sticky":false,"template":"","format":"standard","meta":{"footnotes":""},"categories":[1,29,38],"tags":[],"class_list":["post-1877","post","type-post","status-publish","format-standard","has-post-thumbnail","hentry","category-actu","category-actualites","category-securite"],"yoast_head":"<!-- This site is optimized with the Yoast SEO plugin v28.3 - https:\/\/yoast.com\/product\/yoast-seo-wordpress\/ -->\n<title>Signature officielle d&#039;un protocole d&#039;accord-cadre de partenariat strat\u00e9gique entre le minist\u00e8re de la D\u00e9fense, les FAd&#039;H et l&#039;UEH - LA TRIBUNE NEWS<\/title>\n<meta name=\"description\" content=\"Signature officielle d&#039;un protocole d&#039;accord-cadre de partenariat strat\u00e9gique entre le minist\u00e8re de la D\u00e9fense, les FAd&#039;H et l&#039;UEH\" \/>\n<meta name=\"robots\" content=\"index, follow, max-snippet:-1, max-image-preview:large, max-video-preview:-1\" \/>\n<link rel=\"canonical\" href=\"https:\/\/latribunenews.com\/index.php\/2026\/08\/22\/signature-officielle-dun-protocole-daccord-cadre-de-partenariat-strategique-entre-le-ministere-de-la-defense-les-fadh-et-lueh\/\" \/>\n<meta property=\"og:locale\" content=\"en_US\" \/>\n<meta property=\"og:type\" content=\"article\" \/>\n<meta property=\"og:title\" content=\"Signature officielle d&#039;un protocole d&#039;accord-cadre de partenariat strat\u00e9gique entre le minist\u00e8re de la D\u00e9fense, les FAd&#039;H et l&#039;UEH - LA TRIBUNE NEWS\" \/>\n<meta property=\"og:description\" content=\"Signature officielle d&#039;un protocole d&#039;accord-cadre de partenariat strat\u00e9gique entre le minist\u00e8re de la D\u00e9fense, les FAd&#039;H et l&#039;UEH\" \/>\n<meta property=\"og:url\" content=\"https:\/\/latribunenews.com\/index.php\/2026\/08\/22\/signature-officielle-dun-protocole-daccord-cadre-de-partenariat-strategique-entre-le-ministere-de-la-defense-les-fadh-et-lueh\/\" \/>\n<meta property=\"og:site_name\" content=\"LA TRIBUNE NEWS\" \/>\n<meta property=\"article:published_time\" content=\"2026-08-22T10:10:44+00:00\" \/>\n<meta property=\"og:image\" content=\"https:\/\/latribunenews.com\/wp-content\/uploads\/2026\/08\/IMG_5363.jpeg\" \/>\n\t<meta property=\"og:image:width\" content=\"1290\" \/>\n\t<meta property=\"og:image:height\" content=\"860\" \/>\n\t<meta property=\"og:image:type\" content=\"image\/jpeg\" \/>\n<meta name=\"author\" content=\"lotymanasse7@gmail.com\" \/>\n<meta name=\"twitter:card\" content=\"summary_large_image\" \/>\n<meta name=\"twitter:label1\" content=\"Written by\" \/>\n\t<meta name=\"twitter:data1\" content=\"lotymanasse7@gmail.com\" \/>\n\t<meta name=\"twitter:label2\" content=\"Est. reading time\" \/>\n\t<meta name=\"twitter:data2\" content=\"2 minutes\" \/>\n<script type=\"application\/ld+json\" class=\"yoast-schema-graph\">{\"@context\":\"https:\\\/\\\/schema.org\",\"@graph\":[{\"@type\":\"Article\",\"@id\":\"https:\\\/\\\/latribunenews.com\\\/index.php\\\/2026\\\/08\\\/22\\\/signature-officielle-dun-protocole-daccord-cadre-de-partenariat-strategique-entre-le-ministere-de-la-defense-les-fadh-et-lueh\\\/#article\",\"isPartOf\":{\"@id\":\"https:\\\/\\\/latribunenews.com\\\/index.php\\\/2026\\\/08\\\/22\\\/signature-officielle-dun-protocole-daccord-cadre-de-partenariat-strategique-entre-le-ministere-de-la-defense-les-fadh-et-lueh\\\/\"},\"author\":{\"name\":\"lotymanasse7@gmail.com\",\"@id\":\"https:\\\/\\\/latribunenews.com\\\/#\\\/schema\\\/person\\\/72f79c064601728f0abdfe2bb5ed64cc\"},\"headline\":\"Signature officielle d&#8217;un protocole d&#8217;accord-cadre de partenariat strat\u00e9gique entre le minist\u00e8re de la D\u00e9fense, les FAd&#8217;H et l&#8217;UEH\",\"datePublished\":\"2026-08-22T10:10:44+00:00\",\"mainEntityOfPage\":{\"@id\":\"https:\\\/\\\/latribunenews.com\\\/index.php\\\/2026\\\/08\\\/22\\\/signature-officielle-dun-protocole-daccord-cadre-de-partenariat-strategique-entre-le-ministere-de-la-defense-les-fadh-et-lueh\\\/\"},\"wordCount\":254,\"publisher\":{\"@id\":\"https:\\\/\\\/latribunenews.com\\\/#organization\"},\"image\":{\"@id\":\"https:\\\/\\\/latribunenews.com\\\/index.php\\\/2026\\\/08\\\/22\\\/signature-officielle-dun-protocole-daccord-cadre-de-partenariat-strategique-entre-le-ministere-de-la-defense-les-fadh-et-lueh\\\/#primaryimage\"},\"thumbnailUrl\":\"https:\\\/\\\/latribunenews.com\\\/wp-content\\\/uploads\\\/2026\\\/08\\\/IMG_5363.jpeg\",\"articleSection\":[\"Actu\",\"Actualit\u00e9s\",\"Securit\u00e9\"],\"inLanguage\":\"en-US\"},{\"@type\":\"WebPage\",\"@id\":\"https:\\\/\\\/latribunenews.com\\\/index.php\\\/2026\\\/08\\\/22\\\/signature-officielle-dun-protocole-daccord-cadre-de-partenariat-strategique-entre-le-ministere-de-la-defense-les-fadh-et-lueh\\\/\",\"url\":\"https:\\\/\\\/latribunenews.com\\\/index.php\\\/2026\\\/08\\\/22\\\/signature-officielle-dun-protocole-daccord-cadre-de-partenariat-strategique-entre-le-ministere-de-la-defense-les-fadh-et-lueh\\\/\",\"name\":\"Signature officielle d'un protocole d'accord-cadre de partenariat strat\u00e9gique entre le minist\u00e8re de la D\u00e9fense, les FAd'H et l'UEH - LA TRIBUNE NEWS\",\"isPartOf\":{\"@id\":\"https:\\\/\\\/latribunenews.com\\\/#website\"},\"primaryImageOfPage\":{\"@id\":\"https:\\\/\\\/latribunenews.com\\\/index.php\\\/2026\\\/08\\\/22\\\/signature-officielle-dun-protocole-daccord-cadre-de-partenariat-strategique-entre-le-ministere-de-la-defense-les-fadh-et-lueh\\\/#primaryimage\"},\"image\":{\"@id\":\"https:\\\/\\\/latribunenews.com\\\/index.php\\\/2026\\\/08\\\/22\\\/signature-officielle-dun-protocole-daccord-cadre-de-partenariat-strategique-entre-le-ministere-de-la-defense-les-fadh-et-lueh\\\/#primaryimage\"},\"thumbnailUrl\":\"https:\\\/\\\/latribunenews.com\\\/wp-content\\\/uploads\\\/2026\\\/08\\\/IMG_5363.jpeg\",\"datePublished\":\"2026-08-22T10:10:44+00:00\",\"description\":\"Signature officielle d'un protocole d'accord-cadre de partenariat strat\u00e9gique entre le minist\u00e8re de la D\u00e9fense, les FAd'H et l'UEH\",\"breadcrumb\":{\"@id\":\"https:\\\/\\\/latribunenews.com\\\/index.php\\\/2026\\\/08\\\/22\\\/signature-officielle-dun-protocole-daccord-cadre-de-partenariat-strategique-entre-le-ministere-de-la-defense-les-fadh-et-lueh\\\/#breadcrumb\"},\"inLanguage\":\"en-US\",\"potentialAction\":[{\"@type\":\"ReadAction\",\"target\":[\"https:\\\/\\\/latribunenews.com\\\/index.php\\\/2026\\\/08\\\/22\\\/signature-officielle-dun-protocole-daccord-cadre-de-partenariat-strategique-entre-le-ministere-de-la-defense-les-fadh-et-lueh\\\/\"]}]},{\"@type\":\"ImageObject\",\"inLanguage\":\"en-US\",\"@id\":\"https:\\\/\\\/latribunenews.com\\\/index.php\\\/2026\\\/08\\\/22\\\/signature-officielle-dun-protocole-daccord-cadre-de-partenariat-strategique-entre-le-ministere-de-la-defense-les-fadh-et-lueh\\\/#primaryimage\",\"url\":\"https:\\\/\\\/latribunenews.com\\\/wp-content\\\/uploads\\\/2026\\\/08\\\/IMG_5363.jpeg\",\"contentUrl\":\"https:\\\/\\\/latribunenews.com\\\/wp-content\\\/uploads\\\/2026\\\/08\\\/IMG_5363.jpeg\",\"width\":1290,\"height\":860,\"caption\":\"Screenshot\"},{\"@type\":\"BreadcrumbList\",\"@id\":\"https:\\\/\\\/latribunenews.com\\\/index.php\\\/2026\\\/08\\\/22\\\/signature-officielle-dun-protocole-daccord-cadre-de-partenariat-strategique-entre-le-ministere-de-la-defense-les-fadh-et-lueh\\\/#breadcrumb\",\"itemListElement\":[{\"@type\":\"ListItem\",\"position\":1,\"name\":\"Home\",\"item\":\"https:\\\/\\\/latribunenews.com\\\/\"},{\"@type\":\"ListItem\",\"position\":2,\"name\":\"Signature officielle d&#8217;un protocole d&#8217;accord-cadre de partenariat strat\u00e9gique entre le minist\u00e8re de la D\u00e9fense, les FAd&#8217;H et l&#8217;UEH\"}]},{\"@type\":\"WebSite\",\"@id\":\"https:\\\/\\\/latribunenews.com\\\/#website\",\"url\":\"https:\\\/\\\/latribunenews.com\\\/\",\"name\":\"LA TRIBUNE NEWS\",\"description\":\"L&#039;INFO\",\"publisher\":{\"@id\":\"https:\\\/\\\/latribunenews.com\\\/#organization\"},\"potentialAction\":[{\"@type\":\"SearchAction\",\"target\":{\"@type\":\"EntryPoint\",\"urlTemplate\":\"https:\\\/\\\/latribunenews.com\\\/?s={search_term_string}\"},\"query-input\":{\"@type\":\"PropertyValueSpecification\",\"valueRequired\":true,\"valueName\":\"search_term_string\"}}],\"inLanguage\":\"en-US\"},{\"@type\":\"Organization\",\"@id\":\"https:\\\/\\\/latribunenews.com\\\/#organization\",\"name\":\"LA TRIBUNE NEWS\",\"url\":\"https:\\\/\\\/latribunenews.com\\\/\",\"logo\":{\"@type\":\"ImageObject\",\"inLanguage\":\"en-US\",\"@id\":\"https:\\\/\\\/latribunenews.com\\\/#\\\/schema\\\/logo\\\/image\\\/\",\"url\":\"https:\\\/\\\/latribunenews.com\\\/wp-content\\\/uploads\\\/2026\\\/08\\\/cropped-LOGO-LA-TRITUBE.png\",\"contentUrl\":\"https:\\\/\\\/latribunenews.com\\\/wp-content\\\/uploads\\\/2026\\\/08\\\/cropped-LOGO-LA-TRITUBE.png\",\"width\":1254,\"height\":766,\"caption\":\"LA TRIBUNE NEWS\"},\"image\":{\"@id\":\"https:\\\/\\\/latribunenews.com\\\/#\\\/schema\\\/logo\\\/image\\\/\"}},{\"@type\":\"Person\",\"@id\":\"https:\\\/\\\/latribunenews.com\\\/#\\\/schema\\\/person\\\/72f79c064601728f0abdfe2bb5ed64cc\",\"name\":\"lotymanasse7@gmail.com\",\"image\":{\"@type\":\"ImageObject\",\"inLanguage\":\"en-US\",\"@id\":\"https:\\\/\\\/secure.gravatar.com\\\/avatar\\\/a0b45707c4c5e719a0e82a05650c433a085f54bd87a6cd5b76f430c870e857f0?s=96&d=mm&r=g\",\"url\":\"https:\\\/\\\/secure.gravatar.com\\\/avatar\\\/a0b45707c4c5e719a0e82a05650c433a085f54bd87a6cd5b76f430c870e857f0?s=96&d=mm&r=g\",\"contentUrl\":\"https:\\\/\\\/secure.gravatar.com\\\/avatar\\\/a0b45707c4c5e719a0e82a05650c433a085f54bd87a6cd5b76f430c870e857f0?s=96&d=mm&r=g\",\"caption\":\"lotymanasse7@gmail.com\"},\"url\":\"https:\\\/\\\/latribunenews.com\\\/index.php\\\/author\\\/lotymanasse7gmail-com\\\/\"}]}<\/script>\n<!-- \/ Yoast SEO plugin. -->","yoast_head_json":{"title":"Signature officielle d'un protocole d'accord-cadre de partenariat strat\u00e9gique entre le minist\u00e8re de la D\u00e9fense, les FAd'H et l'UEH - LA TRIBUNE NEWS","description":"Signature officielle d'un protocole d'accord-cadre de partenariat strat\u00e9gique entre le minist\u00e8re de la D\u00e9fense, les FAd'H et l'UEH","robots":{"index":"index","follow":"follow","max-snippet":"max-snippet:-1","max-image-preview":"max-image-preview:large","max-video-preview":"max-video-preview:-1"},"canonical":"https:\/\/latribunenews.com\/index.php\/2026\/08\/22\/signature-officielle-dun-protocole-daccord-cadre-de-partenariat-strategique-entre-le-ministere-de-la-defense-les-fadh-et-lueh\/","og_locale":"en_US","og_type":"article","og_title":"Signature officielle d'un protocole d'accord-cadre de partenariat strat\u00e9gique entre le minist\u00e8re de la D\u00e9fense, les FAd'H et l'UEH - LA TRIBUNE NEWS","og_description":"Signature officielle d'un protocole d'accord-cadre de partenariat strat\u00e9gique entre le minist\u00e8re de la D\u00e9fense, les FAd'H et l'UEH","og_url":"https:\/\/latribunenews.com\/index.php\/2026\/08\/22\/signature-officielle-dun-protocole-daccord-cadre-de-partenariat-strategique-entre-le-ministere-de-la-defense-les-fadh-et-lueh\/","og_site_name":"LA TRIBUNE NEWS","article_published_time":"2026-08-22T10:10:44+00:00","og_image":[{"width":1290,"height":860,"url":"https:\/\/latribunenews.com\/wp-content\/uploads\/2026\/08\/IMG_5363.jpeg","type":"image\/jpeg"}],"author":"lotymanasse7@gmail.com","twitter_card":"summary_large_image","twitter_misc":{"Written by":"lotymanasse7@gmail.com","Est. reading time":"2 minutes"},"schema":{"@context":"https:\/\/schema.org","@graph":[{"@type":"Article","@id":"https:\/\/latribunenews.com\/index.php\/2026\/08\/22\/signature-officielle-dun-protocole-daccord-cadre-de-partenariat-strategique-entre-le-ministere-de-la-defense-les-fadh-et-lueh\/#article","isPartOf":{"@id":"https:\/\/latribunenews.com\/index.php\/2026\/08\/22\/signature-officielle-dun-protocole-daccord-cadre-de-partenariat-strategique-entre-le-ministere-de-la-defense-les-fadh-et-lueh\/"},"author":{"name":"lotymanasse7@gmail.com","@id":"https:\/\/latribunenews.com\/#\/schema\/person\/72f79c064601728f0abdfe2bb5ed64cc"},"headline":"Signature officielle d&#8217;un protocole d&#8217;accord-cadre de partenariat strat\u00e9gique entre le minist\u00e8re de la D\u00e9fense, les FAd&#8217;H et l&#8217;UEH","datePublished":"2026-08-22T10:10:44+00:00","mainEntityOfPage":{"@id":"https:\/\/latribunenews.com\/index.php\/2026\/08\/22\/signature-officielle-dun-protocole-daccord-cadre-de-partenariat-strategique-entre-le-ministere-de-la-defense-les-fadh-et-lueh\/"},"wordCount":254,"publisher":{"@id":"https:\/\/latribunenews.com\/#organization"},"image":{"@id":"https:\/\/latribunenews.com\/index.php\/2026\/08\/22\/signature-officielle-dun-protocole-daccord-cadre-de-partenariat-strategique-entre-le-ministere-de-la-defense-les-fadh-et-lueh\/#primaryimage"},"thumbnailUrl":"https:\/\/latribunenews.com\/wp-content\/uploads\/2026\/08\/IMG_5363.jpeg","articleSection":["Actu","Actualit\u00e9s","Securit\u00e9"],"inLanguage":"en-US"},{"@type":"WebPage","@id":"https:\/\/latribunenews.com\/index.php\/2026\/08\/22\/signature-officielle-dun-protocole-daccord-cadre-de-partenariat-strategique-entre-le-ministere-de-la-defense-les-fadh-et-lueh\/","url":"https:\/\/latribunenews.com\/index.php\/2026\/08\/22\/signature-officielle-dun-protocole-daccord-cadre-de-partenariat-strategique-entre-le-ministere-de-la-defense-les-fadh-et-lueh\/","name":"Signature officielle d'un protocole d'accord-cadre de partenariat strat\u00e9gique entre le minist\u00e8re de la D\u00e9fense, les FAd'H et l'UEH - LA TRIBUNE NEWS","isPartOf":{"@id":"https:\/\/latribunenews.com\/#website"},"primaryImageOfPage":{"@id":"https:\/\/latribunenews.com\/index.php\/2026\/08\/22\/signature-officielle-dun-protocole-daccord-cadre-de-partenariat-strategique-entre-le-ministere-de-la-defense-les-fadh-et-lueh\/#primaryimage"},"image":{"@id":"https:\/\/latribunenews.com\/index.php\/2026\/08\/22\/signature-officielle-dun-protocole-daccord-cadre-de-partenariat-strategique-entre-le-ministere-de-la-defense-les-fadh-et-lueh\/#primaryimage"},"thumbnailUrl":"https:\/\/latribunenews.com\/wp-content\/uploads\/2026\/08\/IMG_5363.jpeg","datePublished":"2026-08-22T10:10:44+00:00","description":"Signature officielle d'un protocole d'accord-cadre de partenariat strat\u00e9gique entre le minist\u00e8re de la D\u00e9fense, les FAd'H et l'UEH","breadcrumb":{"@id":"https:\/\/latribunenews.com\/index.php\/2026\/08\/22\/signature-officielle-dun-protocole-daccord-cadre-de-partenariat-strategique-entre-le-ministere-de-la-defense-les-fadh-et-lueh\/#breadcrumb"},"inLanguage":"en-US","potentialAction":[{"@type":"ReadAction","target":["https:\/\/latribunenews.com\/index.php\/2026\/08\/22\/signature-officielle-dun-protocole-daccord-cadre-de-partenariat-strategique-entre-le-ministere-de-la-defense-les-fadh-et-lueh\/"]}]},{"@type":"ImageObject","inLanguage":"en-US","@id":"https:\/\/latribunenews.com\/index.php\/2026\/08\/22\/signature-officielle-dun-protocole-daccord-cadre-de-partenariat-strategique-entre-le-ministere-de-la-defense-les-fadh-et-lueh\/#primaryimage","url":"https:\/\/latribunenews.com\/wp-content\/uploads\/2026\/08\/IMG_5363.jpeg","contentUrl":"https:\/\/latribunenews.com\/wp-content\/uploads\/2026\/08\/IMG_5363.jpeg","width":1290,"height":860,"caption":"Screenshot"},{"@type":"BreadcrumbList","@id":"https:\/\/latribunenews.com\/index.php\/2026\/08\/22\/signature-officielle-dun-protocole-daccord-cadre-de-partenariat-strategique-entre-le-ministere-de-la-defense-les-fadh-et-lueh\/#breadcrumb","itemListElement":[{"@type":"ListItem","position":1,"name":"Home","item":"https:\/\/latribunenews.com\/"},{"@type":"ListItem","position":2,"name":"Signature officielle d&#8217;un protocole d&#8217;accord-cadre de partenariat strat\u00e9gique entre le minist\u00e8re de la D\u00e9fense, les FAd&#8217;H et l&#8217;UEH"}]},{"@type":"WebSite","@id":"https:\/\/latribunenews.com\/#website","url":"https:\/\/latribunenews.com\/","name":"LA TRIBUNE NEWS","description":"L&#039;INFO","publisher":{"@id":"https:\/\/latribunenews.com\/#organization"},"potentialAction":[{"@type":"SearchAction","target":{"@type":"EntryPoint","urlTemplate":"https:\/\/latribunenews.com\/?s={search_term_string}"},"query-input":{"@type":"PropertyValueSpecification","valueRequired":true,"valueName":"search_term_string"}}],"inLanguage":"en-US"},{"@type":"Organization","@id":"https:\/\/latribunenews.com\/#organization","name":"LA TRIBUNE NEWS","url":"https:\/\/latribunenews.com\/","logo":{"@type":"ImageObject","inLanguage":"en-US","@id":"https:\/\/latribunenews.com\/#\/schema\/logo\/image\/","url":"https:\/\/latribunenews.com\/wp-content\/uploads\/2026\/08\/cropped-LOGO-LA-TRITUBE.png","contentUrl":"https:\/\/latribunenews.com\/wp-content\/uploads\/2026\/08\/cropped-LOGO-LA-TRITUBE.png","width":1254,"height":766,"caption":"LA TRIBUNE NEWS"},"image":{"@id":"https:\/\/latribunenews.com\/#\/schema\/logo\/image\/"}},{"@type":"Person","@id":"https:\/\/latribunenews.com\/#\/schema\/person\/72f79c064601728f0abdfe2bb5ed64cc","name":"lotymanasse7@gmail.com","image":{"@type":"ImageObject","inLanguage":"en-US","@id":"https:\/\/secure.gravatar.com\/avatar\/a0b45707c4c5e719a0e82a05650c433a085f54bd87a6cd5b76f430c870e857f0?s=96&d=mm&r=g","url":"https:\/\/secure.gravatar.com\/avatar\/a0b45707c4c5e719a0e82a05650c433a085f54bd87a6cd5b76f430c870e857f0?s=96&d=mm&r=g","contentUrl":"https:\/\/secure.gravatar.com\/avatar\/a0b45707c4c5e719a0e82a05650c433a085f54bd87a6cd5b76f430c870e857f0?s=96&d=mm&r=g","caption":"lotymanasse7@gmail.com"},"url":"https:\/\/latribunenews.com\/index.php\/author\/lotymanasse7gmail-com\/"}]}},"_links":{"self":[{"href":"https:\/\/latribunenews.com\/index.php\/wp-json\/wp\/v2\/posts\/1877","targetHints":{"allow":["GET"]}}],"collection":[{"href":"https:\/\/latribunenews.com\/index.php\/wp-json\/wp\/v2\/posts"}],"about":[{"href":"https:\/\/latribunenews.com\/index.php\/wp-json\/wp\/v2\/types\/post"}],"author":[{"embeddable":true,"href":"https:\/\/latribunenews.com\/index.php\/wp-json\/wp\/v2\/users\/4"}],"replies":[{"embeddable":true,"href":"https:\/\/latribunenews.com\/index.php\/wp-json\/wp\/v2\/comments?post=1877"}],"version-history":[{"count":1,"href":"https:\/\/latribunenews.com\/index.php\/wp-json\/wp\/v2\/posts\/1877\/revisions"}],"predecessor-version":[{"id":1879,"href":"https:\/\/latribunenews.com\/index.php\/wp-json\/wp\/v2\/posts\/1877\/revisions\/1879"}],"wp:featuredmedia":[{"embeddable":true,"href":"https:\/\/latribunenews.com\/index.php\/wp-json\/wp\/v2\/media\/1878"}],"wp:attachment":[{"href":"https:\/\/latribunenews.com\/index.php\/wp-json\/wp\/v2\/media?parent=1877"}],"wp:term":[{"taxonomy":"category","embeddable":true,"href":"https:\/\/latribunenews.com\/index.php\/wp-json\/wp\/v2\/categories?post=1877"},{"taxonomy":"post_tag","embeddable":true,"href":"https:\/\/latribunenews.com\/index.php\/wp-json\/wp\/v2\/tags?post=1877"}],"curies":[{"name":"wp","href":"https:\/\/api.w.org\/{rel}","templated":true}]}}