{"id":1870,"date":"2026-08-19T19:47:04","date_gmt":"2026-08-19T17:47:04","guid":{"rendered":"https:\/\/latribunenews.com\/?p=1870"},"modified":"2026-08-19T19:47:04","modified_gmt":"2026-08-19T17:47:04","slug":"courrier-diplomatique-du-maec-une-diplomatie-haitienne-offensive-au-service-des-priorites-nationales","status":"publish","type":"post","link":"https:\/\/latribunenews.com\/index.php\/2026\/08\/19\/courrier-diplomatique-du-maec-une-diplomatie-haitienne-offensive-au-service-des-priorites-nationales\/","title":{"rendered":"Courrier diplomatique du MAEC : une diplomatie ha\u00eftienne offensive au service des priorit\u00e9s nationales"},"content":{"rendered":"<p>Le Courrier diplomatique, volume 3, no 5, met en lumi\u00e8re les principales initiatives diplomatiques du Gouvernement, sous l\u2019impulsion de Son Excellence Monsieur Alix Didier FILS-AIM\u00c9, Premier ministre, et sous le pilotage de Son Excellence Madame Raina FORBIN, Ministre des Affaires \u00e9trang\u00e8res et des Cultes (@MAE_Haiti ).<\/p>\n<p>Le 4 juin 2026, la Ministre FORBIN a marqu\u00e9 sa pr\u00e9sence \u00e0 la 32e \u00e9dition de Livres en Folie, affirmant l\u2019importance de la culture et du livre dans la promotion de l\u2019identit\u00e9 et du rayonnement d\u2019Ha\u00efti. Le 5 juin, elle a accompagn\u00e9 le renforcement du partenariat avec le Mexique, notamment \u00e0 travers le soutien accord\u00e9 \u00e0 l\u2019Acad\u00e9mie diplomatique Jean-Price Mars. Puis, le 11 juin \u00e0 Boston, la Chanceli\u00e8re a pris part \u00e0 une r\u00e9ception ha\u00eftiano-britannique destin\u00e9e \u00e0 valoriser les liens entre les peuples ha\u00eftien et \u00e9cossais, tout en d\u00e9fendant une conception de la diplomatie sportive et culturelle comme outil de rapprochement et de promotion de l\u2019image du pays.<\/p>\n<p>Par ailleurs, le 16 juin 2026, Mme FORBIN a accompagn\u00e9 le Premier ministre Alix Didier Fils-Aim\u00e9, lors de l\u2019accueil du Secr\u00e9taire g\u00e9n\u00e9ral des Nations unies, M. Ant\u00f3nio Guterres, en Ha\u00efti, dans le cadre d\u2019une visite plac\u00e9e sous le signe du soutien international aux efforts de stabilisation du pays.<\/p>\n<p>Toujours le 16 juin, lors de sa rencontre avec le Repr\u00e9sentant sp\u00e9cial de l\u2019Organisation des \u00c9tats am\u00e9ricains (OEA), M. Alberto Fohrig, la Ministre a plaid\u00e9 pour la mise en \u0153uvre de la feuille de route destin\u00e9e \u00e0 accompagner la stabilisation d\u2019Ha\u00efti. \u00c0 Panama City, du 21 au 24 juin, dans le cadre de la 31e R\u00e9union ordinaire du Conseil des Ministres de l&#8217;AEC et \u00e0 la 56e Session ordinaire de l&#8217;Assembl\u00e9e g\u00e9n\u00e9rale de l&#8217;OEA, la Cheffe de la diplomatie ha\u00eftienne a conduit la d\u00e9l\u00e9gation ha\u00eftienne aux travaux de l\u2019AEC et de l\u2019OEA, multipliant les consultations bilat\u00e9rales autour des priorit\u00e9s nationales : s\u00e9curit\u00e9, renforcement institutionnel, \u00e9lections, relance \u00e9conomique et coop\u00e9ration internationale. Cette dynamique diplomatique a notamment contribu\u00e9 \u00e0 l\u2019\u00e9lection d\u2019Ha\u00efti \u00e0 la pr\u00e9sidence du Comit\u00e9 sp\u00e9cial de l\u2019Association des \u00c9tats de la Cara\u00efbe (AEC) sur la coop\u00e9ration et la mobilisation des ressources pour 2026-2027, marquant un regain de confiance envers la diplomatie ha\u00eftienne.<\/p>\n<p>Dans le prolongement de cette offensive diplomatique, la Ministre a port\u00e9 les priorit\u00e9s ha\u00eftiennes aupr\u00e8s de plusieurs partenaires. Mme Raina FORBIN a soutenu l\u2019initiative UE-OEA visant \u00e0 renforcer les capacit\u00e9s op\u00e9rationnelles de la PNH et a insist\u00e9 sur la n\u00e9cessit\u00e9 d\u2019une r\u00e9ponse s\u00e9curitaire associant \u00e9galement d\u00e9veloppement \u00e9conomique, emploi, inclusion sociale et \u00e9ducation. Elle a ensuite renforc\u00e9 le dialogue avec le Panama, l\u2019OEA et le Canada, notamment autour de la s\u00e9curit\u00e9, de la Force de r\u00e9pression des gangs et du retour \u00e0 l\u2019ordre d\u00e9mocratique. Sa participation, le 23 juin 2026, \u00e0 la r\u00e9union CARICOM-Canada a \u00e9galement permis de consolider les engagements r\u00e9gionaux en faveur d\u2019Ha\u00efti.<\/p>\n<p>La m\u00eame dynamique s\u2019est poursuivie avec la R\u00e9publique dominicaine, l\u2019Italie, le Guatemala et la Jama\u00efque. Dans ces \u00e9changes, la Ministre a d\u00e9fendu les int\u00e9r\u00eats d\u2019Ha\u00efti tout en recherchant de nouveaux espaces de coop\u00e9ration dans les domaines de la s\u00e9curit\u00e9, de la formation, de l\u2019\u00e9conomie, de la d\u00e9fense, de la mobilit\u00e9 et de l\u2019int\u00e9gration r\u00e9gionale.<\/p>\n<p>Dans la poursuite de cette action diplomatique avec les Nations Unies et le Chili, la Ministre FORBIN a r\u00e9affirm\u00e9 les priorit\u00e9s gouvernementales en mati\u00e8re de s\u00e9curit\u00e9, de renforcement institutionnel, d\u2019autorit\u00e9 de l\u2019\u00c9tat et d\u2019organisation des \u00e9lections, tout en engageant des d\u00e9marches pour am\u00e9liorer les services consulaires destin\u00e9s aux Ha\u00eftiens vivant au Chili.<\/p>\n<p>En portant les priorit\u00e9s nationales dans les enceintes internationales, la Ministre Raina FORBIN, oeuvre \u00e0 la consolidation des partenariats n\u00e9cessaires \u00e0 la stabilit\u00e9 et au d\u00e9veloppement d\u2019Ha\u00efti.<\/p>\n","protected":false},"excerpt":{"rendered":"<p>Le Courrier diplomatique, volume 3, no 5, met en lumi\u00e8re les principales initiatives diplomatiques du Gouvernement, sous l\u2019impulsion de Son Excellence Monsieur Alix Didier FILS-AIM\u00c9, Premier ministre, et sous le&hellip;<\/p>\n","protected":false},"author":1,"featured_media":1871,"comment_status":"closed","ping_status":"closed","sticky":false,"template":"","format":"standard","meta":{"footnotes":""},"categories":[29,28],"tags":[],"class_list":["post-1870","post","type-post","status-publish","format-standard","has-post-thumbnail","hentry","category-actualites","category-diplomatie"],"yoast_head":"<!-- This site is optimized with the Yoast SEO plugin v28.3 - https:\/\/yoast.com\/product\/yoast-seo-wordpress\/ -->\n<title>Courrier diplomatique du MAEC : une diplomatie ha\u00eftienne offensive au service des priorit\u00e9s nationales - LA TRIBUNE NEWS<\/title>\n<meta name=\"robots\" content=\"index, follow, max-snippet:-1, max-image-preview:large, max-video-preview:-1\" \/>\n<link rel=\"canonical\" href=\"https:\/\/latribunenews.com\/index.php\/2026\/08\/19\/courrier-diplomatique-du-maec-une-diplomatie-haitienne-offensive-au-service-des-priorites-nationales\/\" \/>\n<meta property=\"og:locale\" content=\"en_US\" \/>\n<meta property=\"og:type\" content=\"article\" \/>\n<meta property=\"og:title\" content=\"Courrier diplomatique du MAEC : une diplomatie ha\u00eftienne offensive au service des priorit\u00e9s nationales - LA TRIBUNE NEWS\" \/>\n<meta property=\"og:description\" content=\"Le Courrier diplomatique, volume 3, no 5, met en lumi\u00e8re les principales initiatives diplomatiques du Gouvernement, sous l\u2019impulsion de Son Excellence Monsieur Alix Didier FILS-AIM\u00c9, Premier ministre, et sous le&hellip;\" \/>\n<meta property=\"og:url\" content=\"https:\/\/latribunenews.com\/index.php\/2026\/08\/19\/courrier-diplomatique-du-maec-une-diplomatie-haitienne-offensive-au-service-des-priorites-nationales\/\" \/>\n<meta property=\"og:site_name\" content=\"LA TRIBUNE NEWS\" \/>\n<meta property=\"article:published_time\" content=\"2026-08-19T17:47:04+00:00\" \/>\n<meta property=\"og:image\" content=\"https:\/\/latribunenews.com\/wp-content\/uploads\/2026\/08\/40f3ed54-5204-472a-9389-2f05cd016444.jpeg\" \/>\n\t<meta property=\"og:image:width\" content=\"1118\" \/>\n\t<meta property=\"og:image:height\" content=\"1384\" \/>\n\t<meta property=\"og:image:type\" content=\"image\/jpeg\" \/>\n<meta name=\"author\" content=\"La Tribune News\" \/>\n<meta name=\"twitter:card\" content=\"summary_large_image\" \/>\n<meta name=\"twitter:label1\" content=\"Written by\" \/>\n\t<meta name=\"twitter:data1\" content=\"La Tribune News\" \/>\n\t<meta name=\"twitter:label2\" content=\"Est. reading time\" \/>\n\t<meta name=\"twitter:data2\" content=\"3 minutes\" \/>\n<script type=\"application\/ld+json\" class=\"yoast-schema-graph\">{\"@context\":\"https:\\\/\\\/schema.org\",\"@graph\":[{\"@type\":\"Article\",\"@id\":\"https:\\\/\\\/latribunenews.com\\\/index.php\\\/2026\\\/08\\\/19\\\/courrier-diplomatique-du-maec-une-diplomatie-haitienne-offensive-au-service-des-priorites-nationales\\\/#article\",\"isPartOf\":{\"@id\":\"https:\\\/\\\/latribunenews.com\\\/index.php\\\/2026\\\/08\\\/19\\\/courrier-diplomatique-du-maec-une-diplomatie-haitienne-offensive-au-service-des-priorites-nationales\\\/\"},\"author\":{\"name\":\"La Tribune News\",\"@id\":\"https:\\\/\\\/latribunenews.com\\\/#\\\/schema\\\/person\\\/80e6390c7f17ddf6d4800d8312efdff9\"},\"headline\":\"Courrier diplomatique du MAEC : une diplomatie ha\u00eftienne offensive au service des priorit\u00e9s nationales\",\"datePublished\":\"2026-08-19T17:47:04+00:00\",\"mainEntityOfPage\":{\"@id\":\"https:\\\/\\\/latribunenews.com\\\/index.php\\\/2026\\\/08\\\/19\\\/courrier-diplomatique-du-maec-une-diplomatie-haitienne-offensive-au-service-des-priorites-nationales\\\/\"},\"wordCount\":687,\"publisher\":{\"@id\":\"https:\\\/\\\/latribunenews.com\\\/#organization\"},\"image\":{\"@id\":\"https:\\\/\\\/latribunenews.com\\\/index.php\\\/2026\\\/08\\\/19\\\/courrier-diplomatique-du-maec-une-diplomatie-haitienne-offensive-au-service-des-priorites-nationales\\\/#primaryimage\"},\"thumbnailUrl\":\"https:\\\/\\\/latribunenews.com\\\/wp-content\\\/uploads\\\/2026\\\/08\\\/40f3ed54-5204-472a-9389-2f05cd016444.jpeg\",\"articleSection\":[\"Actualit\u00e9s\",\"Diplomatie\"],\"inLanguage\":\"en-US\"},{\"@type\":\"WebPage\",\"@id\":\"https:\\\/\\\/latribunenews.com\\\/index.php\\\/2026\\\/08\\\/19\\\/courrier-diplomatique-du-maec-une-diplomatie-haitienne-offensive-au-service-des-priorites-nationales\\\/\",\"url\":\"https:\\\/\\\/latribunenews.com\\\/index.php\\\/2026\\\/08\\\/19\\\/courrier-diplomatique-du-maec-une-diplomatie-haitienne-offensive-au-service-des-priorites-nationales\\\/\",\"name\":\"Courrier diplomatique du MAEC : une diplomatie ha\u00eftienne offensive au service des priorit\u00e9s nationales - LA TRIBUNE NEWS\",\"isPartOf\":{\"@id\":\"https:\\\/\\\/latribunenews.com\\\/#website\"},\"primaryImageOfPage\":{\"@id\":\"https:\\\/\\\/latribunenews.com\\\/index.php\\\/2026\\\/08\\\/19\\\/courrier-diplomatique-du-maec-une-diplomatie-haitienne-offensive-au-service-des-priorites-nationales\\\/#primaryimage\"},\"image\":{\"@id\":\"https:\\\/\\\/latribunenews.com\\\/index.php\\\/2026\\\/08\\\/19\\\/courrier-diplomatique-du-maec-une-diplomatie-haitienne-offensive-au-service-des-priorites-nationales\\\/#primaryimage\"},\"thumbnailUrl\":\"https:\\\/\\\/latribunenews.com\\\/wp-content\\\/uploads\\\/2026\\\/08\\\/40f3ed54-5204-472a-9389-2f05cd016444.jpeg\",\"datePublished\":\"2026-08-19T17:47:04+00:00\",\"breadcrumb\":{\"@id\":\"https:\\\/\\\/latribunenews.com\\\/index.php\\\/2026\\\/08\\\/19\\\/courrier-diplomatique-du-maec-une-diplomatie-haitienne-offensive-au-service-des-priorites-nationales\\\/#breadcrumb\"},\"inLanguage\":\"en-US\",\"potentialAction\":[{\"@type\":\"ReadAction\",\"target\":[\"https:\\\/\\\/latribunenews.com\\\/index.php\\\/2026\\\/08\\\/19\\\/courrier-diplomatique-du-maec-une-diplomatie-haitienne-offensive-au-service-des-priorites-nationales\\\/\"]}]},{\"@type\":\"ImageObject\",\"inLanguage\":\"en-US\",\"@id\":\"https:\\\/\\\/latribunenews.com\\\/index.php\\\/2026\\\/08\\\/19\\\/courrier-diplomatique-du-maec-une-diplomatie-haitienne-offensive-au-service-des-priorites-nationales\\\/#primaryimage\",\"url\":\"https:\\\/\\\/latribunenews.com\\\/wp-content\\\/uploads\\\/2026\\\/08\\\/40f3ed54-5204-472a-9389-2f05cd016444.jpeg\",\"contentUrl\":\"https:\\\/\\\/latribunenews.com\\\/wp-content\\\/uploads\\\/2026\\\/08\\\/40f3ed54-5204-472a-9389-2f05cd016444.jpeg\",\"width\":1118,\"height\":1384},{\"@type\":\"BreadcrumbList\",\"@id\":\"https:\\\/\\\/latribunenews.com\\\/index.php\\\/2026\\\/08\\\/19\\\/courrier-diplomatique-du-maec-une-diplomatie-haitienne-offensive-au-service-des-priorites-nationales\\\/#breadcrumb\",\"itemListElement\":[{\"@type\":\"ListItem\",\"position\":1,\"name\":\"Home\",\"item\":\"https:\\\/\\\/latribunenews.com\\\/\"},{\"@type\":\"ListItem\",\"position\":2,\"name\":\"Courrier diplomatique du MAEC : une diplomatie ha\u00eftienne offensive au service des priorit\u00e9s nationales\"}]},{\"@type\":\"WebSite\",\"@id\":\"https:\\\/\\\/latribunenews.com\\\/#website\",\"url\":\"https:\\\/\\\/latribunenews.com\\\/\",\"name\":\"LA TRIBUNE NEWS\",\"description\":\"L&#039;INFO\",\"publisher\":{\"@id\":\"https:\\\/\\\/latribunenews.com\\\/#organization\"},\"potentialAction\":[{\"@type\":\"SearchAction\",\"target\":{\"@type\":\"EntryPoint\",\"urlTemplate\":\"https:\\\/\\\/latribunenews.com\\\/?s={search_term_string}\"},\"query-input\":{\"@type\":\"PropertyValueSpecification\",\"valueRequired\":true,\"valueName\":\"search_term_string\"}}],\"inLanguage\":\"en-US\"},{\"@type\":\"Organization\",\"@id\":\"https:\\\/\\\/latribunenews.com\\\/#organization\",\"name\":\"LA TRIBUNE NEWS\",\"url\":\"https:\\\/\\\/latribunenews.com\\\/\",\"logo\":{\"@type\":\"ImageObject\",\"inLanguage\":\"en-US\",\"@id\":\"https:\\\/\\\/latribunenews.com\\\/#\\\/schema\\\/logo\\\/image\\\/\",\"url\":\"https:\\\/\\\/latribunenews.com\\\/wp-content\\\/uploads\\\/2026\\\/08\\\/cropped-LOGO-LA-TRITUBE.png\",\"contentUrl\":\"https:\\\/\\\/latribunenews.com\\\/wp-content\\\/uploads\\\/2026\\\/08\\\/cropped-LOGO-LA-TRITUBE.png\",\"width\":1254,\"height\":766,\"caption\":\"LA TRIBUNE NEWS\"},\"image\":{\"@id\":\"https:\\\/\\\/latribunenews.com\\\/#\\\/schema\\\/logo\\\/image\\\/\"}},{\"@type\":\"Person\",\"@id\":\"https:\\\/\\\/latribunenews.com\\\/#\\\/schema\\\/person\\\/80e6390c7f17ddf6d4800d8312efdff9\",\"name\":\"La Tribune News\",\"image\":{\"@type\":\"ImageObject\",\"inLanguage\":\"en-US\",\"@id\":\"https:\\\/\\\/secure.gravatar.com\\\/avatar\\\/3f4acc70b63ca0076cf232c0b3931e57bcf757c06f357d5ebc1b7077f6872e95?s=96&d=mm&r=g\",\"url\":\"https:\\\/\\\/secure.gravatar.com\\\/avatar\\\/3f4acc70b63ca0076cf232c0b3931e57bcf757c06f357d5ebc1b7077f6872e95?s=96&d=mm&r=g\",\"contentUrl\":\"https:\\\/\\\/secure.gravatar.com\\\/avatar\\\/3f4acc70b63ca0076cf232c0b3931e57bcf757c06f357d5ebc1b7077f6872e95?s=96&d=mm&r=g\",\"caption\":\"La Tribune News\"},\"sameAs\":[\"https:\\\/\\\/latribunenews.com\"],\"url\":\"https:\\\/\\\/latribunenews.com\\\/index.php\\\/author\\\/admin\\\/\"}]}<\/script>\n<!-- \/ Yoast SEO plugin. -->","yoast_head_json":{"title":"Courrier diplomatique du MAEC : une diplomatie ha\u00eftienne offensive au service des priorit\u00e9s nationales - LA TRIBUNE NEWS","robots":{"index":"index","follow":"follow","max-snippet":"max-snippet:-1","max-image-preview":"max-image-preview:large","max-video-preview":"max-video-preview:-1"},"canonical":"https:\/\/latribunenews.com\/index.php\/2026\/08\/19\/courrier-diplomatique-du-maec-une-diplomatie-haitienne-offensive-au-service-des-priorites-nationales\/","og_locale":"en_US","og_type":"article","og_title":"Courrier diplomatique du MAEC : une diplomatie ha\u00eftienne offensive au service des priorit\u00e9s nationales - LA TRIBUNE NEWS","og_description":"Le Courrier diplomatique, volume 3, no 5, met en lumi\u00e8re les principales initiatives diplomatiques du Gouvernement, sous l\u2019impulsion de Son Excellence Monsieur Alix Didier FILS-AIM\u00c9, Premier ministre, et sous le&hellip;","og_url":"https:\/\/latribunenews.com\/index.php\/2026\/08\/19\/courrier-diplomatique-du-maec-une-diplomatie-haitienne-offensive-au-service-des-priorites-nationales\/","og_site_name":"LA TRIBUNE NEWS","article_published_time":"2026-08-19T17:47:04+00:00","og_image":[{"width":1118,"height":1384,"url":"https:\/\/latribunenews.com\/wp-content\/uploads\/2026\/08\/40f3ed54-5204-472a-9389-2f05cd016444.jpeg","type":"image\/jpeg"}],"author":"La Tribune News","twitter_card":"summary_large_image","twitter_misc":{"Written by":"La Tribune News","Est. reading time":"3 minutes"},"schema":{"@context":"https:\/\/schema.org","@graph":[{"@type":"Article","@id":"https:\/\/latribunenews.com\/index.php\/2026\/08\/19\/courrier-diplomatique-du-maec-une-diplomatie-haitienne-offensive-au-service-des-priorites-nationales\/#article","isPartOf":{"@id":"https:\/\/latribunenews.com\/index.php\/2026\/08\/19\/courrier-diplomatique-du-maec-une-diplomatie-haitienne-offensive-au-service-des-priorites-nationales\/"},"author":{"name":"La Tribune News","@id":"https:\/\/latribunenews.com\/#\/schema\/person\/80e6390c7f17ddf6d4800d8312efdff9"},"headline":"Courrier diplomatique du MAEC : une diplomatie ha\u00eftienne offensive au service des priorit\u00e9s nationales","datePublished":"2026-08-19T17:47:04+00:00","mainEntityOfPage":{"@id":"https:\/\/latribunenews.com\/index.php\/2026\/08\/19\/courrier-diplomatique-du-maec-une-diplomatie-haitienne-offensive-au-service-des-priorites-nationales\/"},"wordCount":687,"publisher":{"@id":"https:\/\/latribunenews.com\/#organization"},"image":{"@id":"https:\/\/latribunenews.com\/index.php\/2026\/08\/19\/courrier-diplomatique-du-maec-une-diplomatie-haitienne-offensive-au-service-des-priorites-nationales\/#primaryimage"},"thumbnailUrl":"https:\/\/latribunenews.com\/wp-content\/uploads\/2026\/08\/40f3ed54-5204-472a-9389-2f05cd016444.jpeg","articleSection":["Actualit\u00e9s","Diplomatie"],"inLanguage":"en-US"},{"@type":"WebPage","@id":"https:\/\/latribunenews.com\/index.php\/2026\/08\/19\/courrier-diplomatique-du-maec-une-diplomatie-haitienne-offensive-au-service-des-priorites-nationales\/","url":"https:\/\/latribunenews.com\/index.php\/2026\/08\/19\/courrier-diplomatique-du-maec-une-diplomatie-haitienne-offensive-au-service-des-priorites-nationales\/","name":"Courrier diplomatique du MAEC : une diplomatie ha\u00eftienne offensive au service des priorit\u00e9s nationales - LA TRIBUNE NEWS","isPartOf":{"@id":"https:\/\/latribunenews.com\/#website"},"primaryImageOfPage":{"@id":"https:\/\/latribunenews.com\/index.php\/2026\/08\/19\/courrier-diplomatique-du-maec-une-diplomatie-haitienne-offensive-au-service-des-priorites-nationales\/#primaryimage"},"image":{"@id":"https:\/\/latribunenews.com\/index.php\/2026\/08\/19\/courrier-diplomatique-du-maec-une-diplomatie-haitienne-offensive-au-service-des-priorites-nationales\/#primaryimage"},"thumbnailUrl":"https:\/\/latribunenews.com\/wp-content\/uploads\/2026\/08\/40f3ed54-5204-472a-9389-2f05cd016444.jpeg","datePublished":"2026-08-19T17:47:04+00:00","breadcrumb":{"@id":"https:\/\/latribunenews.com\/index.php\/2026\/08\/19\/courrier-diplomatique-du-maec-une-diplomatie-haitienne-offensive-au-service-des-priorites-nationales\/#breadcrumb"},"inLanguage":"en-US","potentialAction":[{"@type":"ReadAction","target":["https:\/\/latribunenews.com\/index.php\/2026\/08\/19\/courrier-diplomatique-du-maec-une-diplomatie-haitienne-offensive-au-service-des-priorites-nationales\/"]}]},{"@type":"ImageObject","inLanguage":"en-US","@id":"https:\/\/latribunenews.com\/index.php\/2026\/08\/19\/courrier-diplomatique-du-maec-une-diplomatie-haitienne-offensive-au-service-des-priorites-nationales\/#primaryimage","url":"https:\/\/latribunenews.com\/wp-content\/uploads\/2026\/08\/40f3ed54-5204-472a-9389-2f05cd016444.jpeg","contentUrl":"https:\/\/latribunenews.com\/wp-content\/uploads\/2026\/08\/40f3ed54-5204-472a-9389-2f05cd016444.jpeg","width":1118,"height":1384},{"@type":"BreadcrumbList","@id":"https:\/\/latribunenews.com\/index.php\/2026\/08\/19\/courrier-diplomatique-du-maec-une-diplomatie-haitienne-offensive-au-service-des-priorites-nationales\/#breadcrumb","itemListElement":[{"@type":"ListItem","position":1,"name":"Home","item":"https:\/\/latribunenews.com\/"},{"@type":"ListItem","position":2,"name":"Courrier diplomatique du MAEC : une diplomatie ha\u00eftienne offensive au service des priorit\u00e9s nationales"}]},{"@type":"WebSite","@id":"https:\/\/latribunenews.com\/#website","url":"https:\/\/latribunenews.com\/","name":"LA TRIBUNE NEWS","description":"L&#039;INFO","publisher":{"@id":"https:\/\/latribunenews.com\/#organization"},"potentialAction":[{"@type":"SearchAction","target":{"@type":"EntryPoint","urlTemplate":"https:\/\/latribunenews.com\/?s={search_term_string}"},"query-input":{"@type":"PropertyValueSpecification","valueRequired":true,"valueName":"search_term_string"}}],"inLanguage":"en-US"},{"@type":"Organization","@id":"https:\/\/latribunenews.com\/#organization","name":"LA TRIBUNE NEWS","url":"https:\/\/latribunenews.com\/","logo":{"@type":"ImageObject","inLanguage":"en-US","@id":"https:\/\/latribunenews.com\/#\/schema\/logo\/image\/","url":"https:\/\/latribunenews.com\/wp-content\/uploads\/2026\/08\/cropped-LOGO-LA-TRITUBE.png","contentUrl":"https:\/\/latribunenews.com\/wp-content\/uploads\/2026\/08\/cropped-LOGO-LA-TRITUBE.png","width":1254,"height":766,"caption":"LA TRIBUNE NEWS"},"image":{"@id":"https:\/\/latribunenews.com\/#\/schema\/logo\/image\/"}},{"@type":"Person","@id":"https:\/\/latribunenews.com\/#\/schema\/person\/80e6390c7f17ddf6d4800d8312efdff9","name":"La Tribune News","image":{"@type":"ImageObject","inLanguage":"en-US","@id":"https:\/\/secure.gravatar.com\/avatar\/3f4acc70b63ca0076cf232c0b3931e57bcf757c06f357d5ebc1b7077f6872e95?s=96&d=mm&r=g","url":"https:\/\/secure.gravatar.com\/avatar\/3f4acc70b63ca0076cf232c0b3931e57bcf757c06f357d5ebc1b7077f6872e95?s=96&d=mm&r=g","contentUrl":"https:\/\/secure.gravatar.com\/avatar\/3f4acc70b63ca0076cf232c0b3931e57bcf757c06f357d5ebc1b7077f6872e95?s=96&d=mm&r=g","caption":"La Tribune News"},"sameAs":["https:\/\/latribunenews.com"],"url":"https:\/\/latribunenews.com\/index.php\/author\/admin\/"}]}},"_links":{"self":[{"href":"https:\/\/latribunenews.com\/index.php\/wp-json\/wp\/v2\/posts\/1870","targetHints":{"allow":["GET"]}}],"collection":[{"href":"https:\/\/latribunenews.com\/index.php\/wp-json\/wp\/v2\/posts"}],"about":[{"href":"https:\/\/latribunenews.com\/index.php\/wp-json\/wp\/v2\/types\/post"}],"author":[{"embeddable":true,"href":"https:\/\/latribunenews.com\/index.php\/wp-json\/wp\/v2\/users\/1"}],"replies":[{"embeddable":true,"href":"https:\/\/latribunenews.com\/index.php\/wp-json\/wp\/v2\/comments?post=1870"}],"version-history":[{"count":1,"href":"https:\/\/latribunenews.com\/index.php\/wp-json\/wp\/v2\/posts\/1870\/revisions"}],"predecessor-version":[{"id":1872,"href":"https:\/\/latribunenews.com\/index.php\/wp-json\/wp\/v2\/posts\/1870\/revisions\/1872"}],"wp:featuredmedia":[{"embeddable":true,"href":"https:\/\/latribunenews.com\/index.php\/wp-json\/wp\/v2\/media\/1871"}],"wp:attachment":[{"href":"https:\/\/latribunenews.com\/index.php\/wp-json\/wp\/v2\/media?parent=1870"}],"wp:term":[{"taxonomy":"category","embeddable":true,"href":"https:\/\/latribunenews.com\/index.php\/wp-json\/wp\/v2\/categories?post=1870"},{"taxonomy":"post_tag","embeddable":true,"href":"https:\/\/latribunenews.com\/index.php\/wp-json\/wp\/v2\/tags?post=1870"}],"curies":[{"name":"wp","href":"https:\/\/api.w.org\/{rel}","templated":true}]}}