{"id":1862,"date":"2026-08-18T01:10:36","date_gmt":"2026-08-17T23:10:36","guid":{"rendered":"https:\/\/latribunenews.com\/?p=1862"},"modified":"2026-08-18T01:20:06","modified_gmt":"2026-08-17T23:20:06","slug":"madame-jefnie-toussaint-installee-a-la-tete-du-fonds-national-de-leducation","status":"publish","type":"post","link":"https:\/\/latribunenews.com\/index.php\/2026\/08\/18\/madame-jefnie-toussaint-installee-a-la-tete-du-fonds-national-de-leducation\/","title":{"rendered":"Madame Jefnie Toussaint install\u00e9e \u00e0 la t\u00eate du Fonds National de l\u2019\u00c9ducation"},"content":{"rendered":"<p class=\"p1\">Madame Jefnie Toussaint a \u00e9t\u00e9 officiellement install\u00e9e, ce lundi 17 ao\u00fbt 2025, comme nouvelle directrice g\u00e9n\u00e9rale du Fonds National de l\u2019\u00c9ducation (FNE), lors d\u2019une c\u00e9r\u00e9monie pr\u00e9sid\u00e9e par le ministre de l\u2019\u00c9ducation nationale, Dr Vijonet Demero.<\/p>\n<p class=\"p1\"><span class=\"s2\">La c\u00e9r\u00e9monie d\u2019installation s\u2019est d\u00e9roul\u00e9e en pr\u00e9sence de plusieurs membres du gouvernement, dont la ministre de la Planification et de la Coop\u00e9ration externe, Sandra Paulemon, la ministre des Ha\u00eftiens vivant \u00e0 l\u2019\u00e9tranger, Katia Verdier, ainsi que la ministre \u00e0 la Condition f\u00e9minine et aux Droits des femmes, Pedrica Saint-Jean.<\/span><\/p>\n<p class=\"p1\"><span class=\"s2\">Plusieurs autres personnalit\u00e9s et responsables de l\u2019administration publique ont \u00e9galement pris part \u00e0 l\u2019\u00e9v\u00e9nement, notamment des directeurs g\u00e9n\u00e9raux, le coordonnateur du Programme national de cantines scolaires (PNCS), ainsi que des cadres et employ\u00e9s du Fonds National de l\u2019\u00c9ducation.<\/span><\/p>\n<p class=\"p1\"><span class=\"s2\">\u00c0 l\u2019occasion de son installation, Jefnie Toussaint a exprim\u00e9 sa volont\u00e9 d\u2019assumer cette nouvelle responsabilit\u00e9 avec rigueur et sens du devoir. Elle a notamment soulign\u00e9 l\u2019importance de l\u2019action publique dans la pr\u00e9paration de l\u2019avenir des jeunes g\u00e9n\u00e9rations, r\u00e9affirmant ainsi son engagement \u00e0 contribuer aux efforts visant \u00e0 renforcer le secteur \u00e9ducatif ha\u00eftien.<\/span><\/p>\n<p class=\"p1\"><span class=\"s2\">Jefnie Toussaint prend ainsi les r\u00eanes du FNE en remplacement d\u2019Elys\u00e9e Collag\u00e8ne, qui a occup\u00e9 la fonction de directeur g\u00e9n\u00e9ral pendant onze mois.<\/span><\/p>\n","protected":false},"excerpt":{"rendered":"<p>Madame Jefnie Toussaint a \u00e9t\u00e9 officiellement install\u00e9e, ce lundi 17 ao\u00fbt 2025, comme nouvelle directrice g\u00e9n\u00e9rale du Fonds National de l\u2019\u00c9ducation (FNE), lors d\u2019une c\u00e9r\u00e9monie pr\u00e9sid\u00e9e par le ministre de&hellip;<\/p>\n","protected":false},"author":2,"featured_media":1863,"comment_status":"closed","ping_status":"closed","sticky":false,"template":"","format":"standard","meta":{"footnotes":""},"categories":[1],"tags":[],"class_list":["post-1862","post","type-post","status-publish","format-standard","has-post-thumbnail","hentry","category-actu"],"yoast_head":"<!-- This site is optimized with the Yoast SEO plugin v28.3 - https:\/\/yoast.com\/product\/yoast-seo-wordpress\/ -->\n<title>Madame Jefnie Toussaint install\u00e9e \u00e0 la t\u00eate du Fonds National de l\u2019\u00c9ducation - LA TRIBUNE NEWS<\/title>\n<meta name=\"description\" content=\"Jefnie Toussaint install\u00e9e \u00e0 la t\u00eate du Fonds National de l\u2019\u00c9ducation\" \/>\n<meta name=\"robots\" content=\"index, follow, max-snippet:-1, max-image-preview:large, max-video-preview:-1\" \/>\n<link rel=\"canonical\" href=\"https:\/\/latribunenews.com\/index.php\/2026\/08\/18\/madame-jefnie-toussaint-installee-a-la-tete-du-fonds-national-de-leducation\/\" \/>\n<meta property=\"og:locale\" content=\"en_US\" \/>\n<meta property=\"og:type\" content=\"article\" \/>\n<meta property=\"og:title\" content=\"Madame Jefnie Toussaint install\u00e9e \u00e0 la t\u00eate du Fonds National de l\u2019\u00c9ducation - LA TRIBUNE NEWS\" \/>\n<meta property=\"og:description\" content=\"Jefnie Toussaint install\u00e9e \u00e0 la t\u00eate du Fonds National de l\u2019\u00c9ducation\" \/>\n<meta property=\"og:url\" content=\"https:\/\/latribunenews.com\/index.php\/2026\/08\/18\/madame-jefnie-toussaint-installee-a-la-tete-du-fonds-national-de-leducation\/\" \/>\n<meta property=\"og:site_name\" content=\"LA TRIBUNE NEWS\" \/>\n<meta property=\"article:published_time\" content=\"2026-08-17T23:10:36+00:00\" \/>\n<meta property=\"article:modified_time\" content=\"2026-08-17T23:20:06+00:00\" \/>\n<meta property=\"og:image\" content=\"https:\/\/latribunenews.com\/wp-content\/uploads\/2026\/08\/IMG_5278.jpeg\" \/>\n\t<meta property=\"og:image:width\" content=\"1290\" \/>\n\t<meta property=\"og:image:height\" content=\"1100\" \/>\n\t<meta property=\"og:image:type\" content=\"image\/jpeg\" \/>\n<meta name=\"author\" content=\"DT\" \/>\n<meta name=\"twitter:card\" content=\"summary_large_image\" \/>\n<meta name=\"twitter:label1\" content=\"Written by\" \/>\n\t<meta name=\"twitter:data1\" content=\"DT\" \/>\n\t<meta name=\"twitter:label2\" content=\"Est. reading time\" \/>\n\t<meta name=\"twitter:data2\" content=\"2 minutes\" \/>\n<script type=\"application\/ld+json\" class=\"yoast-schema-graph\">{\"@context\":\"https:\\\/\\\/schema.org\",\"@graph\":[{\"@type\":\"Article\",\"@id\":\"https:\\\/\\\/latribunenews.com\\\/index.php\\\/2026\\\/08\\\/18\\\/madame-jefnie-toussaint-installee-a-la-tete-du-fonds-national-de-leducation\\\/#article\",\"isPartOf\":{\"@id\":\"https:\\\/\\\/latribunenews.com\\\/index.php\\\/2026\\\/08\\\/18\\\/madame-jefnie-toussaint-installee-a-la-tete-du-fonds-national-de-leducation\\\/\"},\"author\":{\"name\":\"DT\",\"@id\":\"https:\\\/\\\/latribunenews.com\\\/#\\\/schema\\\/person\\\/92da0f69229960b75a722568f71e196b\"},\"headline\":\"Madame Jefnie Toussaint install\u00e9e \u00e0 la t\u00eate du Fonds National de l\u2019\u00c9ducation\",\"datePublished\":\"2026-08-17T23:10:36+00:00\",\"dateModified\":\"2026-08-17T23:20:06+00:00\",\"mainEntityOfPage\":{\"@id\":\"https:\\\/\\\/latribunenews.com\\\/index.php\\\/2026\\\/08\\\/18\\\/madame-jefnie-toussaint-installee-a-la-tete-du-fonds-national-de-leducation\\\/\"},\"wordCount\":249,\"publisher\":{\"@id\":\"https:\\\/\\\/latribunenews.com\\\/#organization\"},\"image\":{\"@id\":\"https:\\\/\\\/latribunenews.com\\\/index.php\\\/2026\\\/08\\\/18\\\/madame-jefnie-toussaint-installee-a-la-tete-du-fonds-national-de-leducation\\\/#primaryimage\"},\"thumbnailUrl\":\"https:\\\/\\\/latribunenews.com\\\/wp-content\\\/uploads\\\/2026\\\/08\\\/IMG_5278.jpeg\",\"articleSection\":[\"Actu\"],\"inLanguage\":\"en-US\"},{\"@type\":\"WebPage\",\"@id\":\"https:\\\/\\\/latribunenews.com\\\/index.php\\\/2026\\\/08\\\/18\\\/madame-jefnie-toussaint-installee-a-la-tete-du-fonds-national-de-leducation\\\/\",\"url\":\"https:\\\/\\\/latribunenews.com\\\/index.php\\\/2026\\\/08\\\/18\\\/madame-jefnie-toussaint-installee-a-la-tete-du-fonds-national-de-leducation\\\/\",\"name\":\"Madame Jefnie Toussaint install\u00e9e \u00e0 la t\u00eate du Fonds National de l\u2019\u00c9ducation - LA TRIBUNE NEWS\",\"isPartOf\":{\"@id\":\"https:\\\/\\\/latribunenews.com\\\/#website\"},\"primaryImageOfPage\":{\"@id\":\"https:\\\/\\\/latribunenews.com\\\/index.php\\\/2026\\\/08\\\/18\\\/madame-jefnie-toussaint-installee-a-la-tete-du-fonds-national-de-leducation\\\/#primaryimage\"},\"image\":{\"@id\":\"https:\\\/\\\/latribunenews.com\\\/index.php\\\/2026\\\/08\\\/18\\\/madame-jefnie-toussaint-installee-a-la-tete-du-fonds-national-de-leducation\\\/#primaryimage\"},\"thumbnailUrl\":\"https:\\\/\\\/latribunenews.com\\\/wp-content\\\/uploads\\\/2026\\\/08\\\/IMG_5278.jpeg\",\"datePublished\":\"2026-08-17T23:10:36+00:00\",\"dateModified\":\"2026-08-17T23:20:06+00:00\",\"description\":\"Jefnie Toussaint install\u00e9e \u00e0 la t\u00eate du Fonds National de l\u2019\u00c9ducation\",\"breadcrumb\":{\"@id\":\"https:\\\/\\\/latribunenews.com\\\/index.php\\\/2026\\\/08\\\/18\\\/madame-jefnie-toussaint-installee-a-la-tete-du-fonds-national-de-leducation\\\/#breadcrumb\"},\"inLanguage\":\"en-US\",\"potentialAction\":[{\"@type\":\"ReadAction\",\"target\":[\"https:\\\/\\\/latribunenews.com\\\/index.php\\\/2026\\\/08\\\/18\\\/madame-jefnie-toussaint-installee-a-la-tete-du-fonds-national-de-leducation\\\/\"]}]},{\"@type\":\"ImageObject\",\"inLanguage\":\"en-US\",\"@id\":\"https:\\\/\\\/latribunenews.com\\\/index.php\\\/2026\\\/08\\\/18\\\/madame-jefnie-toussaint-installee-a-la-tete-du-fonds-national-de-leducation\\\/#primaryimage\",\"url\":\"https:\\\/\\\/latribunenews.com\\\/wp-content\\\/uploads\\\/2026\\\/08\\\/IMG_5278.jpeg\",\"contentUrl\":\"https:\\\/\\\/latribunenews.com\\\/wp-content\\\/uploads\\\/2026\\\/08\\\/IMG_5278.jpeg\",\"width\":1290,\"height\":1100,\"caption\":\"Screenshot\"},{\"@type\":\"BreadcrumbList\",\"@id\":\"https:\\\/\\\/latribunenews.com\\\/index.php\\\/2026\\\/08\\\/18\\\/madame-jefnie-toussaint-installee-a-la-tete-du-fonds-national-de-leducation\\\/#breadcrumb\",\"itemListElement\":[{\"@type\":\"ListItem\",\"position\":1,\"name\":\"Home\",\"item\":\"https:\\\/\\\/latribunenews.com\\\/\"},{\"@type\":\"ListItem\",\"position\":2,\"name\":\"Madame Jefnie Toussaint install\u00e9e \u00e0 la t\u00eate du Fonds National de l\u2019\u00c9ducation\"}]},{\"@type\":\"WebSite\",\"@id\":\"https:\\\/\\\/latribunenews.com\\\/#website\",\"url\":\"https:\\\/\\\/latribunenews.com\\\/\",\"name\":\"LA TRIBUNE NEWS\",\"description\":\"L&#039;INFO\",\"publisher\":{\"@id\":\"https:\\\/\\\/latribunenews.com\\\/#organization\"},\"potentialAction\":[{\"@type\":\"SearchAction\",\"target\":{\"@type\":\"EntryPoint\",\"urlTemplate\":\"https:\\\/\\\/latribunenews.com\\\/?s={search_term_string}\"},\"query-input\":{\"@type\":\"PropertyValueSpecification\",\"valueRequired\":true,\"valueName\":\"search_term_string\"}}],\"inLanguage\":\"en-US\"},{\"@type\":\"Organization\",\"@id\":\"https:\\\/\\\/latribunenews.com\\\/#organization\",\"name\":\"LA TRIBUNE NEWS\",\"url\":\"https:\\\/\\\/latribunenews.com\\\/\",\"logo\":{\"@type\":\"ImageObject\",\"inLanguage\":\"en-US\",\"@id\":\"https:\\\/\\\/latribunenews.com\\\/#\\\/schema\\\/logo\\\/image\\\/\",\"url\":\"https:\\\/\\\/latribunenews.com\\\/wp-content\\\/uploads\\\/2026\\\/08\\\/cropped-LOGO-LA-TRITUBE.png\",\"contentUrl\":\"https:\\\/\\\/latribunenews.com\\\/wp-content\\\/uploads\\\/2026\\\/08\\\/cropped-LOGO-LA-TRITUBE.png\",\"width\":1254,\"height\":766,\"caption\":\"LA TRIBUNE NEWS\"},\"image\":{\"@id\":\"https:\\\/\\\/latribunenews.com\\\/#\\\/schema\\\/logo\\\/image\\\/\"}},{\"@type\":\"Person\",\"@id\":\"https:\\\/\\\/latribunenews.com\\\/#\\\/schema\\\/person\\\/92da0f69229960b75a722568f71e196b\",\"name\":\"DT\",\"image\":{\"@type\":\"ImageObject\",\"inLanguage\":\"en-US\",\"@id\":\"https:\\\/\\\/secure.gravatar.com\\\/avatar\\\/564304bd5e2461c6598e4998264c8ebdbc06ec8740659b7ad2a983641db37a03?s=96&d=mm&r=g\",\"url\":\"https:\\\/\\\/secure.gravatar.com\\\/avatar\\\/564304bd5e2461c6598e4998264c8ebdbc06ec8740659b7ad2a983641db37a03?s=96&d=mm&r=g\",\"contentUrl\":\"https:\\\/\\\/secure.gravatar.com\\\/avatar\\\/564304bd5e2461c6598e4998264c8ebdbc06ec8740659b7ad2a983641db37a03?s=96&d=mm&r=g\",\"caption\":\"DT\"},\"url\":\"https:\\\/\\\/latribunenews.com\\\/index.php\\\/author\\\/thelusmond\\\/\"}]}<\/script>\n<!-- \/ Yoast SEO plugin. -->","yoast_head_json":{"title":"Madame Jefnie Toussaint install\u00e9e \u00e0 la t\u00eate du Fonds National de l\u2019\u00c9ducation - LA TRIBUNE NEWS","description":"Jefnie Toussaint install\u00e9e \u00e0 la t\u00eate du Fonds National de l\u2019\u00c9ducation","robots":{"index":"index","follow":"follow","max-snippet":"max-snippet:-1","max-image-preview":"max-image-preview:large","max-video-preview":"max-video-preview:-1"},"canonical":"https:\/\/latribunenews.com\/index.php\/2026\/08\/18\/madame-jefnie-toussaint-installee-a-la-tete-du-fonds-national-de-leducation\/","og_locale":"en_US","og_type":"article","og_title":"Madame Jefnie Toussaint install\u00e9e \u00e0 la t\u00eate du Fonds National de l\u2019\u00c9ducation - LA TRIBUNE NEWS","og_description":"Jefnie Toussaint install\u00e9e \u00e0 la t\u00eate du Fonds National de l\u2019\u00c9ducation","og_url":"https:\/\/latribunenews.com\/index.php\/2026\/08\/18\/madame-jefnie-toussaint-installee-a-la-tete-du-fonds-national-de-leducation\/","og_site_name":"LA TRIBUNE NEWS","article_published_time":"2026-08-17T23:10:36+00:00","article_modified_time":"2026-08-17T23:20:06+00:00","og_image":[{"width":1290,"height":1100,"url":"https:\/\/latribunenews.com\/wp-content\/uploads\/2026\/08\/IMG_5278.jpeg","type":"image\/jpeg"}],"author":"DT","twitter_card":"summary_large_image","twitter_misc":{"Written by":"DT","Est. reading time":"2 minutes"},"schema":{"@context":"https:\/\/schema.org","@graph":[{"@type":"Article","@id":"https:\/\/latribunenews.com\/index.php\/2026\/08\/18\/madame-jefnie-toussaint-installee-a-la-tete-du-fonds-national-de-leducation\/#article","isPartOf":{"@id":"https:\/\/latribunenews.com\/index.php\/2026\/08\/18\/madame-jefnie-toussaint-installee-a-la-tete-du-fonds-national-de-leducation\/"},"author":{"name":"DT","@id":"https:\/\/latribunenews.com\/#\/schema\/person\/92da0f69229960b75a722568f71e196b"},"headline":"Madame Jefnie Toussaint install\u00e9e \u00e0 la t\u00eate du Fonds National de l\u2019\u00c9ducation","datePublished":"2026-08-17T23:10:36+00:00","dateModified":"2026-08-17T23:20:06+00:00","mainEntityOfPage":{"@id":"https:\/\/latribunenews.com\/index.php\/2026\/08\/18\/madame-jefnie-toussaint-installee-a-la-tete-du-fonds-national-de-leducation\/"},"wordCount":249,"publisher":{"@id":"https:\/\/latribunenews.com\/#organization"},"image":{"@id":"https:\/\/latribunenews.com\/index.php\/2026\/08\/18\/madame-jefnie-toussaint-installee-a-la-tete-du-fonds-national-de-leducation\/#primaryimage"},"thumbnailUrl":"https:\/\/latribunenews.com\/wp-content\/uploads\/2026\/08\/IMG_5278.jpeg","articleSection":["Actu"],"inLanguage":"en-US"},{"@type":"WebPage","@id":"https:\/\/latribunenews.com\/index.php\/2026\/08\/18\/madame-jefnie-toussaint-installee-a-la-tete-du-fonds-national-de-leducation\/","url":"https:\/\/latribunenews.com\/index.php\/2026\/08\/18\/madame-jefnie-toussaint-installee-a-la-tete-du-fonds-national-de-leducation\/","name":"Madame Jefnie Toussaint install\u00e9e \u00e0 la t\u00eate du Fonds National de l\u2019\u00c9ducation - LA TRIBUNE NEWS","isPartOf":{"@id":"https:\/\/latribunenews.com\/#website"},"primaryImageOfPage":{"@id":"https:\/\/latribunenews.com\/index.php\/2026\/08\/18\/madame-jefnie-toussaint-installee-a-la-tete-du-fonds-national-de-leducation\/#primaryimage"},"image":{"@id":"https:\/\/latribunenews.com\/index.php\/2026\/08\/18\/madame-jefnie-toussaint-installee-a-la-tete-du-fonds-national-de-leducation\/#primaryimage"},"thumbnailUrl":"https:\/\/latribunenews.com\/wp-content\/uploads\/2026\/08\/IMG_5278.jpeg","datePublished":"2026-08-17T23:10:36+00:00","dateModified":"2026-08-17T23:20:06+00:00","description":"Jefnie Toussaint install\u00e9e \u00e0 la t\u00eate du Fonds National de l\u2019\u00c9ducation","breadcrumb":{"@id":"https:\/\/latribunenews.com\/index.php\/2026\/08\/18\/madame-jefnie-toussaint-installee-a-la-tete-du-fonds-national-de-leducation\/#breadcrumb"},"inLanguage":"en-US","potentialAction":[{"@type":"ReadAction","target":["https:\/\/latribunenews.com\/index.php\/2026\/08\/18\/madame-jefnie-toussaint-installee-a-la-tete-du-fonds-national-de-leducation\/"]}]},{"@type":"ImageObject","inLanguage":"en-US","@id":"https:\/\/latribunenews.com\/index.php\/2026\/08\/18\/madame-jefnie-toussaint-installee-a-la-tete-du-fonds-national-de-leducation\/#primaryimage","url":"https:\/\/latribunenews.com\/wp-content\/uploads\/2026\/08\/IMG_5278.jpeg","contentUrl":"https:\/\/latribunenews.com\/wp-content\/uploads\/2026\/08\/IMG_5278.jpeg","width":1290,"height":1100,"caption":"Screenshot"},{"@type":"BreadcrumbList","@id":"https:\/\/latribunenews.com\/index.php\/2026\/08\/18\/madame-jefnie-toussaint-installee-a-la-tete-du-fonds-national-de-leducation\/#breadcrumb","itemListElement":[{"@type":"ListItem","position":1,"name":"Home","item":"https:\/\/latribunenews.com\/"},{"@type":"ListItem","position":2,"name":"Madame Jefnie Toussaint install\u00e9e \u00e0 la t\u00eate du Fonds National de l\u2019\u00c9ducation"}]},{"@type":"WebSite","@id":"https:\/\/latribunenews.com\/#website","url":"https:\/\/latribunenews.com\/","name":"LA TRIBUNE NEWS","description":"L&#039;INFO","publisher":{"@id":"https:\/\/latribunenews.com\/#organization"},"potentialAction":[{"@type":"SearchAction","target":{"@type":"EntryPoint","urlTemplate":"https:\/\/latribunenews.com\/?s={search_term_string}"},"query-input":{"@type":"PropertyValueSpecification","valueRequired":true,"valueName":"search_term_string"}}],"inLanguage":"en-US"},{"@type":"Organization","@id":"https:\/\/latribunenews.com\/#organization","name":"LA TRIBUNE NEWS","url":"https:\/\/latribunenews.com\/","logo":{"@type":"ImageObject","inLanguage":"en-US","@id":"https:\/\/latribunenews.com\/#\/schema\/logo\/image\/","url":"https:\/\/latribunenews.com\/wp-content\/uploads\/2026\/08\/cropped-LOGO-LA-TRITUBE.png","contentUrl":"https:\/\/latribunenews.com\/wp-content\/uploads\/2026\/08\/cropped-LOGO-LA-TRITUBE.png","width":1254,"height":766,"caption":"LA TRIBUNE NEWS"},"image":{"@id":"https:\/\/latribunenews.com\/#\/schema\/logo\/image\/"}},{"@type":"Person","@id":"https:\/\/latribunenews.com\/#\/schema\/person\/92da0f69229960b75a722568f71e196b","name":"DT","image":{"@type":"ImageObject","inLanguage":"en-US","@id":"https:\/\/secure.gravatar.com\/avatar\/564304bd5e2461c6598e4998264c8ebdbc06ec8740659b7ad2a983641db37a03?s=96&d=mm&r=g","url":"https:\/\/secure.gravatar.com\/avatar\/564304bd5e2461c6598e4998264c8ebdbc06ec8740659b7ad2a983641db37a03?s=96&d=mm&r=g","contentUrl":"https:\/\/secure.gravatar.com\/avatar\/564304bd5e2461c6598e4998264c8ebdbc06ec8740659b7ad2a983641db37a03?s=96&d=mm&r=g","caption":"DT"},"url":"https:\/\/latribunenews.com\/index.php\/author\/thelusmond\/"}]}},"_links":{"self":[{"href":"https:\/\/latribunenews.com\/index.php\/wp-json\/wp\/v2\/posts\/1862","targetHints":{"allow":["GET"]}}],"collection":[{"href":"https:\/\/latribunenews.com\/index.php\/wp-json\/wp\/v2\/posts"}],"about":[{"href":"https:\/\/latribunenews.com\/index.php\/wp-json\/wp\/v2\/types\/post"}],"author":[{"embeddable":true,"href":"https:\/\/latribunenews.com\/index.php\/wp-json\/wp\/v2\/users\/2"}],"replies":[{"embeddable":true,"href":"https:\/\/latribunenews.com\/index.php\/wp-json\/wp\/v2\/comments?post=1862"}],"version-history":[{"count":2,"href":"https:\/\/latribunenews.com\/index.php\/wp-json\/wp\/v2\/posts\/1862\/revisions"}],"predecessor-version":[{"id":1865,"href":"https:\/\/latribunenews.com\/index.php\/wp-json\/wp\/v2\/posts\/1862\/revisions\/1865"}],"wp:featuredmedia":[{"embeddable":true,"href":"https:\/\/latribunenews.com\/index.php\/wp-json\/wp\/v2\/media\/1863"}],"wp:attachment":[{"href":"https:\/\/latribunenews.com\/index.php\/wp-json\/wp\/v2\/media?parent=1862"}],"wp:term":[{"taxonomy":"category","embeddable":true,"href":"https:\/\/latribunenews.com\/index.php\/wp-json\/wp\/v2\/categories?post=1862"},{"taxonomy":"post_tag","embeddable":true,"href":"https:\/\/latribunenews.com\/index.php\/wp-json\/wp\/v2\/tags?post=1862"}],"curies":[{"name":"wp","href":"https:\/\/api.w.org\/{rel}","templated":true}]}}