{"id":1859,"date":"2026-08-18T00:05:04","date_gmt":"2026-08-17T22:05:04","guid":{"rendered":"https:\/\/latribunenews.com\/?p=1859"},"modified":"2026-08-18T00:05:04","modified_gmt":"2026-08-17T22:05:04","slug":"loavct-renforce-son-administration-sous-limpulsion-du-dg-jocelin-pierre","status":"publish","type":"post","link":"https:\/\/latribunenews.com\/index.php\/2026\/08\/18\/loavct-renforce-son-administration-sous-limpulsion-du-dg-jocelin-pierre\/","title":{"rendered":"L\u2019OAVCT renforce son administration sous l\u2019impulsion du DG Jocelin Pierre"},"content":{"rendered":"<p class=\"p2\"><span class=\"s1\">L\u2019Office d\u2019Assurance V\u00e9hicules Contre Tiers (OAVCT) poursuit sa dynamique de modernisation et de renforcement de son administration sous la direction g\u00e9n\u00e9rale de Me Jocelin Pierre. L\u2019institution a proc\u00e9d\u00e9, lundi, \u00e0 l\u2019installation de <\/span><span class=\"s2\">Gladys Jean-Felix<\/span><span class=\"s1\"> comme assistante \u00e0 la Direction administrative et de <\/span><span class=\"s2\">Marc Antoine Charles<\/span><span class=\"s1\"> comme responsable des bureaux r\u00e9gionaux.<\/span><\/p>\n<p class=\"p2\"><span class=\"s1\">La c\u00e9r\u00e9monie, qui a r\u00e9uni cadres, employ\u00e9s, partenaires et invit\u00e9s, a surtout mis en lumi\u00e8re une orientation assum\u00e9e de la direction g\u00e9n\u00e9rale : <\/span><span class=\"s2\">valoriser les comp\u00e9tences internes, placer les cadres \u00e0 des postes correspondant \u00e0 leurs capacit\u00e9s et rechercher constamment de meilleurs r\u00e9sultats<\/span><span class=\"s1\">.<\/span><\/p>\n<p class=\"p2\"><span class=\"s1\">Dans son intervention, le directeur g\u00e9n\u00e9ral de l\u2019OAVCT, Me Jocelin Pierre, a particuli\u00e8rement salu\u00e9 le parcours et les qualit\u00e9s professionnelles de Gladys Jean-Felix, licenci\u00e9e en sciences comptables et certifi\u00e9e en march\u00e9s publics, qui \u00e9volue depuis plusieurs ann\u00e9es au sein de l\u2019institution.<\/span><\/p>\n<p class=\"p2\"><span class=\"s1\">La promotion de Mme Jean-Felix traduit, selon la direction, la volont\u00e9 de reconna\u00eetre le travail accompli et l\u2019exp\u00e9rience accumul\u00e9e au sein de l\u2019OAVCT.<\/span><\/p>\n<p class=\"p2\"><span class=\"s1\">Pr\u00e9sentant la nouvelle assistante \u00e0 la Direction administrative comme une employ\u00e9e \u00ab hors pair \u00bb et un cadre m\u00e9ritant l\u2019attention de la direction, Me Jocelin Pierre a d\u00e9fendu une approche fond\u00e9e avant tout sur la comp\u00e9tence et le professionnalisme.<\/span><\/p>\n<p class=\"p2\"><span class=\"s1\">\u00ab Il revient \u00e0 nous de valoriser nos cadres et de les placer au bon endroit \u00bb, a-t-il d\u00e9clar\u00e9, laissant entendre que d\u2019autres employ\u00e9s pourraient \u00e9galement b\u00e9n\u00e9ficier de cette politique de reconnaissance et de promotion.<\/span><\/p>\n<p class=\"p2\"><span class=\"s1\">Cette d\u00e9marche t\u00e9moigne d\u2019une volont\u00e9 de la direction g\u00e9n\u00e9rale de <\/span><span class=\"s2\">faire davantage confiance aux ressources humaines de l\u2019institution et de cr\u00e9er les conditions n\u00e9cessaires \u00e0 leur \u00e9panouissement professionnel<\/span><span class=\"s1\">.<\/span><\/p>\n<p class=\"p2\"><span class=\"s1\">Me Jocelin Pierre a expliqu\u00e9 que les changements op\u00e9r\u00e9s ne r\u00e9pondent pas \u00e0 des consid\u00e9rations \u00e9motionnelles, mais \u00e0 la n\u00e9cessit\u00e9 d\u2019am\u00e9liorer les performances de l\u2019institution.<\/span><\/p>\n<p class=\"p2\"><span class=\"s1\">\u00ab Rien n\u2019est statique dans la vie \u00bb, a rappel\u00e9 le Directeur g\u00e9n\u00e9ral, soulignant que les mutations et les changements de responsabilit\u00e9s constituent des outils permettant \u00e0 une administration de s\u2019adapter et de rechercher continuellement de meilleurs r\u00e9sultats.<\/span><\/p>\n<p class=\"p2\"><span class=\"s1\">\u00c0 travers ces d\u00e9cisions, le DG entend ainsi insuffler une nouvelle dynamique dans le fonctionnement de l\u2019OAVCT, particuli\u00e8rement dans ses structures r\u00e9gionales.<\/span><\/p>\n","protected":false},"excerpt":{"rendered":"<p>L\u2019Office d\u2019Assurance V\u00e9hicules Contre Tiers (OAVCT) poursuit sa dynamique de modernisation et de renforcement de son administration sous la direction g\u00e9n\u00e9rale de Me Jocelin Pierre. L\u2019institution a proc\u00e9d\u00e9, lundi, \u00e0&hellip;<\/p>\n","protected":false},"author":2,"featured_media":1860,"comment_status":"closed","ping_status":"closed","sticky":false,"template":"","format":"standard","meta":{"footnotes":""},"categories":[1],"tags":[],"class_list":["post-1859","post","type-post","status-publish","format-standard","has-post-thumbnail","hentry","category-actu"],"yoast_head":"<!-- This site is optimized with the Yoast SEO plugin v28.3 - https:\/\/yoast.com\/product\/yoast-seo-wordpress\/ -->\n<title>L\u2019OAVCT renforce son administration sous l\u2019impulsion du DG Jocelin Pierre - LA TRIBUNE NEWS<\/title>\n<meta name=\"description\" content=\"L\u2019OAVCT renforce son administration sous l\u2019impulsion du DG Jocelin Pierre\" \/>\n<meta name=\"robots\" content=\"index, follow, max-snippet:-1, max-image-preview:large, max-video-preview:-1\" \/>\n<link rel=\"canonical\" href=\"https:\/\/latribunenews.com\/index.php\/2026\/08\/18\/loavct-renforce-son-administration-sous-limpulsion-du-dg-jocelin-pierre\/\" \/>\n<meta property=\"og:locale\" content=\"en_US\" \/>\n<meta property=\"og:type\" content=\"article\" \/>\n<meta property=\"og:title\" content=\"L\u2019OAVCT renforce son administration sous l\u2019impulsion du DG Jocelin Pierre - LA TRIBUNE NEWS\" \/>\n<meta property=\"og:description\" content=\"L\u2019OAVCT renforce son administration sous l\u2019impulsion du DG Jocelin Pierre\" \/>\n<meta property=\"og:url\" content=\"https:\/\/latribunenews.com\/index.php\/2026\/08\/18\/loavct-renforce-son-administration-sous-limpulsion-du-dg-jocelin-pierre\/\" \/>\n<meta property=\"og:site_name\" content=\"LA TRIBUNE NEWS\" \/>\n<meta property=\"article:published_time\" content=\"2026-08-17T22:05:04+00:00\" \/>\n<meta property=\"og:image\" content=\"https:\/\/latribunenews.com\/wp-content\/uploads\/2026\/08\/IMG_5276.jpeg\" \/>\n\t<meta property=\"og:image:width\" content=\"1899\" \/>\n\t<meta property=\"og:image:height\" content=\"1989\" \/>\n\t<meta property=\"og:image:type\" content=\"image\/jpeg\" \/>\n<meta name=\"author\" content=\"DT\" \/>\n<meta name=\"twitter:card\" content=\"summary_large_image\" \/>\n<meta name=\"twitter:label1\" content=\"Written by\" \/>\n\t<meta name=\"twitter:data1\" content=\"DT\" \/>\n\t<meta name=\"twitter:label2\" content=\"Est. reading time\" \/>\n\t<meta name=\"twitter:data2\" content=\"2 minutes\" \/>\n<script type=\"application\/ld+json\" class=\"yoast-schema-graph\">{\"@context\":\"https:\\\/\\\/schema.org\",\"@graph\":[{\"@type\":\"Article\",\"@id\":\"https:\\\/\\\/latribunenews.com\\\/index.php\\\/2026\\\/08\\\/18\\\/loavct-renforce-son-administration-sous-limpulsion-du-dg-jocelin-pierre\\\/#article\",\"isPartOf\":{\"@id\":\"https:\\\/\\\/latribunenews.com\\\/index.php\\\/2026\\\/08\\\/18\\\/loavct-renforce-son-administration-sous-limpulsion-du-dg-jocelin-pierre\\\/\"},\"author\":{\"name\":\"DT\",\"@id\":\"https:\\\/\\\/latribunenews.com\\\/#\\\/schema\\\/person\\\/92da0f69229960b75a722568f71e196b\"},\"headline\":\"L\u2019OAVCT renforce son administration sous l\u2019impulsion du DG Jocelin Pierre\",\"datePublished\":\"2026-08-17T22:05:04+00:00\",\"mainEntityOfPage\":{\"@id\":\"https:\\\/\\\/latribunenews.com\\\/index.php\\\/2026\\\/08\\\/18\\\/loavct-renforce-son-administration-sous-limpulsion-du-dg-jocelin-pierre\\\/\"},\"wordCount\":412,\"publisher\":{\"@id\":\"https:\\\/\\\/latribunenews.com\\\/#organization\"},\"image\":{\"@id\":\"https:\\\/\\\/latribunenews.com\\\/index.php\\\/2026\\\/08\\\/18\\\/loavct-renforce-son-administration-sous-limpulsion-du-dg-jocelin-pierre\\\/#primaryimage\"},\"thumbnailUrl\":\"https:\\\/\\\/latribunenews.com\\\/wp-content\\\/uploads\\\/2026\\\/08\\\/IMG_5276.jpeg\",\"articleSection\":[\"Actu\"],\"inLanguage\":\"en-US\"},{\"@type\":\"WebPage\",\"@id\":\"https:\\\/\\\/latribunenews.com\\\/index.php\\\/2026\\\/08\\\/18\\\/loavct-renforce-son-administration-sous-limpulsion-du-dg-jocelin-pierre\\\/\",\"url\":\"https:\\\/\\\/latribunenews.com\\\/index.php\\\/2026\\\/08\\\/18\\\/loavct-renforce-son-administration-sous-limpulsion-du-dg-jocelin-pierre\\\/\",\"name\":\"L\u2019OAVCT renforce son administration sous l\u2019impulsion du DG Jocelin Pierre - LA TRIBUNE NEWS\",\"isPartOf\":{\"@id\":\"https:\\\/\\\/latribunenews.com\\\/#website\"},\"primaryImageOfPage\":{\"@id\":\"https:\\\/\\\/latribunenews.com\\\/index.php\\\/2026\\\/08\\\/18\\\/loavct-renforce-son-administration-sous-limpulsion-du-dg-jocelin-pierre\\\/#primaryimage\"},\"image\":{\"@id\":\"https:\\\/\\\/latribunenews.com\\\/index.php\\\/2026\\\/08\\\/18\\\/loavct-renforce-son-administration-sous-limpulsion-du-dg-jocelin-pierre\\\/#primaryimage\"},\"thumbnailUrl\":\"https:\\\/\\\/latribunenews.com\\\/wp-content\\\/uploads\\\/2026\\\/08\\\/IMG_5276.jpeg\",\"datePublished\":\"2026-08-17T22:05:04+00:00\",\"description\":\"L\u2019OAVCT renforce son administration sous l\u2019impulsion du DG Jocelin Pierre\",\"breadcrumb\":{\"@id\":\"https:\\\/\\\/latribunenews.com\\\/index.php\\\/2026\\\/08\\\/18\\\/loavct-renforce-son-administration-sous-limpulsion-du-dg-jocelin-pierre\\\/#breadcrumb\"},\"inLanguage\":\"en-US\",\"potentialAction\":[{\"@type\":\"ReadAction\",\"target\":[\"https:\\\/\\\/latribunenews.com\\\/index.php\\\/2026\\\/08\\\/18\\\/loavct-renforce-son-administration-sous-limpulsion-du-dg-jocelin-pierre\\\/\"]}]},{\"@type\":\"ImageObject\",\"inLanguage\":\"en-US\",\"@id\":\"https:\\\/\\\/latribunenews.com\\\/index.php\\\/2026\\\/08\\\/18\\\/loavct-renforce-son-administration-sous-limpulsion-du-dg-jocelin-pierre\\\/#primaryimage\",\"url\":\"https:\\\/\\\/latribunenews.com\\\/wp-content\\\/uploads\\\/2026\\\/08\\\/IMG_5276.jpeg\",\"contentUrl\":\"https:\\\/\\\/latribunenews.com\\\/wp-content\\\/uploads\\\/2026\\\/08\\\/IMG_5276.jpeg\",\"width\":1899,\"height\":1989},{\"@type\":\"BreadcrumbList\",\"@id\":\"https:\\\/\\\/latribunenews.com\\\/index.php\\\/2026\\\/08\\\/18\\\/loavct-renforce-son-administration-sous-limpulsion-du-dg-jocelin-pierre\\\/#breadcrumb\",\"itemListElement\":[{\"@type\":\"ListItem\",\"position\":1,\"name\":\"Home\",\"item\":\"https:\\\/\\\/latribunenews.com\\\/\"},{\"@type\":\"ListItem\",\"position\":2,\"name\":\"L\u2019OAVCT renforce son administration sous l\u2019impulsion du DG Jocelin Pierre\"}]},{\"@type\":\"WebSite\",\"@id\":\"https:\\\/\\\/latribunenews.com\\\/#website\",\"url\":\"https:\\\/\\\/latribunenews.com\\\/\",\"name\":\"LA TRIBUNE NEWS\",\"description\":\"L&#039;INFO\",\"publisher\":{\"@id\":\"https:\\\/\\\/latribunenews.com\\\/#organization\"},\"potentialAction\":[{\"@type\":\"SearchAction\",\"target\":{\"@type\":\"EntryPoint\",\"urlTemplate\":\"https:\\\/\\\/latribunenews.com\\\/?s={search_term_string}\"},\"query-input\":{\"@type\":\"PropertyValueSpecification\",\"valueRequired\":true,\"valueName\":\"search_term_string\"}}],\"inLanguage\":\"en-US\"},{\"@type\":\"Organization\",\"@id\":\"https:\\\/\\\/latribunenews.com\\\/#organization\",\"name\":\"LA TRIBUNE NEWS\",\"url\":\"https:\\\/\\\/latribunenews.com\\\/\",\"logo\":{\"@type\":\"ImageObject\",\"inLanguage\":\"en-US\",\"@id\":\"https:\\\/\\\/latribunenews.com\\\/#\\\/schema\\\/logo\\\/image\\\/\",\"url\":\"https:\\\/\\\/latribunenews.com\\\/wp-content\\\/uploads\\\/2026\\\/08\\\/cropped-LOGO-LA-TRITUBE.png\",\"contentUrl\":\"https:\\\/\\\/latribunenews.com\\\/wp-content\\\/uploads\\\/2026\\\/08\\\/cropped-LOGO-LA-TRITUBE.png\",\"width\":1254,\"height\":766,\"caption\":\"LA TRIBUNE NEWS\"},\"image\":{\"@id\":\"https:\\\/\\\/latribunenews.com\\\/#\\\/schema\\\/logo\\\/image\\\/\"}},{\"@type\":\"Person\",\"@id\":\"https:\\\/\\\/latribunenews.com\\\/#\\\/schema\\\/person\\\/92da0f69229960b75a722568f71e196b\",\"name\":\"DT\",\"image\":{\"@type\":\"ImageObject\",\"inLanguage\":\"en-US\",\"@id\":\"https:\\\/\\\/secure.gravatar.com\\\/avatar\\\/564304bd5e2461c6598e4998264c8ebdbc06ec8740659b7ad2a983641db37a03?s=96&d=mm&r=g\",\"url\":\"https:\\\/\\\/secure.gravatar.com\\\/avatar\\\/564304bd5e2461c6598e4998264c8ebdbc06ec8740659b7ad2a983641db37a03?s=96&d=mm&r=g\",\"contentUrl\":\"https:\\\/\\\/secure.gravatar.com\\\/avatar\\\/564304bd5e2461c6598e4998264c8ebdbc06ec8740659b7ad2a983641db37a03?s=96&d=mm&r=g\",\"caption\":\"DT\"},\"url\":\"https:\\\/\\\/latribunenews.com\\\/index.php\\\/author\\\/thelusmond\\\/\"}]}<\/script>\n<!-- \/ Yoast SEO plugin. -->","yoast_head_json":{"title":"L\u2019OAVCT renforce son administration sous l\u2019impulsion du DG Jocelin Pierre - LA TRIBUNE NEWS","description":"L\u2019OAVCT renforce son administration sous l\u2019impulsion du DG Jocelin Pierre","robots":{"index":"index","follow":"follow","max-snippet":"max-snippet:-1","max-image-preview":"max-image-preview:large","max-video-preview":"max-video-preview:-1"},"canonical":"https:\/\/latribunenews.com\/index.php\/2026\/08\/18\/loavct-renforce-son-administration-sous-limpulsion-du-dg-jocelin-pierre\/","og_locale":"en_US","og_type":"article","og_title":"L\u2019OAVCT renforce son administration sous l\u2019impulsion du DG Jocelin Pierre - LA TRIBUNE NEWS","og_description":"L\u2019OAVCT renforce son administration sous l\u2019impulsion du DG Jocelin Pierre","og_url":"https:\/\/latribunenews.com\/index.php\/2026\/08\/18\/loavct-renforce-son-administration-sous-limpulsion-du-dg-jocelin-pierre\/","og_site_name":"LA TRIBUNE NEWS","article_published_time":"2026-08-17T22:05:04+00:00","og_image":[{"width":1899,"height":1989,"url":"https:\/\/latribunenews.com\/wp-content\/uploads\/2026\/08\/IMG_5276.jpeg","type":"image\/jpeg"}],"author":"DT","twitter_card":"summary_large_image","twitter_misc":{"Written by":"DT","Est. reading time":"2 minutes"},"schema":{"@context":"https:\/\/schema.org","@graph":[{"@type":"Article","@id":"https:\/\/latribunenews.com\/index.php\/2026\/08\/18\/loavct-renforce-son-administration-sous-limpulsion-du-dg-jocelin-pierre\/#article","isPartOf":{"@id":"https:\/\/latribunenews.com\/index.php\/2026\/08\/18\/loavct-renforce-son-administration-sous-limpulsion-du-dg-jocelin-pierre\/"},"author":{"name":"DT","@id":"https:\/\/latribunenews.com\/#\/schema\/person\/92da0f69229960b75a722568f71e196b"},"headline":"L\u2019OAVCT renforce son administration sous l\u2019impulsion du DG Jocelin Pierre","datePublished":"2026-08-17T22:05:04+00:00","mainEntityOfPage":{"@id":"https:\/\/latribunenews.com\/index.php\/2026\/08\/18\/loavct-renforce-son-administration-sous-limpulsion-du-dg-jocelin-pierre\/"},"wordCount":412,"publisher":{"@id":"https:\/\/latribunenews.com\/#organization"},"image":{"@id":"https:\/\/latribunenews.com\/index.php\/2026\/08\/18\/loavct-renforce-son-administration-sous-limpulsion-du-dg-jocelin-pierre\/#primaryimage"},"thumbnailUrl":"https:\/\/latribunenews.com\/wp-content\/uploads\/2026\/08\/IMG_5276.jpeg","articleSection":["Actu"],"inLanguage":"en-US"},{"@type":"WebPage","@id":"https:\/\/latribunenews.com\/index.php\/2026\/08\/18\/loavct-renforce-son-administration-sous-limpulsion-du-dg-jocelin-pierre\/","url":"https:\/\/latribunenews.com\/index.php\/2026\/08\/18\/loavct-renforce-son-administration-sous-limpulsion-du-dg-jocelin-pierre\/","name":"L\u2019OAVCT renforce son administration sous l\u2019impulsion du DG Jocelin Pierre - LA TRIBUNE NEWS","isPartOf":{"@id":"https:\/\/latribunenews.com\/#website"},"primaryImageOfPage":{"@id":"https:\/\/latribunenews.com\/index.php\/2026\/08\/18\/loavct-renforce-son-administration-sous-limpulsion-du-dg-jocelin-pierre\/#primaryimage"},"image":{"@id":"https:\/\/latribunenews.com\/index.php\/2026\/08\/18\/loavct-renforce-son-administration-sous-limpulsion-du-dg-jocelin-pierre\/#primaryimage"},"thumbnailUrl":"https:\/\/latribunenews.com\/wp-content\/uploads\/2026\/08\/IMG_5276.jpeg","datePublished":"2026-08-17T22:05:04+00:00","description":"L\u2019OAVCT renforce son administration sous l\u2019impulsion du DG Jocelin Pierre","breadcrumb":{"@id":"https:\/\/latribunenews.com\/index.php\/2026\/08\/18\/loavct-renforce-son-administration-sous-limpulsion-du-dg-jocelin-pierre\/#breadcrumb"},"inLanguage":"en-US","potentialAction":[{"@type":"ReadAction","target":["https:\/\/latribunenews.com\/index.php\/2026\/08\/18\/loavct-renforce-son-administration-sous-limpulsion-du-dg-jocelin-pierre\/"]}]},{"@type":"ImageObject","inLanguage":"en-US","@id":"https:\/\/latribunenews.com\/index.php\/2026\/08\/18\/loavct-renforce-son-administration-sous-limpulsion-du-dg-jocelin-pierre\/#primaryimage","url":"https:\/\/latribunenews.com\/wp-content\/uploads\/2026\/08\/IMG_5276.jpeg","contentUrl":"https:\/\/latribunenews.com\/wp-content\/uploads\/2026\/08\/IMG_5276.jpeg","width":1899,"height":1989},{"@type":"BreadcrumbList","@id":"https:\/\/latribunenews.com\/index.php\/2026\/08\/18\/loavct-renforce-son-administration-sous-limpulsion-du-dg-jocelin-pierre\/#breadcrumb","itemListElement":[{"@type":"ListItem","position":1,"name":"Home","item":"https:\/\/latribunenews.com\/"},{"@type":"ListItem","position":2,"name":"L\u2019OAVCT renforce son administration sous l\u2019impulsion du DG Jocelin Pierre"}]},{"@type":"WebSite","@id":"https:\/\/latribunenews.com\/#website","url":"https:\/\/latribunenews.com\/","name":"LA TRIBUNE NEWS","description":"L&#039;INFO","publisher":{"@id":"https:\/\/latribunenews.com\/#organization"},"potentialAction":[{"@type":"SearchAction","target":{"@type":"EntryPoint","urlTemplate":"https:\/\/latribunenews.com\/?s={search_term_string}"},"query-input":{"@type":"PropertyValueSpecification","valueRequired":true,"valueName":"search_term_string"}}],"inLanguage":"en-US"},{"@type":"Organization","@id":"https:\/\/latribunenews.com\/#organization","name":"LA TRIBUNE NEWS","url":"https:\/\/latribunenews.com\/","logo":{"@type":"ImageObject","inLanguage":"en-US","@id":"https:\/\/latribunenews.com\/#\/schema\/logo\/image\/","url":"https:\/\/latribunenews.com\/wp-content\/uploads\/2026\/08\/cropped-LOGO-LA-TRITUBE.png","contentUrl":"https:\/\/latribunenews.com\/wp-content\/uploads\/2026\/08\/cropped-LOGO-LA-TRITUBE.png","width":1254,"height":766,"caption":"LA TRIBUNE NEWS"},"image":{"@id":"https:\/\/latribunenews.com\/#\/schema\/logo\/image\/"}},{"@type":"Person","@id":"https:\/\/latribunenews.com\/#\/schema\/person\/92da0f69229960b75a722568f71e196b","name":"DT","image":{"@type":"ImageObject","inLanguage":"en-US","@id":"https:\/\/secure.gravatar.com\/avatar\/564304bd5e2461c6598e4998264c8ebdbc06ec8740659b7ad2a983641db37a03?s=96&d=mm&r=g","url":"https:\/\/secure.gravatar.com\/avatar\/564304bd5e2461c6598e4998264c8ebdbc06ec8740659b7ad2a983641db37a03?s=96&d=mm&r=g","contentUrl":"https:\/\/secure.gravatar.com\/avatar\/564304bd5e2461c6598e4998264c8ebdbc06ec8740659b7ad2a983641db37a03?s=96&d=mm&r=g","caption":"DT"},"url":"https:\/\/latribunenews.com\/index.php\/author\/thelusmond\/"}]}},"_links":{"self":[{"href":"https:\/\/latribunenews.com\/index.php\/wp-json\/wp\/v2\/posts\/1859","targetHints":{"allow":["GET"]}}],"collection":[{"href":"https:\/\/latribunenews.com\/index.php\/wp-json\/wp\/v2\/posts"}],"about":[{"href":"https:\/\/latribunenews.com\/index.php\/wp-json\/wp\/v2\/types\/post"}],"author":[{"embeddable":true,"href":"https:\/\/latribunenews.com\/index.php\/wp-json\/wp\/v2\/users\/2"}],"replies":[{"embeddable":true,"href":"https:\/\/latribunenews.com\/index.php\/wp-json\/wp\/v2\/comments?post=1859"}],"version-history":[{"count":1,"href":"https:\/\/latribunenews.com\/index.php\/wp-json\/wp\/v2\/posts\/1859\/revisions"}],"predecessor-version":[{"id":1861,"href":"https:\/\/latribunenews.com\/index.php\/wp-json\/wp\/v2\/posts\/1859\/revisions\/1861"}],"wp:featuredmedia":[{"embeddable":true,"href":"https:\/\/latribunenews.com\/index.php\/wp-json\/wp\/v2\/media\/1860"}],"wp:attachment":[{"href":"https:\/\/latribunenews.com\/index.php\/wp-json\/wp\/v2\/media?parent=1859"}],"wp:term":[{"taxonomy":"category","embeddable":true,"href":"https:\/\/latribunenews.com\/index.php\/wp-json\/wp\/v2\/categories?post=1859"},{"taxonomy":"post_tag","embeddable":true,"href":"https:\/\/latribunenews.com\/index.php\/wp-json\/wp\/v2\/tags?post=1859"}],"curies":[{"name":"wp","href":"https:\/\/api.w.org\/{rel}","templated":true}]}}