{"id":1844,"date":"2026-08-13T04:24:16","date_gmt":"2026-08-13T02:24:16","guid":{"rendered":"https:\/\/latribunenews.com\/?p=1844"},"modified":"2026-08-13T04:24:16","modified_gmt":"2026-08-13T02:24:16","slug":"elections-senatoriales-34-potentiels-candidats-se-positionnent-dans-le-nord","status":"publish","type":"post","link":"https:\/\/latribunenews.com\/index.php\/2026\/08\/13\/elections-senatoriales-34-potentiels-candidats-se-positionnent-dans-le-nord\/","title":{"rendered":"\u00c9lections s\u00e9natoriales : 34 potentiels candidats se positionnent dans le Nord"},"content":{"rendered":"<p class=\"p1\"><strong><span class=\"s2\">C&#8217;est \u00c0 l\u2019approche des prochaines \u00e9ch\u00e9ances \u00e9lectorales, la course au S\u00e9nat s\u2019annonce particuli\u00e8rement disput\u00e9e dans le d\u00e9partement du Nord. Trente-quatre personnalit\u00e9s sont actuellement cit\u00e9es comme <\/span><span class=\"s1\">potentiels candidats<\/span><span class=\"s2\"> au S\u00e9nat pour le d\u00e9partement, selon les informations politiques disponibles sur le terrain.<\/span><\/strong><\/p>\n<p class=\"p1\"><span class=\"s2\">Le Conseil \u00e9lectoral provisoire (CEP) a officiellement publi\u00e9, le 27 juillet 2026, son calendrier \u00e9lectoral 2026-2027. Celui-ci pr\u00e9voit le <\/span><span class=\"s1\">13 d\u00e9cembre 2026<\/span><span class=\"s2\"> pour le premier tour de l\u2019\u00e9lection pr\u00e9sidentielle et des l\u00e9gislatives, ainsi que pour la ratification populaire des changements propos\u00e9s \u00e0 la Constitution. Le CEP pr\u00e9cise toutefois que la tenue effective de ces \u00e9ch\u00e9ances reste li\u00e9e notamment aux conditions de s\u00e9curit\u00e9. <\/span><\/p>\n<p class=\"p1\"><span class=\"s2\">Dans le Nord, plusieurs figures politiques ayant d\u00e9j\u00e0 occup\u00e9 des fonctions \u00e9lectives ou gouvernementales pourraient tenter leur chance, tandis que d\u2019autres cherchent \u00e0 renforcer leur pr\u00e9sence sur le terrain.<\/span><\/p>\n<p class=\"p1\"><span class=\"s2\">Parmi les noms cit\u00e9s figure <\/span><span class=\"s1\">Pascal Adrien<\/span><span class=\"s2\">, pr\u00e9sent\u00e9 comme l\u2019un des potentiels candidats les plus actifs dans le d\u00e9partement depuis 2022. Il a notamment multipli\u00e9 les activit\u00e9s socioculturelles et les initiatives locales, tout en relayant r\u00e9guli\u00e8rement les revendications du d\u00e9partement du Nord.<\/span><\/p>\n<p class=\"p1\"><span class=\"s2\">La liste comprend \u00e9galement <\/span><span class=\"s1\">Mirl\u00e8ne Darius, Muchi Obas, Hugue C\u00e9lestin, Patrique Saintilmar, Bendgy Tilias, Jude Charles Faustin, Renaud Jean-Baptiste et Franck Delmas<\/span><span class=\"s2\">.<\/span><\/p>\n<p class=\"p1\"><span class=\"s1\">Hugue C\u00e9lestin<\/span><span class=\"s2\">, ancien d\u00e9put\u00e9, est lui aussi pr\u00e9sent\u00e9 comme un potentiel pr\u00e9tendant au S\u00e9nat. <\/span><span class=\"s1\">Patrique Saintilmar<\/span><span class=\"s2\">, professeur et syndicaliste, figure \u00e9galement parmi les personnalit\u00e9s cit\u00e9es.<\/span><\/p>\n<p class=\"p1\"><span class=\"s2\">De son c\u00f4t\u00e9, <\/span><span class=\"s1\">Bendgy Tilias<\/span><span class=\"s2\">, ancien secr\u00e9taire d\u2019\u00c9tat \u00e0 la Communication, est annonc\u00e9 comme un autre potentiel candidat. <\/span><span class=\"s1\">Jude Charles Faustin<\/span><span class=\"s2\">, ancien d\u00e9put\u00e9 et ancien secr\u00e9taire g\u00e9n\u00e9ral de la Primature, serait \u00e9galement en train de renforcer sa pr\u00e9sence politique dans le d\u00e9partement, notamment \u00e0 travers des r\u00e9unions politiques organis\u00e9es dans diff\u00e9rentes communes.<\/span><\/p>\n<p class=\"p1\"><span class=\"s2\">La comp\u00e9tition pourrait aussi voir le retour d\u2019anciens s\u00e9nateurs. <\/span><span class=\"s1\">Cemephise Gilles<\/span><span class=\"s2\">, ancienne s\u00e9natrice du Nord, est cit\u00e9e parmi les potentielles candidates. Elle a r\u00e9cemment conclu une alliance politique avec <\/span><span class=\"s1\">Walson Sanon<\/span><span class=\"s2\">. <\/span><span class=\"s1\">Dieudonn\u00e9 Luma \u00c9tienne<\/span><span class=\"s2\">, \u00e9galement pr\u00e9sent\u00e9 comme ancien s\u00e9nateur du Nord, se pr\u00e9pare de son c\u00f4t\u00e9 \u00e0 participer au prochain scrutin s\u00e9natorial.<\/span><\/p>\n<p class=\"p1\"><span class=\"s2\">D\u2019autres personnalit\u00e9s sont cit\u00e9es dans les milieux politiques nordistes : <\/span><span class=\"s1\">Dorvil Jasmin, Marie-Josie \u00c9tienne, Elvire Eug\u00e8ne, Michelet Flor\u00e9al, Th\u00e9odore Saintilus, Sergilus Docteur, Edras Cadet, Jean \u00c9tienne, Frito Aristil, \u00c9ric Senatus, Agro Stenio, Alix Salomon, Louis Ostain, Nawoom Marcelus, Wilkene Valmy, Joseph Thol\u00e8me, Anorld Delva, Justin Metellus, Pierrot Degaul, Ziky Rebeccaline, Eliscia Milfort, M\u00e8t Masmy et Jhon J\u00e9r\u00f4me Jeanty.<\/span><\/p>\n<p class=\"p1\"><span class=\"s2\">Jean \u00c9tienne, ancien d\u00e9put\u00e9 du Cap-Ha\u00eftien, est notamment cit\u00e9 parmi les personnalit\u00e9s qui envisageraient de se porter candidates \u00e0 un si\u00e8ge au S\u00e9nat. Pierrot Degaul, ancien d\u00e9l\u00e9gu\u00e9 d\u00e9partemental du Nord, figure \u00e9galement sur la liste des candidats potentiels.<\/span><\/p>\n<p class=\"p1\"><span class=\"s2\">Plusieurs autres noms de cette liste ont d\u00e9j\u00e0 particip\u00e9 \u00e0 des comp\u00e9titions \u00e9lectorales. <\/span><span class=\"s1\">Dorvil Jasmin, Th\u00e9odore Saintilus, Sergilus Docteur et Edras Cadet<\/span><span class=\"s2\"> sont notamment pr\u00e9sent\u00e9s comme ayant d\u00e9j\u00e0 essuy\u00e9 deux d\u00e9faites lors d\u2019\u00e9lections s\u00e9natoriales dans le Nord.<\/span><\/p>\n<p class=\"p1\"><span class=\"s2\">La p\u00e9riode \u00e0 venir devrait donc permettre de d\u00e9terminer lesquels de ces pr\u00e9tendants confirmeront effectivement leur candidature, sous quelle banni\u00e8re politique et avec quelles alliances.<\/span><\/p>\n<p class=\"p1\"><span class=\"s2\">Avec <\/span><span class=\"s1\">34 noms d\u00e9j\u00e0 \u00e9voqu\u00e9s pour les trois si\u00e8ges s\u00e9natoriaux du Nord<\/span><span class=\"s2\">, la bataille politique s\u2019annonce particuli\u00e8rement ouverte. Les prochaines semaines seront d\u00e9terminantes pour mesurer les rapports de force, les alliances et la capacit\u00e9 de chaque pr\u00e9tendant \u00e0 mobiliser les \u00e9lecteurs du d\u00e9partement.<\/span><\/p>\n","protected":false},"excerpt":{"rendered":"<p>C&#8217;est \u00c0 l\u2019approche des prochaines \u00e9ch\u00e9ances \u00e9lectorales, la course au S\u00e9nat s\u2019annonce particuli\u00e8rement disput\u00e9e dans le d\u00e9partement du Nord. Trente-quatre personnalit\u00e9s sont actuellement cit\u00e9es comme potentiels candidats au S\u00e9nat pour&hellip;<\/p>\n","protected":false},"author":2,"featured_media":1845,"comment_status":"closed","ping_status":"closed","sticky":false,"template":"","format":"standard","meta":{"footnotes":""},"categories":[1],"tags":[],"class_list":["post-1844","post","type-post","status-publish","format-standard","has-post-thumbnail","hentry","category-actu"],"yoast_head":"<!-- This site is optimized with the Yoast SEO plugin v28.3 - https:\/\/yoast.com\/product\/yoast-seo-wordpress\/ -->\n<title>\u00c9lections s\u00e9natoriales : 34 potentiels candidats se positionnent dans le Nord - LA TRIBUNE NEWS<\/title>\n<meta name=\"description\" content=\"\u00c9lections s\u00e9natoriales : 34 potentiels candidats se positionnent dans le Nord\" \/>\n<meta name=\"robots\" content=\"index, follow, max-snippet:-1, max-image-preview:large, max-video-preview:-1\" \/>\n<link rel=\"canonical\" href=\"https:\/\/latribunenews.com\/index.php\/2026\/08\/13\/elections-senatoriales-34-potentiels-candidats-se-positionnent-dans-le-nord\/\" \/>\n<meta property=\"og:locale\" content=\"en_US\" \/>\n<meta property=\"og:type\" content=\"article\" \/>\n<meta property=\"og:title\" content=\"\u00c9lections s\u00e9natoriales : 34 potentiels candidats se positionnent dans le Nord - LA TRIBUNE NEWS\" \/>\n<meta property=\"og:description\" content=\"\u00c9lections s\u00e9natoriales : 34 potentiels candidats se positionnent dans le Nord\" \/>\n<meta property=\"og:url\" content=\"https:\/\/latribunenews.com\/index.php\/2026\/08\/13\/elections-senatoriales-34-potentiels-candidats-se-positionnent-dans-le-nord\/\" \/>\n<meta property=\"og:site_name\" content=\"LA TRIBUNE NEWS\" \/>\n<meta property=\"article:published_time\" content=\"2026-08-13T02:24:16+00:00\" \/>\n<meta property=\"og:image\" content=\"https:\/\/latribunenews.com\/wp-content\/uploads\/2026\/08\/99770A9D-6E94-4C35-9281-44467EE9A5D6-scaled.jpeg\" \/>\n\t<meta property=\"og:image:width\" content=\"2560\" \/>\n\t<meta property=\"og:image:height\" content=\"2560\" \/>\n\t<meta property=\"og:image:type\" content=\"image\/jpeg\" \/>\n<meta name=\"author\" content=\"DT\" \/>\n<meta name=\"twitter:card\" content=\"summary_large_image\" \/>\n<meta name=\"twitter:label1\" content=\"Written by\" \/>\n\t<meta name=\"twitter:data1\" content=\"DT\" \/>\n\t<meta name=\"twitter:label2\" content=\"Est. reading time\" \/>\n\t<meta name=\"twitter:data2\" content=\"3 minutes\" \/>\n<script type=\"application\/ld+json\" class=\"yoast-schema-graph\">{\"@context\":\"https:\\\/\\\/schema.org\",\"@graph\":[{\"@type\":\"Article\",\"@id\":\"https:\\\/\\\/latribunenews.com\\\/index.php\\\/2026\\\/08\\\/13\\\/elections-senatoriales-34-potentiels-candidats-se-positionnent-dans-le-nord\\\/#article\",\"isPartOf\":{\"@id\":\"https:\\\/\\\/latribunenews.com\\\/index.php\\\/2026\\\/08\\\/13\\\/elections-senatoriales-34-potentiels-candidats-se-positionnent-dans-le-nord\\\/\"},\"author\":{\"name\":\"DT\",\"@id\":\"https:\\\/\\\/latribunenews.com\\\/#\\\/schema\\\/person\\\/92da0f69229960b75a722568f71e196b\"},\"headline\":\"\u00c9lections s\u00e9natoriales : 34 potentiels candidats se positionnent dans le Nord\",\"datePublished\":\"2026-08-13T02:24:16+00:00\",\"mainEntityOfPage\":{\"@id\":\"https:\\\/\\\/latribunenews.com\\\/index.php\\\/2026\\\/08\\\/13\\\/elections-senatoriales-34-potentiels-candidats-se-positionnent-dans-le-nord\\\/\"},\"wordCount\":623,\"publisher\":{\"@id\":\"https:\\\/\\\/latribunenews.com\\\/#organization\"},\"image\":{\"@id\":\"https:\\\/\\\/latribunenews.com\\\/index.php\\\/2026\\\/08\\\/13\\\/elections-senatoriales-34-potentiels-candidats-se-positionnent-dans-le-nord\\\/#primaryimage\"},\"thumbnailUrl\":\"https:\\\/\\\/latribunenews.com\\\/wp-content\\\/uploads\\\/2026\\\/08\\\/99770A9D-6E94-4C35-9281-44467EE9A5D6-scaled.jpeg\",\"articleSection\":[\"Actu\"],\"inLanguage\":\"en-US\"},{\"@type\":\"WebPage\",\"@id\":\"https:\\\/\\\/latribunenews.com\\\/index.php\\\/2026\\\/08\\\/13\\\/elections-senatoriales-34-potentiels-candidats-se-positionnent-dans-le-nord\\\/\",\"url\":\"https:\\\/\\\/latribunenews.com\\\/index.php\\\/2026\\\/08\\\/13\\\/elections-senatoriales-34-potentiels-candidats-se-positionnent-dans-le-nord\\\/\",\"name\":\"\u00c9lections s\u00e9natoriales : 34 potentiels candidats se positionnent dans le Nord - LA TRIBUNE NEWS\",\"isPartOf\":{\"@id\":\"https:\\\/\\\/latribunenews.com\\\/#website\"},\"primaryImageOfPage\":{\"@id\":\"https:\\\/\\\/latribunenews.com\\\/index.php\\\/2026\\\/08\\\/13\\\/elections-senatoriales-34-potentiels-candidats-se-positionnent-dans-le-nord\\\/#primaryimage\"},\"image\":{\"@id\":\"https:\\\/\\\/latribunenews.com\\\/index.php\\\/2026\\\/08\\\/13\\\/elections-senatoriales-34-potentiels-candidats-se-positionnent-dans-le-nord\\\/#primaryimage\"},\"thumbnailUrl\":\"https:\\\/\\\/latribunenews.com\\\/wp-content\\\/uploads\\\/2026\\\/08\\\/99770A9D-6E94-4C35-9281-44467EE9A5D6-scaled.jpeg\",\"datePublished\":\"2026-08-13T02:24:16+00:00\",\"description\":\"\u00c9lections s\u00e9natoriales : 34 potentiels candidats se positionnent dans le Nord\",\"breadcrumb\":{\"@id\":\"https:\\\/\\\/latribunenews.com\\\/index.php\\\/2026\\\/08\\\/13\\\/elections-senatoriales-34-potentiels-candidats-se-positionnent-dans-le-nord\\\/#breadcrumb\"},\"inLanguage\":\"en-US\",\"potentialAction\":[{\"@type\":\"ReadAction\",\"target\":[\"https:\\\/\\\/latribunenews.com\\\/index.php\\\/2026\\\/08\\\/13\\\/elections-senatoriales-34-potentiels-candidats-se-positionnent-dans-le-nord\\\/\"]}]},{\"@type\":\"ImageObject\",\"inLanguage\":\"en-US\",\"@id\":\"https:\\\/\\\/latribunenews.com\\\/index.php\\\/2026\\\/08\\\/13\\\/elections-senatoriales-34-potentiels-candidats-se-positionnent-dans-le-nord\\\/#primaryimage\",\"url\":\"https:\\\/\\\/latribunenews.com\\\/wp-content\\\/uploads\\\/2026\\\/08\\\/99770A9D-6E94-4C35-9281-44467EE9A5D6-scaled.jpeg\",\"contentUrl\":\"https:\\\/\\\/latribunenews.com\\\/wp-content\\\/uploads\\\/2026\\\/08\\\/99770A9D-6E94-4C35-9281-44467EE9A5D6-scaled.jpeg\",\"width\":2560,\"height\":2560},{\"@type\":\"BreadcrumbList\",\"@id\":\"https:\\\/\\\/latribunenews.com\\\/index.php\\\/2026\\\/08\\\/13\\\/elections-senatoriales-34-potentiels-candidats-se-positionnent-dans-le-nord\\\/#breadcrumb\",\"itemListElement\":[{\"@type\":\"ListItem\",\"position\":1,\"name\":\"Home\",\"item\":\"https:\\\/\\\/latribunenews.com\\\/\"},{\"@type\":\"ListItem\",\"position\":2,\"name\":\"\u00c9lections s\u00e9natoriales : 34 potentiels candidats se positionnent dans le Nord\"}]},{\"@type\":\"WebSite\",\"@id\":\"https:\\\/\\\/latribunenews.com\\\/#website\",\"url\":\"https:\\\/\\\/latribunenews.com\\\/\",\"name\":\"LA TRIBUNE NEWS\",\"description\":\"L&#039;INFO\",\"publisher\":{\"@id\":\"https:\\\/\\\/latribunenews.com\\\/#organization\"},\"potentialAction\":[{\"@type\":\"SearchAction\",\"target\":{\"@type\":\"EntryPoint\",\"urlTemplate\":\"https:\\\/\\\/latribunenews.com\\\/?s={search_term_string}\"},\"query-input\":{\"@type\":\"PropertyValueSpecification\",\"valueRequired\":true,\"valueName\":\"search_term_string\"}}],\"inLanguage\":\"en-US\"},{\"@type\":\"Organization\",\"@id\":\"https:\\\/\\\/latribunenews.com\\\/#organization\",\"name\":\"LA TRIBUNE NEWS\",\"url\":\"https:\\\/\\\/latribunenews.com\\\/\",\"logo\":{\"@type\":\"ImageObject\",\"inLanguage\":\"en-US\",\"@id\":\"https:\\\/\\\/latribunenews.com\\\/#\\\/schema\\\/logo\\\/image\\\/\",\"url\":\"https:\\\/\\\/latribunenews.com\\\/wp-content\\\/uploads\\\/2026\\\/08\\\/cropped-LOGO-LA-TRITUBE.png\",\"contentUrl\":\"https:\\\/\\\/latribunenews.com\\\/wp-content\\\/uploads\\\/2026\\\/08\\\/cropped-LOGO-LA-TRITUBE.png\",\"width\":1254,\"height\":766,\"caption\":\"LA TRIBUNE NEWS\"},\"image\":{\"@id\":\"https:\\\/\\\/latribunenews.com\\\/#\\\/schema\\\/logo\\\/image\\\/\"}},{\"@type\":\"Person\",\"@id\":\"https:\\\/\\\/latribunenews.com\\\/#\\\/schema\\\/person\\\/92da0f69229960b75a722568f71e196b\",\"name\":\"DT\",\"image\":{\"@type\":\"ImageObject\",\"inLanguage\":\"en-US\",\"@id\":\"https:\\\/\\\/secure.gravatar.com\\\/avatar\\\/564304bd5e2461c6598e4998264c8ebdbc06ec8740659b7ad2a983641db37a03?s=96&d=mm&r=g\",\"url\":\"https:\\\/\\\/secure.gravatar.com\\\/avatar\\\/564304bd5e2461c6598e4998264c8ebdbc06ec8740659b7ad2a983641db37a03?s=96&d=mm&r=g\",\"contentUrl\":\"https:\\\/\\\/secure.gravatar.com\\\/avatar\\\/564304bd5e2461c6598e4998264c8ebdbc06ec8740659b7ad2a983641db37a03?s=96&d=mm&r=g\",\"caption\":\"DT\"},\"url\":\"https:\\\/\\\/latribunenews.com\\\/index.php\\\/author\\\/thelusmond\\\/\"}]}<\/script>\n<!-- \/ Yoast SEO plugin. -->","yoast_head_json":{"title":"\u00c9lections s\u00e9natoriales : 34 potentiels candidats se positionnent dans le Nord - LA TRIBUNE NEWS","description":"\u00c9lections s\u00e9natoriales : 34 potentiels candidats se positionnent dans le Nord","robots":{"index":"index","follow":"follow","max-snippet":"max-snippet:-1","max-image-preview":"max-image-preview:large","max-video-preview":"max-video-preview:-1"},"canonical":"https:\/\/latribunenews.com\/index.php\/2026\/08\/13\/elections-senatoriales-34-potentiels-candidats-se-positionnent-dans-le-nord\/","og_locale":"en_US","og_type":"article","og_title":"\u00c9lections s\u00e9natoriales : 34 potentiels candidats se positionnent dans le Nord - LA TRIBUNE NEWS","og_description":"\u00c9lections s\u00e9natoriales : 34 potentiels candidats se positionnent dans le Nord","og_url":"https:\/\/latribunenews.com\/index.php\/2026\/08\/13\/elections-senatoriales-34-potentiels-candidats-se-positionnent-dans-le-nord\/","og_site_name":"LA TRIBUNE NEWS","article_published_time":"2026-08-13T02:24:16+00:00","og_image":[{"width":2560,"height":2560,"url":"https:\/\/latribunenews.com\/wp-content\/uploads\/2026\/08\/99770A9D-6E94-4C35-9281-44467EE9A5D6-scaled.jpeg","type":"image\/jpeg"}],"author":"DT","twitter_card":"summary_large_image","twitter_misc":{"Written by":"DT","Est. reading time":"3 minutes"},"schema":{"@context":"https:\/\/schema.org","@graph":[{"@type":"Article","@id":"https:\/\/latribunenews.com\/index.php\/2026\/08\/13\/elections-senatoriales-34-potentiels-candidats-se-positionnent-dans-le-nord\/#article","isPartOf":{"@id":"https:\/\/latribunenews.com\/index.php\/2026\/08\/13\/elections-senatoriales-34-potentiels-candidats-se-positionnent-dans-le-nord\/"},"author":{"name":"DT","@id":"https:\/\/latribunenews.com\/#\/schema\/person\/92da0f69229960b75a722568f71e196b"},"headline":"\u00c9lections s\u00e9natoriales : 34 potentiels candidats se positionnent dans le Nord","datePublished":"2026-08-13T02:24:16+00:00","mainEntityOfPage":{"@id":"https:\/\/latribunenews.com\/index.php\/2026\/08\/13\/elections-senatoriales-34-potentiels-candidats-se-positionnent-dans-le-nord\/"},"wordCount":623,"publisher":{"@id":"https:\/\/latribunenews.com\/#organization"},"image":{"@id":"https:\/\/latribunenews.com\/index.php\/2026\/08\/13\/elections-senatoriales-34-potentiels-candidats-se-positionnent-dans-le-nord\/#primaryimage"},"thumbnailUrl":"https:\/\/latribunenews.com\/wp-content\/uploads\/2026\/08\/99770A9D-6E94-4C35-9281-44467EE9A5D6-scaled.jpeg","articleSection":["Actu"],"inLanguage":"en-US"},{"@type":"WebPage","@id":"https:\/\/latribunenews.com\/index.php\/2026\/08\/13\/elections-senatoriales-34-potentiels-candidats-se-positionnent-dans-le-nord\/","url":"https:\/\/latribunenews.com\/index.php\/2026\/08\/13\/elections-senatoriales-34-potentiels-candidats-se-positionnent-dans-le-nord\/","name":"\u00c9lections s\u00e9natoriales : 34 potentiels candidats se positionnent dans le Nord - LA TRIBUNE NEWS","isPartOf":{"@id":"https:\/\/latribunenews.com\/#website"},"primaryImageOfPage":{"@id":"https:\/\/latribunenews.com\/index.php\/2026\/08\/13\/elections-senatoriales-34-potentiels-candidats-se-positionnent-dans-le-nord\/#primaryimage"},"image":{"@id":"https:\/\/latribunenews.com\/index.php\/2026\/08\/13\/elections-senatoriales-34-potentiels-candidats-se-positionnent-dans-le-nord\/#primaryimage"},"thumbnailUrl":"https:\/\/latribunenews.com\/wp-content\/uploads\/2026\/08\/99770A9D-6E94-4C35-9281-44467EE9A5D6-scaled.jpeg","datePublished":"2026-08-13T02:24:16+00:00","description":"\u00c9lections s\u00e9natoriales : 34 potentiels candidats se positionnent dans le Nord","breadcrumb":{"@id":"https:\/\/latribunenews.com\/index.php\/2026\/08\/13\/elections-senatoriales-34-potentiels-candidats-se-positionnent-dans-le-nord\/#breadcrumb"},"inLanguage":"en-US","potentialAction":[{"@type":"ReadAction","target":["https:\/\/latribunenews.com\/index.php\/2026\/08\/13\/elections-senatoriales-34-potentiels-candidats-se-positionnent-dans-le-nord\/"]}]},{"@type":"ImageObject","inLanguage":"en-US","@id":"https:\/\/latribunenews.com\/index.php\/2026\/08\/13\/elections-senatoriales-34-potentiels-candidats-se-positionnent-dans-le-nord\/#primaryimage","url":"https:\/\/latribunenews.com\/wp-content\/uploads\/2026\/08\/99770A9D-6E94-4C35-9281-44467EE9A5D6-scaled.jpeg","contentUrl":"https:\/\/latribunenews.com\/wp-content\/uploads\/2026\/08\/99770A9D-6E94-4C35-9281-44467EE9A5D6-scaled.jpeg","width":2560,"height":2560},{"@type":"BreadcrumbList","@id":"https:\/\/latribunenews.com\/index.php\/2026\/08\/13\/elections-senatoriales-34-potentiels-candidats-se-positionnent-dans-le-nord\/#breadcrumb","itemListElement":[{"@type":"ListItem","position":1,"name":"Home","item":"https:\/\/latribunenews.com\/"},{"@type":"ListItem","position":2,"name":"\u00c9lections s\u00e9natoriales : 34 potentiels candidats se positionnent dans le Nord"}]},{"@type":"WebSite","@id":"https:\/\/latribunenews.com\/#website","url":"https:\/\/latribunenews.com\/","name":"LA TRIBUNE NEWS","description":"L&#039;INFO","publisher":{"@id":"https:\/\/latribunenews.com\/#organization"},"potentialAction":[{"@type":"SearchAction","target":{"@type":"EntryPoint","urlTemplate":"https:\/\/latribunenews.com\/?s={search_term_string}"},"query-input":{"@type":"PropertyValueSpecification","valueRequired":true,"valueName":"search_term_string"}}],"inLanguage":"en-US"},{"@type":"Organization","@id":"https:\/\/latribunenews.com\/#organization","name":"LA TRIBUNE NEWS","url":"https:\/\/latribunenews.com\/","logo":{"@type":"ImageObject","inLanguage":"en-US","@id":"https:\/\/latribunenews.com\/#\/schema\/logo\/image\/","url":"https:\/\/latribunenews.com\/wp-content\/uploads\/2026\/08\/cropped-LOGO-LA-TRITUBE.png","contentUrl":"https:\/\/latribunenews.com\/wp-content\/uploads\/2026\/08\/cropped-LOGO-LA-TRITUBE.png","width":1254,"height":766,"caption":"LA TRIBUNE NEWS"},"image":{"@id":"https:\/\/latribunenews.com\/#\/schema\/logo\/image\/"}},{"@type":"Person","@id":"https:\/\/latribunenews.com\/#\/schema\/person\/92da0f69229960b75a722568f71e196b","name":"DT","image":{"@type":"ImageObject","inLanguage":"en-US","@id":"https:\/\/secure.gravatar.com\/avatar\/564304bd5e2461c6598e4998264c8ebdbc06ec8740659b7ad2a983641db37a03?s=96&d=mm&r=g","url":"https:\/\/secure.gravatar.com\/avatar\/564304bd5e2461c6598e4998264c8ebdbc06ec8740659b7ad2a983641db37a03?s=96&d=mm&r=g","contentUrl":"https:\/\/secure.gravatar.com\/avatar\/564304bd5e2461c6598e4998264c8ebdbc06ec8740659b7ad2a983641db37a03?s=96&d=mm&r=g","caption":"DT"},"url":"https:\/\/latribunenews.com\/index.php\/author\/thelusmond\/"}]}},"_links":{"self":[{"href":"https:\/\/latribunenews.com\/index.php\/wp-json\/wp\/v2\/posts\/1844","targetHints":{"allow":["GET"]}}],"collection":[{"href":"https:\/\/latribunenews.com\/index.php\/wp-json\/wp\/v2\/posts"}],"about":[{"href":"https:\/\/latribunenews.com\/index.php\/wp-json\/wp\/v2\/types\/post"}],"author":[{"embeddable":true,"href":"https:\/\/latribunenews.com\/index.php\/wp-json\/wp\/v2\/users\/2"}],"replies":[{"embeddable":true,"href":"https:\/\/latribunenews.com\/index.php\/wp-json\/wp\/v2\/comments?post=1844"}],"version-history":[{"count":1,"href":"https:\/\/latribunenews.com\/index.php\/wp-json\/wp\/v2\/posts\/1844\/revisions"}],"predecessor-version":[{"id":1846,"href":"https:\/\/latribunenews.com\/index.php\/wp-json\/wp\/v2\/posts\/1844\/revisions\/1846"}],"wp:featuredmedia":[{"embeddable":true,"href":"https:\/\/latribunenews.com\/index.php\/wp-json\/wp\/v2\/media\/1845"}],"wp:attachment":[{"href":"https:\/\/latribunenews.com\/index.php\/wp-json\/wp\/v2\/media?parent=1844"}],"wp:term":[{"taxonomy":"category","embeddable":true,"href":"https:\/\/latribunenews.com\/index.php\/wp-json\/wp\/v2\/categories?post=1844"},{"taxonomy":"post_tag","embeddable":true,"href":"https:\/\/latribunenews.com\/index.php\/wp-json\/wp\/v2\/tags?post=1844"}],"curies":[{"name":"wp","href":"https:\/\/api.w.org\/{rel}","templated":true}]}}